{"id":232300,"date":"2025-09-07T19:07:41","date_gmt":"2025-09-07T16:07:41","guid":{"rendered":"https:\/\/www.tgrthaber.com\/mavikadin\/?p=232300"},"modified":"2025-09-07T21:19:49","modified_gmt":"2025-09-07T18:19:49","slug":"7-eylul-2025-masterchef-yedeklerden-ana-kadroya-kim-girdi-7-eylul-2025-masterchef-yedeklerden-ana-kadroya-giren-5-yarismaci-kisi-kim","status":"publish","type":"post","link":"https:\/\/www.tgrthaber.com\/mavikadin\/7-eylul-2025-masterchef-yedeklerden-ana-kadroya-kim-girdi-7-eylul-2025-masterchef-yedeklerden-ana-kadroya-giren-5-yarismaci-kisi-kim\/","title":{"rendered":"7 Eyl\u00fcl 2025 MasterChef yedeklerden ana kadroya kim girdi? 7 Eyl\u00fcl 2025 MasterChef yedeklerden ana kadroya giren 5. yar\u0131\u015fmac\u0131 ki\u015fi kim?"},"content":{"rendered":"<p>MasterChef T\u00fcrkiye 2025 yar\u0131\u015fmas\u0131 6. Haftas\u0131nda yeni bir yar\u0131\u015fmac\u0131 ile ba\u015flayacak. Ana kadro ekibine girmek i\u00e7in her hafta m\u00fccadele eden MasterChef T\u00fcrkiye 2025 yedek yar\u0131\u015fmac\u0131lar\u0131 bu ak\u015fam bir kez daha tezgah ba\u015f\u0131na ge\u00e7ecekler. 7 Eyl\u00fcl 2025 ak\u015fam\u0131 yay\u0131nlanacak olan b\u00f6l\u00fcmde tek bir tur tek bir yar\u0131\u015fmac\u0131 ana kadroya girecek. Peki, 7 Eyl\u00fcl 2025 MasterChef yedeklerden ana kadroya kim girdi? 7 Eyl\u00fcl 2025 MasterChef yedeklerden ana kadroya giren 5. yar\u0131\u015fmac\u0131 ki\u015fi kim?<\/p>\n<h3>7 EYL\u00dcL 2025 MASTERCHEF YEDEKLERDEN ANA KADROYA K\u0130M G\u0130RD\u0130?<\/h3>\n<p>MasterChef 2025 yar\u0131\u015fmas\u0131nda rekabet, h\u0131rs ve lezzetin \u00f6n planda yer al\u0131rken, yar\u0131\u015fmac\u0131lar her ak\u015fam h\u00fcnerlerini sergilemeye devam ediyor. Yedek yar\u0131\u015fmac\u0131lar ana kadroya girmek i\u00e7in bu ak\u015fam ter d\u00f6kecek.<\/p>\n<p><img loading=\"lazy\" decoding=\"async\" class=\"alignnone wp-image-232301 size-full\" src=\"https:\/\/www.tgrthaber.com\/mavikadin\/wp-content\/uploads\/Adsiz-tasarim-229.jpg\" alt=\"\" width=\"1208\" height=\"680\" title=\"\" srcset=\"https:\/\/www.tgrthaber.com\/mavikadin\/wp-content\/uploads\/Adsiz-tasarim-229.jpg 1208w, https:\/\/www.tgrthaber.com\/mavikadin\/wp-content\/uploads\/Adsiz-tasarim-229-300x169.jpg 300w, https:\/\/www.tgrthaber.com\/mavikadin\/wp-content\/uploads\/Adsiz-tasarim-229-1024x576.jpg 1024w, https:\/\/www.tgrthaber.com\/mavikadin\/wp-content\/uploads\/Adsiz-tasarim-229-768x432.jpg 768w\" sizes=\"(max-width: 1208px) 100vw, 1208px\" \/><\/p>\n<hr \/>\n<p>Tek bir tur da yapacaklar\u0131 ci\u011fer sarma yeme\u011fiyle bir yar\u0131\u015fmac\u0131 ana kadroya girmek i\u00e7in hak kazanacak.\u00a0 7 Eyl\u00fcl 2025 MasterChef yedeklerden ana kadroya Muratcan Akp\u0131nar girdi.<\/p>\n<p><img loading=\"lazy\" decoding=\"async\" class=\"alignnone wp-image-232302 size-full\" src=\"https:\/\/www.tgrthaber.com\/mavikadin\/wp-content\/uploads\/Adsiz-tasarim-1-93.jpg\" alt=\"\" width=\"1208\" height=\"680\" title=\"\" srcset=\"https:\/\/www.tgrthaber.com\/mavikadin\/wp-content\/uploads\/Adsiz-tasarim-1-93.jpg 1208w, https:\/\/www.tgrthaber.com\/mavikadin\/wp-content\/uploads\/Adsiz-tasarim-1-93-300x169.jpg 300w, https:\/\/www.tgrthaber.com\/mavikadin\/wp-content\/uploads\/Adsiz-tasarim-1-93-1024x576.jpg 1024w, https:\/\/www.tgrthaber.com\/mavikadin\/wp-content\/uploads\/Adsiz-tasarim-1-93-768x432.jpg 768w\" sizes=\"(max-width: 1208px) 100vw, 1208px\" \/><\/p>\n<hr \/>\n<h3>7 EYL\u00dcL 2025 MASTERCHEF YEDEKLERDEN ANA KADROYA G\u0130REN 5. YARI\u015eMACI K\u0130M?<\/h3>\n<p>MasterChef 2025 yedek yar\u0131\u015fmac\u0131lar bir kez daha tezgah ba\u015f\u0131na ge\u00e7erek ana kadroya girmek i\u00e7in sava\u015facak. MasterChef T\u00fcrkiye 2025 6. Haftas\u0131nda ana kadroda yer almak i\u00e7in ellerinin lezzetlerini \u015feflere ispatlamaya \u00e7al\u0131\u015facaklar. 7 Eyl\u00fcl 2025 MasterChef yedeklerden ana kadroya giren 5. yar\u0131\u015fmac\u0131 ki\u015fi Muratcan Akp\u0131nar oldu.<\/p>\n<p><img loading=\"lazy\" decoding=\"async\" class=\"alignnone wp-image-232303 size-full\" src=\"https:\/\/www.tgrthaber.com\/mavikadin\/wp-content\/uploads\/Adsiz-tasarim-2-91.jpg\" alt=\"\" width=\"1208\" height=\"680\" title=\"\" srcset=\"https:\/\/www.tgrthaber.com\/mavikadin\/wp-content\/uploads\/Adsiz-tasarim-2-91.jpg 1208w, https:\/\/www.tgrthaber.com\/mavikadin\/wp-content\/uploads\/Adsiz-tasarim-2-91-300x169.jpg 300w, https:\/\/www.tgrthaber.com\/mavikadin\/wp-content\/uploads\/Adsiz-tasarim-2-91-1024x576.jpg 1024w, https:\/\/www.tgrthaber.com\/mavikadin\/wp-content\/uploads\/Adsiz-tasarim-2-91-768x432.jpg 768w\" sizes=\"(max-width: 1208px) 100vw, 1208px\" \/><\/p>\n<hr \/>\n<h3>MASTERCHEF T\u00dcRK\u0130YE 2025 YEDEK YARI\u015eMACILAR<\/h3>\n<ul>\n<li>Elif<\/li>\n<li>Meryem<\/li>\n<li>Do\u011fan<\/li>\n<li>Alperen<\/li>\n<li>Deniz<\/li>\n<li>Muratcan<\/li>\n<li>\u015eule<\/li>\n<li>\u00d6mer<\/li>\n<li>Yakup<\/li>\n<\/ul>\n<p><img loading=\"lazy\" decoding=\"async\" class=\"alignnone wp-image-232304 size-full\" src=\"https:\/\/www.tgrthaber.com\/mavikadin\/wp-content\/uploads\/Adsiz-tasarim-3-97.jpg\" alt=\"\" width=\"1208\" height=\"680\" title=\"\" srcset=\"https:\/\/www.tgrthaber.com\/mavikadin\/wp-content\/uploads\/Adsiz-tasarim-3-97.jpg 1208w, https:\/\/www.tgrthaber.com\/mavikadin\/wp-content\/uploads\/Adsiz-tasarim-3-97-300x169.jpg 300w, https:\/\/www.tgrthaber.com\/mavikadin\/wp-content\/uploads\/Adsiz-tasarim-3-97-1024x576.jpg 1024w, https:\/\/www.tgrthaber.com\/mavikadin\/wp-content\/uploads\/Adsiz-tasarim-3-97-768x432.jpg 768w\" sizes=\"(max-width: 1208px) 100vw, 1208px\" \/><\/p>\n<hr \/>\n<h3>MASTERCHEF T\u00dcRK\u0130YE 2025 ANA KADRO L\u0130STES\u0130<\/h3>\n<p><strong>MasterChef T\u00fcrkiye 2025 ana kadro g\u00fcncel listesi:<\/strong><\/p>\n<p>MasterChef T\u00fcrkiye Ana Kadroya Giren 1. Yar\u0131\u015fmac\u0131: Furkan<\/p>\n<p>MasterChef T\u00fcrkiye Ana Kadroya Giren 2. Yar\u0131\u015fmac\u0131: Eyl\u00fcl<\/p>\n<p>MasterChef T\u00fcrkiye Ana Kadroya Giren 3. Yar\u0131\u015fmac\u0131: \u00c7a\u011fatay<\/p>\n<p>MasterChef T\u00fcrkiye Ana Kadroya Giren 4. Yar\u0131\u015fmac\u0131: Onur<\/p>\n<p>MasterChef T\u00fcrkiye Ana kadroya giren 5. Yar\u0131\u015fmac\u0131: Nisa (yedeklerden geldi)<\/p>\n<p>MasterChef T\u00fcrkiye Ana kadroya giren 6. Yar\u0131\u015fmac\u0131: Muratcan Akp\u0131nar ( yedeklerden geldi)<\/p>\n<p>MasterChef T\u00fcrkiye Ana kadroya giren 7. Yar\u0131\u015fmac\u0131: Ayla<\/p>\n<p>MasterChef T\u00fcrkiye Ana kadroya giren 8. Yar\u0131\u015fmac\u0131: \u0130hsan<\/p>\n<p>MasterChef T\u00fcrkiye Ana kadroya giren 9. Yar\u0131\u015fmac\u0131: Ayten<\/p>\n<p>MasterChef T\u00fcrkiye Ana kadroya giren 10. Yar\u0131\u015fmac\u0131: \u00c7a\u011flar<\/p>\n<p>MasterChef T\u00fcrkiye Ana kadroya giren 11. Yar\u0131\u015fmac\u0131: Sezer<\/p>\n<p>MasterChef T\u00fcrkiye Ana kadroya giren 12. Yar\u0131\u015fmac\u0131: Cansu<\/p>\n<p>MasterChef T\u00fcrkiye Ana kadroya giren 13. Yar\u0131\u015fmac\u0131: \u00d6zkan<\/p>\n<p>MasterChef T\u00fcrkiye Ana kadroya giren 14. yar\u0131\u015fmac\u0131: Gizem<\/p>\n<p>MasterChef T\u00fcrkiye Ana kadroya giren 15. yar\u0131\u015fmac\u0131: \u0130rem<\/p>\n<p>MasterChef T\u00fcrkiye Ana kadroya giren 16. yar\u0131\u015fmac\u0131: Hakan<\/p>\n<p>MasterChef T\u00fcrkiye Ana kadroya giren 17. yar\u0131\u015fmac\u0131: Mert (Yedeklerden geldi)<\/p>\n<p>MasterChef T\u00fcrkiye Ana kadroya giren 18. yar\u0131\u015fmac\u0131: S\u00fcmeyye<\/p>\n<p>MasterChef T\u00fcrkiye Ana kadroya giren 19. yar\u0131\u015fmac\u0131: Bar\u0131\u015f Kaya ( yedeklerden geldi)<\/p>\n<p>MasterChef T\u00fcrkiye Ana kadroya giren 20. yar\u0131\u015fmac\u0131 \u0130lhan oldu.<\/p>\n","protected":false},"excerpt":{"rendered":"<p>MasterChef 2025 yar\u0131\u015fmas\u0131nda rekabet h\u0131z kesmeden artmaya devam ediyor. Ana kadroya girmek i\u00e7in MasterChef 2025 yedek yar\u0131\u015fmac\u0131lar\u0131 t\u00fcm g\u00fcc\u00fcyle ellerinden gelen her \u015feyi yapacak. Peki, 7 Eyl\u00fcl 2025 MasterChef yedeklerden ana kadroya kim girdi? 7 Eyl\u00fcl 2025 MasterChef yedeklerden ana kadroya giren 5. yar\u0131\u015fmac\u0131 ki\u015fi kim?<\/p>\n","protected":false},"author":10,"featured_media":232305,"comment_status":"closed","ping_status":"closed","sticky":false,"template":"","format":"standard","meta":{"rank_math_lock_modified_date":false,"footnotes":""},"categories":[76],"tags":[133,2218,23930,60275],"class_list":["post-232300","post","type-post","status-publish","format-standard","has-post-thumbnail","hentry","category-magazin","tag-magazin","tag-magazin-haberleri","tag-masterchef-turkiye-2025","tag-masterchef-turkiye-2025-yedeklerden-ana-kadroya-giren-kisi"],"_links":{"self":[{"href":"https:\/\/www.tgrthaber.com\/mavikadin\/wp-json\/wp\/v2\/posts\/232300"}],"collection":[{"href":"https:\/\/www.tgrthaber.com\/mavikadin\/wp-json\/wp\/v2\/posts"}],"about":[{"href":"https:\/\/www.tgrthaber.com\/mavikadin\/wp-json\/wp\/v2\/types\/post"}],"author":[{"embeddable":true,"href":"https:\/\/www.tgrthaber.com\/mavikadin\/wp-json\/wp\/v2\/users\/10"}],"replies":[{"embeddable":true,"href":"https:\/\/www.tgrthaber.com\/mavikadin\/wp-json\/wp\/v2\/comments?post=232300"}],"version-history":[{"count":5,"href":"https:\/\/www.tgrthaber.com\/mavikadin\/wp-json\/wp\/v2\/posts\/232300\/revisions"}],"predecessor-version":[{"id":232333,"href":"https:\/\/www.tgrthaber.com\/mavikadin\/wp-json\/wp\/v2\/posts\/232300\/revisions\/232333"}],"wp:featuredmedia":[{"embeddable":true,"href":"https:\/\/www.tgrthaber.com\/mavikadin\/wp-json\/wp\/v2\/media\/232305"}],"wp:attachment":[{"href":"https:\/\/www.tgrthaber.com\/mavikadin\/wp-json\/wp\/v2\/media?parent=232300"}],"wp:term":[{"taxonomy":"category","embeddable":true,"href":"https:\/\/www.tgrthaber.com\/mavikadin\/wp-json\/wp\/v2\/categories?post=232300"},{"taxonomy":"post_tag","embeddable":true,"href":"https:\/\/www.tgrthaber.com\/mavikadin\/wp-json\/wp\/v2\/tags?post=232300"}],"curies":[{"name":"wp","href":"https:\/\/api.w.org\/{rel}","templated":true}]}}