{"id":232316,"date":"2025-09-07T20:38:39","date_gmt":"2025-09-07T17:38:39","guid":{"rendered":"https:\/\/www.tgrthaber.com\/mavikadin\/?p=232316"},"modified":"2025-09-07T20:38:40","modified_gmt":"2025-09-07T17:38:40","slug":"kral-kaybederse-dizisinin-17-bolumunde-neler-olacak-handan-kenani-ikna-edebilecek-mi","status":"publish","type":"post","link":"https:\/\/www.tgrthaber.com\/mavikadin\/kral-kaybederse-dizisinin-17-bolumunde-neler-olacak-handan-kenani-ikna-edebilecek-mi\/","title":{"rendered":"Kral Kaybederse dizisinin 17. B\u00f6l\u00fcm\u00fcnde neler olacak? Handan Kenan\u2019\u0131 ikna edebilecek mi?"},"content":{"rendered":"<p>Ba\u015frollerini Halit Ergen\u00e7, Merve Dizdar, Asl\u0131han G\u00fcrb\u00fcz gibi isimlerin payla\u015ft\u0131\u011f\u0131 Kral Kaybederse dizisi yeni sezona bomba b\u00f6l\u00fcmlerle geliyor. Star tv ekranlar\u0131nda izleyici ile bulu\u015facak olan Kral Kaybederse dizisi 9 Eyl\u00fcl 2025 Sal\u0131 g\u00fcn\u00fc ekranlara gelecek. G\u00fclseren Budayc\u0131o\u011flu\u2019nun kitab\u0131ndan uyarlanan Kral Kaybederse dizisi izleyenleri \u015fa\u015f\u0131rtmaya devam edecek. Peki, Kral Kaybederse dizisinin 17. B\u00f6l\u00fcm\u00fcnde neler olacak? Handan Kenan\u2019\u0131 ikna edebilecek mi?<\/p>\n<h3>KRAL KAYBEDERSE D\u0130Z\u0130S\u0130 17. B\u00d6L\u00dcMDE NELER OLACAK?<\/h3>\n<p>Aradan ge\u00e7en iki y\u0131l\u0131n ard\u0131ndan Kenan Baran, hakk\u0131nda ortaya at\u0131lan as\u0131ls\u0131z iddialara yan\u0131t vermek \u00fczere bir televizyon program\u0131na kat\u0131l\u0131r. B\u00fcy\u00fck medya patronu Cemal Hakver\u2019in sahne arkas\u0131ndan kurdu\u011fu oyun, g\u00f6r\u00fcn\u00fcrde masum olan bu program\u0131 bir anda infaza \u00e7evirir.<\/p>\n<p><img loading=\"lazy\" decoding=\"async\" class=\"alignnone wp-image-232317 size-full\" src=\"https:\/\/www.tgrthaber.com\/mavikadin\/wp-content\/uploads\/Adsiz-tasarim-16-58.jpg\" alt=\"\" width=\"1208\" height=\"680\" title=\"\" srcset=\"https:\/\/www.tgrthaber.com\/mavikadin\/wp-content\/uploads\/Adsiz-tasarim-16-58.jpg 1208w, https:\/\/www.tgrthaber.com\/mavikadin\/wp-content\/uploads\/Adsiz-tasarim-16-58-300x169.jpg 300w, https:\/\/www.tgrthaber.com\/mavikadin\/wp-content\/uploads\/Adsiz-tasarim-16-58-1024x576.jpg 1024w, https:\/\/www.tgrthaber.com\/mavikadin\/wp-content\/uploads\/Adsiz-tasarim-16-58-768x432.jpg 768w\" sizes=\"(max-width: 1208px) 100vw, 1208px\" \/><\/p>\n<hr \/>\n<p>Kenan her zaman ki \u00e7apk\u0131nl\u0131klar\u0131na devam ederken, Handan arkada\u015flar\u0131 taraf\u0131ndan bebek bask\u0131s\u0131na maruz kal\u0131yor.<\/p>\n<p><img loading=\"lazy\" decoding=\"async\" class=\"alignnone wp-image-232319 size-full\" src=\"https:\/\/www.tgrthaber.com\/mavikadin\/wp-content\/uploads\/Adsiz-tasarim-13-69.jpg\" alt=\"\" width=\"1208\" height=\"680\" title=\"\" srcset=\"https:\/\/www.tgrthaber.com\/mavikadin\/wp-content\/uploads\/Adsiz-tasarim-13-69.jpg 1208w, https:\/\/www.tgrthaber.com\/mavikadin\/wp-content\/uploads\/Adsiz-tasarim-13-69-300x169.jpg 300w, https:\/\/www.tgrthaber.com\/mavikadin\/wp-content\/uploads\/Adsiz-tasarim-13-69-1024x576.jpg 1024w, https:\/\/www.tgrthaber.com\/mavikadin\/wp-content\/uploads\/Adsiz-tasarim-13-69-768x432.jpg 768w\" sizes=\"(max-width: 1208px) 100vw, 1208px\" \/><\/p>\n<hr \/>\n<p>Fadi ise Kenan Baran ekranda g\u00f6rd\u00fc\u011f\u00fc her an dakika ondan uzakla\u015fmaya \u00e7al\u0131\u015facak.<\/p>\n<p><img loading=\"lazy\" decoding=\"async\" class=\"alignnone wp-image-232318 size-full\" src=\"https:\/\/www.tgrthaber.com\/mavikadin\/wp-content\/uploads\/Adsiz-tasarim-15-58.jpg\" alt=\"\" width=\"1208\" height=\"680\" title=\"\" srcset=\"https:\/\/www.tgrthaber.com\/mavikadin\/wp-content\/uploads\/Adsiz-tasarim-15-58.jpg 1208w, https:\/\/www.tgrthaber.com\/mavikadin\/wp-content\/uploads\/Adsiz-tasarim-15-58-300x169.jpg 300w, https:\/\/www.tgrthaber.com\/mavikadin\/wp-content\/uploads\/Adsiz-tasarim-15-58-1024x576.jpg 1024w, https:\/\/www.tgrthaber.com\/mavikadin\/wp-content\/uploads\/Adsiz-tasarim-15-58-768x432.jpg 768w\" sizes=\"(max-width: 1208px) 100vw, 1208px\" \/><\/p>\n<hr \/>\n<p>Cemal Hakver\u2019in Kenan Baran ile neden hesapla\u015facak. Fadi ise Fato\u015f ad\u0131 ile Cemal Hakver\u2019in yan\u0131nda \u00e7al\u0131\u015fmaya ba\u015flayacak. Fadi kar\u015f\u0131s\u0131nda yeni imaj\u0131 ile g\u00f6ren Kenan hem onun \u015foku ya\u015farken hem de Cemal\u2019in orta\u011f\u0131 oldu\u011funu \u00f6\u011frenmesinden kaynakl\u0131 olarak \u015fa\u015fk\u0131na \u00e7evirecek.<\/p>\n<p><img loading=\"lazy\" decoding=\"async\" class=\"alignnone wp-image-232321 size-full\" src=\"https:\/\/www.tgrthaber.com\/mavikadin\/wp-content\/uploads\/Adsiz-tasarim-14-69.jpg\" alt=\"\" width=\"1208\" height=\"680\" title=\"\" srcset=\"https:\/\/www.tgrthaber.com\/mavikadin\/wp-content\/uploads\/Adsiz-tasarim-14-69.jpg 1208w, https:\/\/www.tgrthaber.com\/mavikadin\/wp-content\/uploads\/Adsiz-tasarim-14-69-300x169.jpg 300w, https:\/\/www.tgrthaber.com\/mavikadin\/wp-content\/uploads\/Adsiz-tasarim-14-69-1024x576.jpg 1024w, https:\/\/www.tgrthaber.com\/mavikadin\/wp-content\/uploads\/Adsiz-tasarim-14-69-768x432.jpg 768w\" sizes=\"(max-width: 1208px) 100vw, 1208px\" \/><\/p>\n<hr \/>\n<h3>KRAL KAYBEDERSE D\u0130Z\u0130S\u0130 NE ZAMAN BA\u015eLAYACAK?<\/h3>\n<p>Star Tv ekranlar\u0131nda yay\u0131nlanacak olan Kral Kaybederse dizisi 2. Sezon b\u00f6l\u00fcmleriyle ekrana gelmeye haz\u0131rlan\u0131yor. 2.sezonun ilk b\u00f6l\u00fcm\u00fcyle ba\u015flayacak olan Kral Kaybederse dizisi 17. B\u00f6l\u00fcm\u00fc ile ekranlara gelecek.<\/p>\n<p><img loading=\"lazy\" decoding=\"async\" class=\"alignnone wp-image-232322 size-full\" src=\"https:\/\/www.tgrthaber.com\/mavikadin\/wp-content\/uploads\/Adsiz-tasarim-11-74.jpg\" alt=\"\" width=\"1208\" height=\"680\" title=\"\" srcset=\"https:\/\/www.tgrthaber.com\/mavikadin\/wp-content\/uploads\/Adsiz-tasarim-11-74.jpg 1208w, https:\/\/www.tgrthaber.com\/mavikadin\/wp-content\/uploads\/Adsiz-tasarim-11-74-300x169.jpg 300w, https:\/\/www.tgrthaber.com\/mavikadin\/wp-content\/uploads\/Adsiz-tasarim-11-74-1024x576.jpg 1024w, https:\/\/www.tgrthaber.com\/mavikadin\/wp-content\/uploads\/Adsiz-tasarim-11-74-768x432.jpg 768w\" sizes=\"(max-width: 1208px) 100vw, 1208px\" \/><\/p>\n<hr \/>\n<p>Sal\u0131 ak\u015famlar\u0131 Star Tv ekranlar\u0131nda yay\u0131nlanacak olan Kral Kaybederse 17. B\u00f6l\u00fcm\u00fc 9 Eyl\u00fcl 2025 saat 20:00\u2019da seyirci ile bulu\u015facak.<\/p>\n","protected":false},"excerpt":{"rendered":"<p>STAR TV\u2019nin sevilen yap\u0131m\u0131 Kral Kaybederse dizisi yeni sezon b\u00f6l\u00fcmleri i\u00e7in son iki g\u00fcn kald\u0131. Kral Kaybederse dizisinin 17 b\u00f6l\u00fcm\u00fcnde neler olaca\u011f\u0131 \u015fimdiden merak edilmeye ba\u015fland\u0131. Ba\u015frollerinde Halit Ergen\u00e7, Merve Dizdar, Asl\u0131han G\u00fcrb\u00fcz gibi isimlerin yer ald\u0131\u011f\u0131 Kral Kaybederse dizisinin 17 b\u00f6l\u00fcm\u00fcnde neler olacak? Handan Kenan\u2019\u0131 ikna edebilecek mi? <\/p>\n","protected":false},"author":10,"featured_media":232320,"comment_status":"closed","ping_status":"closed","sticky":false,"template":"","format":"standard","meta":{"rank_math_lock_modified_date":false,"footnotes":""},"categories":[602],"tags":[32159,2628,10390,61711,61712,10721,61713],"class_list":["post-232316","post","type-post","status-publish","format-standard","has-post-thumbnail","hentry","category-diziler","tag-dizi","tag-dizi-haberleri","tag-dizi-magazin","tag-kral-kaybederse-17-bolum","tag-kral-kaybederse-2-sezon-17-bolum","tag-kral-kaybederse-dizi","tag-kral-kaybederse-dizisi-17-bolum-kareler"],"_links":{"self":[{"href":"https:\/\/www.tgrthaber.com\/mavikadin\/wp-json\/wp\/v2\/posts\/232316"}],"collection":[{"href":"https:\/\/www.tgrthaber.com\/mavikadin\/wp-json\/wp\/v2\/posts"}],"about":[{"href":"https:\/\/www.tgrthaber.com\/mavikadin\/wp-json\/wp\/v2\/types\/post"}],"author":[{"embeddable":true,"href":"https:\/\/www.tgrthaber.com\/mavikadin\/wp-json\/wp\/v2\/users\/10"}],"replies":[{"embeddable":true,"href":"https:\/\/www.tgrthaber.com\/mavikadin\/wp-json\/wp\/v2\/comments?post=232316"}],"version-history":[{"count":2,"href":"https:\/\/www.tgrthaber.com\/mavikadin\/wp-json\/wp\/v2\/posts\/232316\/revisions"}],"predecessor-version":[{"id":232324,"href":"https:\/\/www.tgrthaber.com\/mavikadin\/wp-json\/wp\/v2\/posts\/232316\/revisions\/232324"}],"wp:featuredmedia":[{"embeddable":true,"href":"https:\/\/www.tgrthaber.com\/mavikadin\/wp-json\/wp\/v2\/media\/232320"}],"wp:attachment":[{"href":"https:\/\/www.tgrthaber.com\/mavikadin\/wp-json\/wp\/v2\/media?parent=232316"}],"wp:term":[{"taxonomy":"category","embeddable":true,"href":"https:\/\/www.tgrthaber.com\/mavikadin\/wp-json\/wp\/v2\/categories?post=232316"},{"taxonomy":"post_tag","embeddable":true,"href":"https:\/\/www.tgrthaber.com\/mavikadin\/wp-json\/wp\/v2\/tags?post=232316"}],"curies":[{"name":"wp","href":"https:\/\/api.w.org\/{rel}","templated":true}]}}