{"id":232325,"date":"2025-09-07T21:11:27","date_gmt":"2025-09-07T18:11:27","guid":{"rendered":"https:\/\/www.tgrthaber.com\/mavikadin\/?p=232325"},"modified":"2025-09-07T21:11:27","modified_gmt":"2025-09-07T18:11:27","slug":"sahtekarlar-dizisine-ezgi-kaya-dahil-oldu-unlu-oyuncu-hilal-altinbilekin-kiz-kardesi-iremi-oynayacak","status":"publish","type":"post","link":"https:\/\/www.tgrthaber.com\/mavikadin\/sahtekarlar-dizisine-ezgi-kaya-dahil-oldu-unlu-oyuncu-hilal-altinbilekin-kiz-kardesi-iremi-oynayacak\/","title":{"rendered":"Sahtekarlar dizisine Ezgi Kaya dahil oldu! \u00dcnl\u00fc oyuncu Hilal Alt\u0131nbilek\u2019in k\u0131z karde\u015fi \u0130rem\u2019i oynayacak!"},"content":{"rendered":"<p>Sahtekarlar dizisi yeni sezona \u00e7\u0131kmak i\u00e7in haz\u0131rl\u0131klar\u0131na devam ediyor. NOW ekranlar\u0131nda yay\u0131nlanmaya haz\u0131rlanan Sahtekarlar dizisi sete \u00e7\u0131kmas\u0131na birka\u00e7 g\u00fcn kala yeni bir oyuncu daha kadrosuna katt\u0131. Ali Bilgin\u2019in y\u00f6netmen koltu\u011funda yer alaca\u011f\u0131 Sahtekarlar dizisinde Hilal Alt\u0131nbilek\u2019in k\u0131z karde\u015fini oynamas\u0131 i\u00e7in Ezgi Kaya ile anla\u015ft\u0131lar.<\/p>\n<h3>SAHTEKARLAR D\u0130Z\u0130S\u0130N\u0130N OYUNCU KADROSUNA EZG\u0130 KAYA KATILDI<\/h3>\n<p>Sema Ergenekon\u2019un senaristli\u011fini \u00fcstlendi\u011fi ve Ali Bilgin\u2019in y\u00f6netmen koltu\u011funda oturdu\u011fu Sahtekarlar dizisi i\u00e7in oyuncu se\u00e7meleri son h\u0131z devam ediyor. Hilal Alt\u0131nbilek\u2019in sahnelerinde ona e\u015flik edecek olan k\u0131z karde\u015fi rol\u00fc i\u00e7in oyuncu aray\u0131\u015flar\u0131 devam ediyordu.<\/p>\n<p><img loading=\"lazy\" decoding=\"async\" class=\"alignnone wp-image-232326 size-full\" src=\"https:\/\/www.tgrthaber.com\/mavikadin\/wp-content\/uploads\/Adsiz-tasarim-26-53.jpg\" alt=\"\" width=\"1208\" height=\"680\" title=\"\" srcset=\"https:\/\/www.tgrthaber.com\/mavikadin\/wp-content\/uploads\/Adsiz-tasarim-26-53.jpg 1208w, https:\/\/www.tgrthaber.com\/mavikadin\/wp-content\/uploads\/Adsiz-tasarim-26-53-300x169.jpg 300w, https:\/\/www.tgrthaber.com\/mavikadin\/wp-content\/uploads\/Adsiz-tasarim-26-53-1024x576.jpg 1024w, https:\/\/www.tgrthaber.com\/mavikadin\/wp-content\/uploads\/Adsiz-tasarim-26-53-768x432.jpg 768w\" sizes=\"(max-width: 1208px) 100vw, 1208px\" \/><\/p>\n<hr \/>\n<p>Birsen Altunta\u015f\u2019\u0131n haberine g\u00f6re Hilal Alt\u0131nbilek\u2019in k\u0131z karde\u015fini oynamas\u0131 i\u00e7in \u00fcnl\u00fc oyuncu Ezgi Kaya ile anla\u015fma sa\u011fland\u0131. Ba\u015far\u0131l\u0131 oyuncu Ezgi Kaya, \u0130rem karakterini oynayarak, Hilal Alt\u0131nbilek\u2019in k\u0131z karde\u015fi rol\u00fcn\u00fc \u00fcstlenecek.<\/p>\n<p><img loading=\"lazy\" decoding=\"async\" class=\"alignnone wp-image-232328 size-full\" src=\"https:\/\/www.tgrthaber.com\/mavikadin\/wp-content\/uploads\/Adsiz-tasarim-23-56.jpg\" alt=\"\" width=\"1208\" height=\"680\" title=\"\" srcset=\"https:\/\/www.tgrthaber.com\/mavikadin\/wp-content\/uploads\/Adsiz-tasarim-23-56.jpg 1208w, https:\/\/www.tgrthaber.com\/mavikadin\/wp-content\/uploads\/Adsiz-tasarim-23-56-300x169.jpg 300w, https:\/\/www.tgrthaber.com\/mavikadin\/wp-content\/uploads\/Adsiz-tasarim-23-56-1024x576.jpg 1024w, https:\/\/www.tgrthaber.com\/mavikadin\/wp-content\/uploads\/Adsiz-tasarim-23-56-768x432.jpg 768w\" sizes=\"(max-width: 1208px) 100vw, 1208px\" \/><\/p>\n<hr \/>\n<h3>SAHTEKARLAR D\u0130Z\u0130S\u0130 NE ZAMAN SETE \u00c7IKACAK?<\/h3>\n<p>Ay Yap\u0131m imzas\u0131 ta\u015f\u0131yan Sahtekarlar dizisi 15 Eyl\u00fcl Pazartesi g\u00fcn\u00fc sete \u00e7\u0131kacak. NOW kanal\u0131n\u0131n yeni iddial\u0131 dizisinin okuma provas\u0131 13 Eyl\u00fcl Cumartesi yap\u0131lacak. Sema Ergenekon\u2019un yazd\u0131\u011f\u0131, Ali Bilgin\u2019in y\u00f6netece\u011fi dizinin sa\u00e7, makyaj, kost\u00fcm provalar\u0131 hafta i\u00e7i ba\u015flayacak.<\/p>\n<p><img loading=\"lazy\" decoding=\"async\" class=\"alignnone wp-image-232329 size-full\" src=\"https:\/\/www.tgrthaber.com\/mavikadin\/wp-content\/uploads\/Adsiz-tasarim-22-63.jpg\" alt=\"\" width=\"1208\" height=\"680\" title=\"\" srcset=\"https:\/\/www.tgrthaber.com\/mavikadin\/wp-content\/uploads\/Adsiz-tasarim-22-63.jpg 1208w, https:\/\/www.tgrthaber.com\/mavikadin\/wp-content\/uploads\/Adsiz-tasarim-22-63-300x169.jpg 300w, https:\/\/www.tgrthaber.com\/mavikadin\/wp-content\/uploads\/Adsiz-tasarim-22-63-1024x576.jpg 1024w, https:\/\/www.tgrthaber.com\/mavikadin\/wp-content\/uploads\/Adsiz-tasarim-22-63-768x432.jpg 768w\" sizes=\"(max-width: 1208px) 100vw, 1208px\" \/><\/p>\n<hr \/>\n<p>B\u00fcy\u00fck heyecanla beklenen Sahtekarlar dizisinin ilk tan\u0131t\u0131m\u0131 ise b\u00fcy\u00fck bir merakla bekleniyor.<\/p>\n<p><img loading=\"lazy\" decoding=\"async\" class=\"alignnone wp-image-232330 size-full\" src=\"https:\/\/www.tgrthaber.com\/mavikadin\/wp-content\/uploads\/Adsiz-tasarim-21-71.jpg\" alt=\"\" width=\"1208\" height=\"680\" title=\"\" srcset=\"https:\/\/www.tgrthaber.com\/mavikadin\/wp-content\/uploads\/Adsiz-tasarim-21-71.jpg 1208w, https:\/\/www.tgrthaber.com\/mavikadin\/wp-content\/uploads\/Adsiz-tasarim-21-71-300x169.jpg 300w, https:\/\/www.tgrthaber.com\/mavikadin\/wp-content\/uploads\/Adsiz-tasarim-21-71-1024x576.jpg 1024w, https:\/\/www.tgrthaber.com\/mavikadin\/wp-content\/uploads\/Adsiz-tasarim-21-71-768x432.jpg 768w\" sizes=\"(max-width: 1208px) 100vw, 1208px\" \/><\/p>\n<hr \/>\n<h3>SAHTEKARLAR D\u0130Z\u0130S\u0130 NE ZAMAN YAYINLANACAK?<\/h3>\n<p>Ay Yap\u0131m ve Now kanal\u0131 y\u00f6netimini ald\u0131\u011f\u0131 kararda bir de\u011fi\u015fiklik olmazsa tahmini olarak Sahtekarlar dizisi 26 Ekim 2025 Pazar ak\u015fam\u0131 ekrana gelmesi planlan\u0131yor. Sahtekarlar dizisine dair detaylar geldik\u00e7e haberlerin i\u00e7erikleri g\u00fcncellenerek bilgilendirilecektir.<\/p>\n","protected":false},"excerpt":{"rendered":"<p>NOW ekran\u0131n\u0131n yeni sezon dizilerinden olan Sahtekarlar oyuncu kadrosuna yeni isimler katmaya devam ediyor. Ba\u015frollerinde Burak Deniz ve Hilal Alt\u0131nbilek\u2019in oynayaca\u011f\u0131 Sahtekarlar dizisine \u00fcnl\u00fc oyuncu Ezgi Kaya dahil oldu. Ezgi Kaya Hilal Alt\u0131nbilek\u2019in k\u0131z karde\u015fi \u0130rem\u2019i oynayacak. <\/p>\n","protected":false},"author":10,"featured_media":232327,"comment_status":"closed","ping_status":"closed","sticky":false,"template":"","format":"standard","meta":{"rank_math_lock_modified_date":false,"footnotes":""},"categories":[602],"tags":[2628,10390,29586,61714,61715],"class_list":["post-232325","post","type-post","status-publish","format-standard","has-post-thumbnail","hentry","category-diziler","tag-dizi-haberleri","tag-dizi-magazin","tag-sahtekarlar-dizisi","tag-sahtekarlar-dizisi-elif-kaya-irem-karakteri","tag-sahtekarlar-dizisi-oyuncu-kadrosu-elif-kaya"],"_links":{"self":[{"href":"https:\/\/www.tgrthaber.com\/mavikadin\/wp-json\/wp\/v2\/posts\/232325"}],"collection":[{"href":"https:\/\/www.tgrthaber.com\/mavikadin\/wp-json\/wp\/v2\/posts"}],"about":[{"href":"https:\/\/www.tgrthaber.com\/mavikadin\/wp-json\/wp\/v2\/types\/post"}],"author":[{"embeddable":true,"href":"https:\/\/www.tgrthaber.com\/mavikadin\/wp-json\/wp\/v2\/users\/10"}],"replies":[{"embeddable":true,"href":"https:\/\/www.tgrthaber.com\/mavikadin\/wp-json\/wp\/v2\/comments?post=232325"}],"version-history":[{"count":1,"href":"https:\/\/www.tgrthaber.com\/mavikadin\/wp-json\/wp\/v2\/posts\/232325\/revisions"}],"predecessor-version":[{"id":232331,"href":"https:\/\/www.tgrthaber.com\/mavikadin\/wp-json\/wp\/v2\/posts\/232325\/revisions\/232331"}],"wp:featuredmedia":[{"embeddable":true,"href":"https:\/\/www.tgrthaber.com\/mavikadin\/wp-json\/wp\/v2\/media\/232327"}],"wp:attachment":[{"href":"https:\/\/www.tgrthaber.com\/mavikadin\/wp-json\/wp\/v2\/media?parent=232325"}],"wp:term":[{"taxonomy":"category","embeddable":true,"href":"https:\/\/www.tgrthaber.com\/mavikadin\/wp-json\/wp\/v2\/categories?post=232325"},{"taxonomy":"post_tag","embeddable":true,"href":"https:\/\/www.tgrthaber.com\/mavikadin\/wp-json\/wp\/v2\/tags?post=232325"}],"curies":[{"name":"wp","href":"https:\/\/api.w.org\/{rel}","templated":true}]}}