{"id":232334,"date":"2025-09-07T21:37:50","date_gmt":"2025-09-07T18:37:50","guid":{"rendered":"https:\/\/www.tgrthaber.com\/mavikadin\/?p=232334"},"modified":"2025-09-07T21:37:50","modified_gmt":"2025-09-07T18:37:50","slug":"masterchef-turkiye-2025-yedeklerden-ana-kadroya-giren-5-yarismaci-muratcan-akpinar-kimdir-ne-is-yapiyor","status":"publish","type":"post","link":"https:\/\/www.tgrthaber.com\/mavikadin\/masterchef-turkiye-2025-yedeklerden-ana-kadroya-giren-5-yarismaci-muratcan-akpinar-kimdir-ne-is-yapiyor\/","title":{"rendered":"MasterChef T\u00fcrkiye 2025 yedeklerden ana kadroya giren 5. yar\u0131\u015fmac\u0131 Muratcan Akp\u0131nar kimdir? Ne i\u015f yap\u0131yor?"},"content":{"rendered":"<p>MasterChef T\u00fcrkiye 2025 yar\u0131\u015fmas\u0131 yedek yar\u0131\u015fmac\u0131lar\u0131n\u0131 ana kadroya almaya devam ediyor. 7 Eyl\u00fcl 2025 ak\u015fam\u0131 oynanan ana kadroya \u00e7\u0131kma oyununun kazanan\u0131 belli oldu. Ci\u011fer sarma tarifini en g\u00fczel yapan Muratcan Akp\u0131nar MasterChef T\u00fcrkiye 2025 ana kadroya girmeye hak kazand\u0131. Hem yar\u0131\u015fmada kalmak hem de \u015fampiyon olmak i\u00e7in k\u0131yas\u0131ya rekabetin i\u00e7ine girecek olan MasterChef 2025 Muratcan\u2019\u0131n kim oldu\u011fu ara\u015ft\u0131r\u0131lmaya ba\u015fland\u0131. Peki, MasterChef T\u00fcrkiye 2025 yedeklerden ana kadroya giren 5. yar\u0131\u015fmac\u0131 Muratcan\u00a0Akp\u0131nar\u00a0kimdir?<\/p>\n<h3>MASTERCHEF T\u00dcRK\u0130YE 2025 YEDEKLERDEN ANA KADROYA G\u0130REN 5. YARI\u015eMACI MURATCAN\u00a0AKPINAR\u00a0K\u0130MD\u0130R?<\/h3>\n<p>27 ya\u015f\u0131nda olan Murat Can Akp\u0131nar \u0130stanbul&#8217;da ya\u015famaktad\u0131r. E\u011fitim hayat\u0131n\u0131 gastroloji ve a\u015f\u00e7\u0131l\u0131k \u00fczerine yapan Murat Can Akp\u0131nar, 5 y\u0131ld\u0131zl\u0131 bir otelde sous chef (yard\u0131mc\u0131 \u015fef) olarak \u00e7al\u0131\u015f\u0131yordu.<\/p>\n<p><img loading=\"lazy\" decoding=\"async\" class=\"alignnone wp-image-232335 size-full\" src=\"https:\/\/www.tgrthaber.com\/mavikadin\/wp-content\/uploads\/Adsiz-tasarim-31-66.jpg\" alt=\"\" width=\"1208\" height=\"680\" title=\"\" srcset=\"https:\/\/www.tgrthaber.com\/mavikadin\/wp-content\/uploads\/Adsiz-tasarim-31-66.jpg 1208w, https:\/\/www.tgrthaber.com\/mavikadin\/wp-content\/uploads\/Adsiz-tasarim-31-66-300x169.jpg 300w, https:\/\/www.tgrthaber.com\/mavikadin\/wp-content\/uploads\/Adsiz-tasarim-31-66-1024x576.jpg 1024w, https:\/\/www.tgrthaber.com\/mavikadin\/wp-content\/uploads\/Adsiz-tasarim-31-66-768x432.jpg 768w\" sizes=\"(max-width: 1208px) 100vw, 1208px\" \/><\/p>\n<hr \/>\n<p>MasterChef T\u00fcrkiye 2025 yar\u0131\u015fmas\u0131n\u0131n zorlu elemelerini ge\u00e7erek yedeklere girmeye hak kazanm\u0131\u015ft\u0131. 4 hafta boyunca ana kadroya girmek i\u00e7in hep ilk 5\u2019n i\u00e7ine girmeye hak kazanan MasterChef 2025 Muratcan sonunda istedi\u011fi ba\u015far\u0131y\u0131 elde etti.<\/p>\n<p><img loading=\"lazy\" decoding=\"async\" class=\"alignnone wp-image-232336 size-full\" src=\"https:\/\/www.tgrthaber.com\/mavikadin\/wp-content\/uploads\/Adsiz-tasarim-30-59.jpg\" alt=\"\" width=\"1208\" height=\"680\" title=\"\" srcset=\"https:\/\/www.tgrthaber.com\/mavikadin\/wp-content\/uploads\/Adsiz-tasarim-30-59.jpg 1208w, https:\/\/www.tgrthaber.com\/mavikadin\/wp-content\/uploads\/Adsiz-tasarim-30-59-300x169.jpg 300w, https:\/\/www.tgrthaber.com\/mavikadin\/wp-content\/uploads\/Adsiz-tasarim-30-59-1024x576.jpg 1024w, https:\/\/www.tgrthaber.com\/mavikadin\/wp-content\/uploads\/Adsiz-tasarim-30-59-768x432.jpg 768w\" sizes=\"(max-width: 1208px) 100vw, 1208px\" \/><\/p>\n<hr \/>\n<p>\u015eeflerin verdi\u011fi Edirne ci\u011fer sarma tarifini ba\u015far\u0131l\u0131 bir \u015fekilde yapan Muratcan Akp\u0131nar, 3 \u015feften de onay ald\u0131. MasterChef T\u00fcrkiye 2025 ana kadroya giren 5. Yar\u0131\u015fmac\u0131 olarak ad\u0131n\u0131 yazd\u0131rd\u0131. Ana kadroda rakipleriyle k\u0131yas\u0131ya rekabet edecek olan MasterChef 2025 Muratcan 6. Haftada ana kadro ekibine dahil olacak.<\/p>\n<p><img loading=\"lazy\" decoding=\"async\" class=\"alignnone wp-image-232338 size-full\" src=\"https:\/\/www.tgrthaber.com\/mavikadin\/wp-content\/uploads\/Adsiz-tasarim-32-63.jpg\" alt=\"\" width=\"1208\" height=\"680\" title=\"\" srcset=\"https:\/\/www.tgrthaber.com\/mavikadin\/wp-content\/uploads\/Adsiz-tasarim-32-63.jpg 1208w, https:\/\/www.tgrthaber.com\/mavikadin\/wp-content\/uploads\/Adsiz-tasarim-32-63-300x169.jpg 300w, https:\/\/www.tgrthaber.com\/mavikadin\/wp-content\/uploads\/Adsiz-tasarim-32-63-1024x576.jpg 1024w, https:\/\/www.tgrthaber.com\/mavikadin\/wp-content\/uploads\/Adsiz-tasarim-32-63-768x432.jpg 768w\" sizes=\"(max-width: 1208px) 100vw, 1208px\" \/><\/p>\n<hr \/>\n<h3>MASTERCHEF T\u00dcRK\u0130YE 2025 ANA KADRO L\u0130STES\u0130<\/h3>\n<p><strong>MasterChef T\u00fcrkiye 2025 ana kadro g\u00fcncel listesi:<\/strong><\/p>\n<p>MasterChef T\u00fcrkiye Ana Kadroya Giren 1. Yar\u0131\u015fmac\u0131: Furkan<\/p>\n<p>MasterChef T\u00fcrkiye Ana Kadroya Giren 2. Yar\u0131\u015fmac\u0131: Eyl\u00fcl<\/p>\n<p>MasterChef T\u00fcrkiye Ana Kadroya Giren 3. Yar\u0131\u015fmac\u0131: \u00c7a\u011fatay<\/p>\n<p>MasterChef T\u00fcrkiye Ana Kadroya Giren 4. Yar\u0131\u015fmac\u0131: Onur<\/p>\n<p>MasterChef T\u00fcrkiye Ana kadroya giren 5. Yar\u0131\u015fmac\u0131: Nisa (yedeklerden geldi)<\/p>\n<p><img loading=\"lazy\" decoding=\"async\" class=\"alignnone wp-image-232339 size-full\" src=\"https:\/\/www.tgrthaber.com\/mavikadin\/wp-content\/uploads\/Adsiz-tasarim-29-50.jpg\" alt=\"\" width=\"1208\" height=\"680\" title=\"\" srcset=\"https:\/\/www.tgrthaber.com\/mavikadin\/wp-content\/uploads\/Adsiz-tasarim-29-50.jpg 1208w, https:\/\/www.tgrthaber.com\/mavikadin\/wp-content\/uploads\/Adsiz-tasarim-29-50-300x169.jpg 300w, https:\/\/www.tgrthaber.com\/mavikadin\/wp-content\/uploads\/Adsiz-tasarim-29-50-1024x576.jpg 1024w, https:\/\/www.tgrthaber.com\/mavikadin\/wp-content\/uploads\/Adsiz-tasarim-29-50-768x432.jpg 768w\" sizes=\"(max-width: 1208px) 100vw, 1208px\" \/><\/p>\n<hr \/>\n<p>MasterChef T\u00fcrkiye Ana kadroya giren 6. Yar\u0131\u015fmac\u0131: Muratcan Akp\u0131nar ( yedeklerden geldi)<\/p>\n<p>MasterChef T\u00fcrkiye Ana kadroya giren 7. Yar\u0131\u015fmac\u0131: Ayla<\/p>\n<p>MasterChef T\u00fcrkiye Ana kadroya giren 8. Yar\u0131\u015fmac\u0131: \u0130hsan<\/p>\n<p>MasterChef T\u00fcrkiye Ana kadroya giren 9. Yar\u0131\u015fmac\u0131: Ayten<\/p>\n<p>MasterChef T\u00fcrkiye Ana kadroya giren 10. Yar\u0131\u015fmac\u0131: \u00c7a\u011flar<\/p>\n<p>MasterChef T\u00fcrkiye Ana kadroya giren 11. Yar\u0131\u015fmac\u0131: Sezer<\/p>\n<p>MasterChef T\u00fcrkiye Ana kadroya giren 12. Yar\u0131\u015fmac\u0131: Cansu<\/p>\n<p>MasterChef T\u00fcrkiye Ana kadroya giren 13. Yar\u0131\u015fmac\u0131: \u00d6zkan<\/p>\n<p>MasterChef T\u00fcrkiye Ana kadroya giren 14. yar\u0131\u015fmac\u0131: Gizem<\/p>\n<p>MasterChef T\u00fcrkiye Ana kadroya giren 15. yar\u0131\u015fmac\u0131: \u0130rem<\/p>\n<p>MasterChef T\u00fcrkiye Ana kadroya giren 16. yar\u0131\u015fmac\u0131: Hakan<\/p>\n<p>MasterChef T\u00fcrkiye Ana kadroya giren 17. yar\u0131\u015fmac\u0131: Mert (Yedeklerden geldi)<\/p>\n<p>MasterChef T\u00fcrkiye Ana kadroya giren 18. yar\u0131\u015fmac\u0131: S\u00fcmeyye<\/p>\n<p>MasterChef T\u00fcrkiye Ana kadroya giren 19. yar\u0131\u015fmac\u0131: Bar\u0131\u015f Kaya ( yedeklerden geldi)<\/p>\n<p>MasterChef T\u00fcrkiye Ana kadroya giren 20. yar\u0131\u015fmac\u0131 \u0130lhan oldu.<\/p>\n","protected":false},"excerpt":{"rendered":"<p>MasterChef T\u00fcrkiye 2025 yar\u0131\u015fmas\u0131 ana kadroya giren 5. Yar\u0131\u015fmac\u0131 belli oldu. \u015eeflerin verdi\u011fi ci\u011fer sarma tarifini ba\u015far\u0131l\u0131 bir \u015fekilde yapan Muratcan Akp\u0131nar MasterChef T\u00fcrkiye 2025 ana kadroya girmeye hak kazand\u0131. Peki, MasterChef T\u00fcrkiye 2025 yedeklerden ana kadroya giren 5. yar\u0131\u015fmac\u0131 Muratcan Akp\u0131nar kimdir?<\/p>\n","protected":false},"author":10,"featured_media":232337,"comment_status":"closed","ping_status":"closed","sticky":false,"template":"","format":"standard","meta":{"rank_math_lock_modified_date":false,"footnotes":""},"categories":[491],"tags":[3374,61719,61716,61718,61717],"class_list":["post-232334","post","type-post","status-publish","format-standard","has-post-thumbnail","hentry","category-biyografi","tag-biyografi","tag-masterchef-2025-yedeklerden-muratcan-akpinar","tag-masterchef-turkiye-2025-muratcan-akpinar","tag-murat-can-akpinar-ne-is-yapiyor","tag-muratcan-akpinar-kimdir"],"_links":{"self":[{"href":"https:\/\/www.tgrthaber.com\/mavikadin\/wp-json\/wp\/v2\/posts\/232334"}],"collection":[{"href":"https:\/\/www.tgrthaber.com\/mavikadin\/wp-json\/wp\/v2\/posts"}],"about":[{"href":"https:\/\/www.tgrthaber.com\/mavikadin\/wp-json\/wp\/v2\/types\/post"}],"author":[{"embeddable":true,"href":"https:\/\/www.tgrthaber.com\/mavikadin\/wp-json\/wp\/v2\/users\/10"}],"replies":[{"embeddable":true,"href":"https:\/\/www.tgrthaber.com\/mavikadin\/wp-json\/wp\/v2\/comments?post=232334"}],"version-history":[{"count":2,"href":"https:\/\/www.tgrthaber.com\/mavikadin\/wp-json\/wp\/v2\/posts\/232334\/revisions"}],"predecessor-version":[{"id":232341,"href":"https:\/\/www.tgrthaber.com\/mavikadin\/wp-json\/wp\/v2\/posts\/232334\/revisions\/232341"}],"wp:featuredmedia":[{"embeddable":true,"href":"https:\/\/www.tgrthaber.com\/mavikadin\/wp-json\/wp\/v2\/media\/232337"}],"wp:attachment":[{"href":"https:\/\/www.tgrthaber.com\/mavikadin\/wp-json\/wp\/v2\/media?parent=232334"}],"wp:term":[{"taxonomy":"category","embeddable":true,"href":"https:\/\/www.tgrthaber.com\/mavikadin\/wp-json\/wp\/v2\/categories?post=232334"},{"taxonomy":"post_tag","embeddable":true,"href":"https:\/\/www.tgrthaber.com\/mavikadin\/wp-json\/wp\/v2\/tags?post=232334"}],"curies":[{"name":"wp","href":"https:\/\/api.w.org\/{rel}","templated":true}]}}