{"id":232342,"date":"2025-09-07T22:21:04","date_gmt":"2025-09-07T19:21:04","guid":{"rendered":"https:\/\/www.tgrthaber.com\/mavikadin\/?p=232342"},"modified":"2025-09-07T22:21:04","modified_gmt":"2025-09-07T19:21:04","slug":"bahar-dizisinin-49-bolum-2-fragmani-yayinlandi-bahar-dizisinin-49-bolumunde-neler-olacak","status":"publish","type":"post","link":"https:\/\/www.tgrthaber.com\/mavikadin\/bahar-dizisinin-49-bolum-2-fragmani-yayinlandi-bahar-dizisinin-49-bolumunde-neler-olacak\/","title":{"rendered":"Bahar dizisinin 49. b\u00f6l\u00fcm 2 fragman\u0131 yay\u0131nland\u0131! Bahar dizisinin 49. b\u00f6l\u00fcm\u00fcnde neler olacak?"},"content":{"rendered":"<p>Ba\u015frollerinde Demet Evgar ve Bu\u011fra G\u00fcrsoy\u2019un oynad\u0131\u011f\u0131 Bahar dizisi yeni sezona yeni karakterle ba\u015flayacak. SHOW Tv ekranlar\u0131nda seyircisi ile bulu\u015facak olan Bahar dizisi \u201c\u00c7i\u00e7ek a\u00e7maya haz\u0131r m\u0131s\u0131n?\u201d slogan\u0131yla seyirci kar\u015f\u0131s\u0131na \u00e7\u0131kacak. Timur\u2019un kaybettikten sonra t\u00fcm zorluklarla tek ba\u015f\u0131na u\u011fra\u015facak olan Bahar\u2019\u0131n ba\u015f\u0131ndan yine belalar eksik olmayacak. Bahar t\u00fcm bunlar\u0131n \u00fcstesinden gelebilecek mi? Bahar ve Harun aras\u0131nda ge\u00e7mi\u015ften gelen hangi olay var? Peki, Bahar dizisinin 49. B\u00f6l\u00fcm\u00fcnde neler olacak?<\/p>\n<h3>BAHAR D\u0130Z\u0130S\u0130N\u0130N 49 B\u00d6L\u00dcM 2. FRAGMANI YAYINLANDI<\/h3>\n<p>Bahar, yeni b\u00f6l\u00fcmlerde hem \u00e7ocuklar\u0131n\u0131 ayakta tutmaya \u00e7al\u0131\u015facak hem de kendi hayat\u0131n\u0131 yeniden d\u00fczene sokmak i\u00e7in bir s\u00fcr\u00fc engeli a\u015fmas\u0131 gerekecek. Ge\u00e7mi\u015findeki ki\u015filerle y\u00fczle\u015fmeye devam edecek olan Bahar\u2019\u0131n bu kez ki s\u0131nav\u0131 Harun olacak.<\/p>\n<p><strong>\u0130\u015fte Bahar 49. B\u00f6l\u00fcm 2. Fragman\u0131:<\/strong><\/p>\n<div style=\"width: 640px;\" class=\"wp-video\"><!--[if lt IE 9]><script>document.createElement('video');<\/script><![endif]-->\n<video class=\"wp-video-shortcode\" id=\"video-232342-1\" width=\"640\" height=\"360\" preload=\"metadata\" controls=\"controls\"><source type=\"video\/mp4\" src=\"https:\/\/www.tgrthaber.com\/mavikadin\/wp-content\/uploads\/ssstwitter.com_1757271100291.mp4?_=1\" \/><a href=\"https:\/\/www.tgrthaber.com\/mavikadin\/wp-content\/uploads\/ssstwitter.com_1757271100291.mp4\">https:\/\/www.tgrthaber.com\/mavikadin\/wp-content\/uploads\/ssstwitter.com_1757271100291.mp4<\/a><\/video><\/div>\n<hr \/>\n<h3>BAHAR D\u0130Z\u0130S\u0130N\u0130N 49. B\u00d6L\u00dcM\u00dcNDE NELER OLACAK?<\/h3>\n<p>Timur\u2019un \u00f6l\u00fcm\u00fcyle d\u00fcnyalar\u0131 alt\u00fcst olan \u00e7ocuklar\u0131na destek olmaya \u00e7al\u0131\u015fan Bahar, onlar\u0131 yeniden hayata ba\u011flamak i\u00e7in elinden geleni yapacak. Hem \u00e7ocuklar\u0131n\u0131n zorlu s\u00fcrecinde hem de torunlar\u0131na bakmak u\u011furuna mesle\u011finden bile bir s\u00fcre uzak kalmay\u0131 g\u00f6ze alm\u0131\u015ft\u0131r.<\/p>\n<p><img loading=\"lazy\" decoding=\"async\" class=\"alignnone wp-image-232344 size-full\" src=\"https:\/\/www.tgrthaber.com\/mavikadin\/wp-content\/uploads\/Adsiz-tasarim-34-60.jpg\" alt=\"\" width=\"1208\" height=\"680\" title=\"\" srcset=\"https:\/\/www.tgrthaber.com\/mavikadin\/wp-content\/uploads\/Adsiz-tasarim-34-60.jpg 1208w, https:\/\/www.tgrthaber.com\/mavikadin\/wp-content\/uploads\/Adsiz-tasarim-34-60-300x169.jpg 300w, https:\/\/www.tgrthaber.com\/mavikadin\/wp-content\/uploads\/Adsiz-tasarim-34-60-1024x576.jpg 1024w, https:\/\/www.tgrthaber.com\/mavikadin\/wp-content\/uploads\/Adsiz-tasarim-34-60-768x432.jpg 768w\" sizes=\"(max-width: 1208px) 100vw, 1208px\" \/><\/p>\n<hr \/>\n<p>Beklenmedik bir anda kendini bir \u00f6l\u00fcm kal\u0131m sava\u015f\u0131 i\u00e7inde bulacak. Kad\u0131n Do\u011fum Doktoru olarak mesle\u011fe yeniden d\u00f6necek. Hastaneye geldi\u011findeyse Bahar\u2019\u0131 hi\u00e7 beklemedi\u011fi k\u00f6t\u00fc bir s\u00fcrpriz kar\u015f\u0131layacak.<\/p>\n<p><img loading=\"lazy\" decoding=\"async\" class=\"alignnone wp-image-232345 size-full\" src=\"https:\/\/www.tgrthaber.com\/mavikadin\/wp-content\/uploads\/Adsiz-tasarim-35-60.jpg\" alt=\"\" width=\"1208\" height=\"680\" title=\"\" srcset=\"https:\/\/www.tgrthaber.com\/mavikadin\/wp-content\/uploads\/Adsiz-tasarim-35-60.jpg 1208w, https:\/\/www.tgrthaber.com\/mavikadin\/wp-content\/uploads\/Adsiz-tasarim-35-60-300x169.jpg 300w, https:\/\/www.tgrthaber.com\/mavikadin\/wp-content\/uploads\/Adsiz-tasarim-35-60-1024x576.jpg 1024w, https:\/\/www.tgrthaber.com\/mavikadin\/wp-content\/uploads\/Adsiz-tasarim-35-60-768x432.jpg 768w\" sizes=\"(max-width: 1208px) 100vw, 1208px\" \/><\/p>\n<hr \/>\n<p>Ge\u00e7mi\u015finden unutmak istedi\u011fi Harun\u2019un \u00e7al\u0131\u015ft\u0131\u011f\u0131 hastanede ba\u015fhekim olarak \u00e7al\u0131\u015ft\u0131\u011f\u0131n\u0131 \u00f6\u011frenecek. Harun\u2019un Bahar\u2019a kar\u015f\u0131 al\u0131p vermedi\u011fi bir olay\u0131n intikam\u0131n\u0131 alacak. Bahar\u2019\u0131n hem evdeki hayat\u0131 hem de hastanedeki hayat\u0131 zorlu s\u00fcre\u00e7lerden ge\u00e7ecek.<\/p>\n<p><img loading=\"lazy\" decoding=\"async\" class=\"alignnone wp-image-232347 size-full\" src=\"https:\/\/www.tgrthaber.com\/mavikadin\/wp-content\/uploads\/Adsiz-tasarim-37-44.jpg\" alt=\"\" width=\"1208\" height=\"680\" title=\"\" srcset=\"https:\/\/www.tgrthaber.com\/mavikadin\/wp-content\/uploads\/Adsiz-tasarim-37-44.jpg 1208w, https:\/\/www.tgrthaber.com\/mavikadin\/wp-content\/uploads\/Adsiz-tasarim-37-44-300x169.jpg 300w, https:\/\/www.tgrthaber.com\/mavikadin\/wp-content\/uploads\/Adsiz-tasarim-37-44-1024x576.jpg 1024w, https:\/\/www.tgrthaber.com\/mavikadin\/wp-content\/uploads\/Adsiz-tasarim-37-44-768x432.jpg 768w\" sizes=\"(max-width: 1208px) 100vw, 1208px\" \/><\/p>\n<hr \/>\n<p>Bahar\u2019\u0131n \u00f6zel hayat\u0131nda da beklemedik geli\u015fmeler ya\u015fanacak. Bahar ve Evren yeniden beraber olsalar da Evren\u2019in ba\u015fka bir kad\u0131ndan \u00e7ocu\u011fu olaca\u011f\u0131 haberi ikili aras\u0131nda gerginliklerin ya\u015fanmas\u0131na zemin haz\u0131rlayacak.<\/p>\n<p><img loading=\"lazy\" decoding=\"async\" class=\"alignnone wp-image-232348 size-full\" src=\"https:\/\/www.tgrthaber.com\/mavikadin\/wp-content\/uploads\/Adsiz-tasarim-36-54.jpg\" alt=\"\" width=\"1208\" height=\"680\" title=\"\" srcset=\"https:\/\/www.tgrthaber.com\/mavikadin\/wp-content\/uploads\/Adsiz-tasarim-36-54.jpg 1208w, https:\/\/www.tgrthaber.com\/mavikadin\/wp-content\/uploads\/Adsiz-tasarim-36-54-300x169.jpg 300w, https:\/\/www.tgrthaber.com\/mavikadin\/wp-content\/uploads\/Adsiz-tasarim-36-54-1024x576.jpg 1024w, https:\/\/www.tgrthaber.com\/mavikadin\/wp-content\/uploads\/Adsiz-tasarim-36-54-768x432.jpg 768w\" sizes=\"(max-width: 1208px) 100vw, 1208px\" \/><\/p>\n<hr \/>\n<p>Ancak ili\u015fkileri bug\u00fcne dek verdikleri t\u00fcm s\u0131navlardan daha b\u00fcy\u00fck bir s\u0131nav\u0131n e\u015fi\u011findedir.<\/p>\n<p><img loading=\"lazy\" decoding=\"async\" class=\"alignnone wp-image-232349 size-full\" src=\"https:\/\/www.tgrthaber.com\/mavikadin\/wp-content\/uploads\/Adsiz-tasarim-39-39.jpg\" alt=\"\" width=\"1208\" height=\"680\" title=\"\" srcset=\"https:\/\/www.tgrthaber.com\/mavikadin\/wp-content\/uploads\/Adsiz-tasarim-39-39.jpg 1208w, https:\/\/www.tgrthaber.com\/mavikadin\/wp-content\/uploads\/Adsiz-tasarim-39-39-300x169.jpg 300w, https:\/\/www.tgrthaber.com\/mavikadin\/wp-content\/uploads\/Adsiz-tasarim-39-39-1024x576.jpg 1024w, https:\/\/www.tgrthaber.com\/mavikadin\/wp-content\/uploads\/Adsiz-tasarim-39-39-768x432.jpg 768w\" sizes=\"(max-width: 1208px) 100vw, 1208px\" \/><\/p>\n<hr \/>\n<h3>BAHAR D\u0130Z\u0130S\u0130N\u0130N 49. B\u00d6L\u00dcM\u00dc NE ZAMAN YAYINLANACAK?<\/h3>\n<p><a href=\"https:\/\/www.tgrthaber.com\/mavikadin\/bahar-dizisinin-3-sezon-ilk-fragmani-yayinlandi-bahar-dizisi-3-sezon-ne-zaman-yayinlanacak\/\">Bahar dizisi 49.b\u00f6l\u00fcm<\/a>\u00fc Show Tv ekranlar\u0131nda izleyici ile bulu\u015fmak i\u00e7in g\u00fcn say\u0131yor. Bahar dizisin \u00fc\u00e7\u00fcnc\u00fc sezon b\u00f6l\u00fcmlerini Rana Mamatl\u0131o\u011flu ve Bekir Baran S\u0131tk\u0131 kaleme al\u0131yor. Y\u00f6netmen koltu\u011funda Mehmet Can Bindal\u2019\u0131n oturdu\u011fu Bahar dizisinin 49. B\u00f6l\u00fcm\u00fc 9 Eyl\u00fcl 2025 Sal\u0131 g\u00fcn\u00fc saat 20:00\u2019da Show tv\u2019de seyirci ile bulu\u015facak.<\/p>\n","protected":false},"excerpt":{"rendered":"<p>SHOW Tv\u2019nin sevilen yap\u0131m\u0131 Bahar dizisi 49. B\u00f6l\u00fcm 2. Fragman\u0131n\u0131 yay\u0131nland\u0131. Demet Evgar ve Bu\u011fra G\u00fcrsoy\u2019un ba\u015frollerini payla\u015ft\u0131\u011f\u0131 Bahar dizisi yeni sezona farkl\u0131 bir hikaye ile kald\u0131\u011f\u0131 yerden devam edecek. Timur\u2019un \u00f6lmesinin ard\u0131ndan Bahar bir\u00e7ok zorlukla ba\u015f etmeye \u00e7al\u0131\u015facak. Peki, Bahar dizisinin 49. B\u00f6l\u00fcm\u00fcnde neler olacak? Harun ve Bahar aras\u0131ndaki mesele ne?<\/p>\n","protected":false},"author":10,"featured_media":232346,"comment_status":"closed","ping_status":"closed","sticky":false,"template":"","format":"standard","meta":{"rank_math_lock_modified_date":false,"footnotes":""},"categories":[602],"tags":[61721,61722,61723,61720,32159,2628,10390],"class_list":["post-232342","post","type-post","status-publish","format-standard","has-post-thumbnail","hentry","category-diziler","tag-bahar-dizisi-3-sezon","tag-bahar-dizisi-49-bolum-ozeti","tag-bahar-dizisi-9-eylul-2025-sali","tag-bahar-dizisi-bolum-2-fragman","tag-dizi","tag-dizi-haberleri","tag-dizi-magazin"],"_links":{"self":[{"href":"https:\/\/www.tgrthaber.com\/mavikadin\/wp-json\/wp\/v2\/posts\/232342"}],"collection":[{"href":"https:\/\/www.tgrthaber.com\/mavikadin\/wp-json\/wp\/v2\/posts"}],"about":[{"href":"https:\/\/www.tgrthaber.com\/mavikadin\/wp-json\/wp\/v2\/types\/post"}],"author":[{"embeddable":true,"href":"https:\/\/www.tgrthaber.com\/mavikadin\/wp-json\/wp\/v2\/users\/10"}],"replies":[{"embeddable":true,"href":"https:\/\/www.tgrthaber.com\/mavikadin\/wp-json\/wp\/v2\/comments?post=232342"}],"version-history":[{"count":2,"href":"https:\/\/www.tgrthaber.com\/mavikadin\/wp-json\/wp\/v2\/posts\/232342\/revisions"}],"predecessor-version":[{"id":232351,"href":"https:\/\/www.tgrthaber.com\/mavikadin\/wp-json\/wp\/v2\/posts\/232342\/revisions\/232351"}],"wp:featuredmedia":[{"embeddable":true,"href":"https:\/\/www.tgrthaber.com\/mavikadin\/wp-json\/wp\/v2\/media\/232346"}],"wp:attachment":[{"href":"https:\/\/www.tgrthaber.com\/mavikadin\/wp-json\/wp\/v2\/media?parent=232342"}],"wp:term":[{"taxonomy":"category","embeddable":true,"href":"https:\/\/www.tgrthaber.com\/mavikadin\/wp-json\/wp\/v2\/categories?post=232342"},{"taxonomy":"post_tag","embeddable":true,"href":"https:\/\/www.tgrthaber.com\/mavikadin\/wp-json\/wp\/v2\/tags?post=232342"}],"curies":[{"name":"wp","href":"https:\/\/api.w.org\/{rel}","templated":true}]}}