{"id":232352,"date":"2025-09-07T23:00:52","date_gmt":"2025-09-07T20:00:52","guid":{"rendered":"https:\/\/www.tgrthaber.com\/mavikadin\/?p=232352"},"modified":"2025-09-07T23:00:53","modified_gmt":"2025-09-07T20:00:53","slug":"carpinti-dizisi-ilk-bolumuyle-izleyiciden-tam-not-aldi-carpinti-dizisi-2-bolum-fragmani-yayinlandi-mi","status":"publish","type":"post","link":"https:\/\/www.tgrthaber.com\/mavikadin\/carpinti-dizisi-ilk-bolumuyle-izleyiciden-tam-not-aldi-carpinti-dizisi-2-bolum-fragmani-yayinlandi-mi\/","title":{"rendered":"\u00c7arp\u0131nt\u0131 dizisi ilk b\u00f6l\u00fcm\u00fcyle izleyiciden tam not ald\u0131! \u00c7arp\u0131nt\u0131 dizisi 2. B\u00f6l\u00fcm fragman\u0131 yay\u0131nland\u0131 m\u0131?"},"content":{"rendered":"<p>Ba\u015frollerinde Kerem B\u00fcrsin ve Lizge C\u00f6mert\u2019in yer ald\u0131\u011f\u0131 \u00c7arp\u0131nt\u0131 dizisi 1. B\u00f6l\u00fcm\u00fc ile izleyicilerin kar\u015f\u0131s\u0131na \u00e7\u0131kt\u0131. G\u00fcnlerdir tan\u0131t\u0131m fragmanlar\u0131yla b\u00fcy\u00fck be\u011feni toplay\u0131p, ses getiren \u00c7arp\u0131nt\u0131 dizisi bekledi\u011fi ba\u015far\u0131y\u0131 ilk b\u00f6l\u00fcmle elde etti. Kerem B\u00fcrsin ve Lizge C\u00f6mert\u2019in uyumu be\u011feni toplad\u0131. Sosyal medya kullan\u0131c\u0131lar\u0131 taraf\u0131ndan olumlu yorumlar alan \u00c7arp\u0131nt\u0131 dizisinin 2. B\u00f6l\u00fcm fragman\u0131 ile merak edildi. Peki, \u00c7arp\u0131nt\u0131 dizisinin 2. B\u00f6l\u00fcm fragman\u0131 yay\u0131nland\u0131 m\u0131?<\/p>\n<h3>\u00c7ARPINTI D\u0130Z\u0130S\u0130 \u0130LK B\u00d6L\u00dcM\u00dc B\u00dcY\u00dcK BE\u011eEN\u0130 TOPLADI<\/h3>\n<p>\u00c7arp\u0131nt\u0131 dizisi yay\u0131nland\u0131\u011f\u0131 ilk b\u00f6l\u00fcm\u00fc ile izleyiciden tam not ald\u0131. Oyuncu performanslar\u0131 ve hikayesiyle be\u011feni kazanan \u00c7arp\u0131nt\u0131 dizisi sosyal medyada sahneleriyle g\u00fcndem oldu. Kerem B\u00fcrsin\u00a0 ve Lizge C\u00f6mert\u2019in partner uyumlulu\u011fu ise \u00e7ok be\u011fenildi.<\/p>\n<p><img loading=\"lazy\" decoding=\"async\" class=\"alignnone wp-image-232360 size-full\" src=\"https:\/\/www.tgrthaber.com\/mavikadin\/wp-content\/uploads\/Adsiz-tasarim-44-39.jpg\" alt=\"\" width=\"1208\" height=\"680\" title=\"\" srcset=\"https:\/\/www.tgrthaber.com\/mavikadin\/wp-content\/uploads\/Adsiz-tasarim-44-39.jpg 1208w, https:\/\/www.tgrthaber.com\/mavikadin\/wp-content\/uploads\/Adsiz-tasarim-44-39-300x169.jpg 300w, https:\/\/www.tgrthaber.com\/mavikadin\/wp-content\/uploads\/Adsiz-tasarim-44-39-1024x576.jpg 1024w, https:\/\/www.tgrthaber.com\/mavikadin\/wp-content\/uploads\/Adsiz-tasarim-44-39-768x432.jpg 768w\" sizes=\"(max-width: 1208px) 100vw, 1208px\" \/><\/p>\n<hr \/>\n<p>Deniz \u00c7ak\u0131r ve Sibel Ta\u015f\u00e7\u0131o\u011flu\u2019nun karakterlerini tamamen izleyiciye ge\u00e7irmesi sosyal medyada konu\u015fulan konular aras\u0131nda yerini ald\u0131.<\/p>\n<h3>\u00c7ARPINTI D\u0130Z\u0130S\u0130N\u0130N 1. B\u00d6L\u00dcM\u00dcNDE NELER OLDU?<\/h3>\n<p>Kalp nakli bekleyen Asl\u0131, annesi H\u00fclya, karde\u015fleri Sezin ve Murat\u2019la sakin bir ya\u015fam s\u00fcrer. Al\u0131\u2019n\u0131n sevgilisinin annesi Sevim\u2019in a\u011f\u0131r s\u00f6zleri onu derinden sarsmas\u0131yla oturdu\u011fu mekanda rahats\u0131zlanarak hastaneye kald\u0131r\u0131r.<\/p>\n<p><img loading=\"lazy\" decoding=\"async\" class=\"alignnone wp-image-232356 size-full\" src=\"https:\/\/www.tgrthaber.com\/mavikadin\/wp-content\/uploads\/Adsiz-tasarim-43-37.jpg\" alt=\"\" width=\"1208\" height=\"680\" title=\"\" srcset=\"https:\/\/www.tgrthaber.com\/mavikadin\/wp-content\/uploads\/Adsiz-tasarim-43-37.jpg 1208w, https:\/\/www.tgrthaber.com\/mavikadin\/wp-content\/uploads\/Adsiz-tasarim-43-37-300x169.jpg 300w, https:\/\/www.tgrthaber.com\/mavikadin\/wp-content\/uploads\/Adsiz-tasarim-43-37-1024x576.jpg 1024w, https:\/\/www.tgrthaber.com\/mavikadin\/wp-content\/uploads\/Adsiz-tasarim-43-37-768x432.jpg 768w\" sizes=\"(max-width: 1208px) 100vw, 1208px\" \/><\/p>\n<hr \/>\n<p>Ayn\u0131 saatlerde, Alkan ailesinin k\u0131z\u0131 Melike, ge\u00e7irdi\u011fi trajik bir kaza sonucu hayat\u0131n\u0131 kaybeder. Melike\u2019nin annesi Reyhan b\u00fcy\u00fck bir ac\u0131 ya\u015far ve k\u0131z\u0131n\u0131n hep ya\u015fad\u0131\u011f\u0131n\u0131 d\u00fc\u015f\u00fcn\u00fcr.<\/p>\n<p><img loading=\"lazy\" decoding=\"async\" class=\"alignnone wp-image-232357 size-full\" src=\"https:\/\/www.tgrthaber.com\/mavikadin\/wp-content\/uploads\/Adsiz-tasarim-42-38.jpg\" alt=\"\" width=\"1208\" height=\"680\" title=\"\" srcset=\"https:\/\/www.tgrthaber.com\/mavikadin\/wp-content\/uploads\/Adsiz-tasarim-42-38.jpg 1208w, https:\/\/www.tgrthaber.com\/mavikadin\/wp-content\/uploads\/Adsiz-tasarim-42-38-300x169.jpg 300w, https:\/\/www.tgrthaber.com\/mavikadin\/wp-content\/uploads\/Adsiz-tasarim-42-38-1024x576.jpg 1024w, https:\/\/www.tgrthaber.com\/mavikadin\/wp-content\/uploads\/Adsiz-tasarim-42-38-768x432.jpg 768w\" sizes=\"(max-width: 1208px) 100vw, 1208px\" \/><\/p>\n<hr \/>\n<p>Hastanede g\u00f6zlerini a\u00e7an Asl\u0131, Melike\u2019nin kalbiyle ya\u015fama tutunur. Reyhan, k\u0131z\u0131n\u0131n kalbini ta\u015f\u0131yan Asl\u0131\u2019n\u0131n yan\u0131na gider ve k\u0131z\u0131n\u0131n kalbini dinlemek istedi\u011fini s\u00f6yler. H\u00fclya uzaktan bu anlara \u015fahit olur ve kendi ailesi i\u00e7in bunu f\u0131rsata \u00e7evirir. Asl\u0131 ve H\u00fclya aras\u0131nda gerginlik ba\u015flar.<\/p>\n<p><img loading=\"lazy\" decoding=\"async\" class=\"alignnone wp-image-232361 size-full\" src=\"https:\/\/www.tgrthaber.com\/mavikadin\/wp-content\/uploads\/Adsiz-tasarim-50-34.jpg\" alt=\"\" width=\"1208\" height=\"680\" title=\"\" srcset=\"https:\/\/www.tgrthaber.com\/mavikadin\/wp-content\/uploads\/Adsiz-tasarim-50-34.jpg 1208w, https:\/\/www.tgrthaber.com\/mavikadin\/wp-content\/uploads\/Adsiz-tasarim-50-34-300x169.jpg 300w, https:\/\/www.tgrthaber.com\/mavikadin\/wp-content\/uploads\/Adsiz-tasarim-50-34-1024x576.jpg 1024w, https:\/\/www.tgrthaber.com\/mavikadin\/wp-content\/uploads\/Adsiz-tasarim-50-34-768x432.jpg 768w\" sizes=\"(max-width: 1208px) 100vw, 1208px\" \/><\/p>\n<hr \/>\n<p>Alkan ailesinin o\u011flu Aras, evde Asl\u0131\u2019y\u0131 g\u00f6r\u00fcnce ona kar\u015f\u0131 mesafeli yakla\u015f\u0131r. Asl\u0131\u2019n\u0131n Melike\u2019nin ya\u015fam\u0131n\u0131 video olarak izlemesi sonucu odada fenala\u015farak Aras\u2019\u0131n kollar\u0131n\u0131n aras\u0131nda bay\u0131l\u0131r. Asl\u0131 di\u011fer yandan sevgilisinin ba\u015fkas\u0131yla evlendi\u011fine \u015fahit olur ve kalbi bir kez daha ac\u0131 i\u00e7inde k\u0131vran\u0131r. Annesi ile de aralar\u0131 bozulan Asl\u0131 sokakta a\u011flayarak y\u00fcr\u00fcrken Aras ile kar\u015f\u0131la\u015facakt\u0131r.<\/p>\n<p><img loading=\"lazy\" decoding=\"async\" class=\"alignnone wp-image-232359 size-full\" src=\"https:\/\/www.tgrthaber.com\/mavikadin\/wp-content\/uploads\/Adsiz-tasarim-49-32.jpg\" alt=\"\" width=\"1208\" height=\"680\" title=\"\" srcset=\"https:\/\/www.tgrthaber.com\/mavikadin\/wp-content\/uploads\/Adsiz-tasarim-49-32.jpg 1208w, https:\/\/www.tgrthaber.com\/mavikadin\/wp-content\/uploads\/Adsiz-tasarim-49-32-300x169.jpg 300w, https:\/\/www.tgrthaber.com\/mavikadin\/wp-content\/uploads\/Adsiz-tasarim-49-32-1024x576.jpg 1024w, https:\/\/www.tgrthaber.com\/mavikadin\/wp-content\/uploads\/Adsiz-tasarim-49-32-768x432.jpg 768w\" sizes=\"(max-width: 1208px) 100vw, 1208px\" \/><\/p>\n<hr \/>\n<h3>\u00c7ARPINTI D\u0130Z\u0130S\u0130 2. B\u00d6L\u00dcM FRAGMANI YAYINLANDI MI?<\/h3>\n<p>\u0130lk b\u00f6l\u00fcm\u00fc ile be\u011feni kazanan \u00c7arp\u0131nt\u0131 dizisinin 2. B\u00f6l\u00fcm\u00fc hakk\u0131nda neler olaca\u011f\u0131na dair \u015fimdiden ara\u015ft\u0131rmalar ba\u015flad\u0131. \u201c\u00c7arp\u0131nt\u0131 2. B\u00f6l\u00fcm fragman\u0131 yay\u0131nland\u0131 m\u0131?\u201d, \u201c \u00c7arp\u0131nt\u0131 dizisinin 2. B\u00f6l\u00fcm\u00fcnde neler olacak?\u201d ve \u201c \u00c7arp\u0131nt\u0131 dizisi 2. B\u00f6l\u00fcm ne zaman yay\u0131nlanacak?\u201d sorular\u0131 ara\u015ft\u0131r\u0131lmaya ba\u015fland\u0131.<\/p>\n<p><img loading=\"lazy\" decoding=\"async\" class=\"alignnone wp-image-232354 size-full\" src=\"https:\/\/www.tgrthaber.com\/mavikadin\/wp-content\/uploads\/Adsiz-tasarim-46-40.jpg\" alt=\"\" width=\"1208\" height=\"680\" title=\"\" srcset=\"https:\/\/www.tgrthaber.com\/mavikadin\/wp-content\/uploads\/Adsiz-tasarim-46-40.jpg 1208w, https:\/\/www.tgrthaber.com\/mavikadin\/wp-content\/uploads\/Adsiz-tasarim-46-40-300x169.jpg 300w, https:\/\/www.tgrthaber.com\/mavikadin\/wp-content\/uploads\/Adsiz-tasarim-46-40-1024x576.jpg 1024w, https:\/\/www.tgrthaber.com\/mavikadin\/wp-content\/uploads\/Adsiz-tasarim-46-40-768x432.jpg 768w\" sizes=\"(max-width: 1208px) 100vw, 1208px\" \/><\/p>\n<hr \/>\n<p>\u00c7arp\u0131nt\u0131 dizisinin 2. B\u00f6l\u00fcm fragman\u0131 yay\u0131nland\u0131. \u0130\u015fte \u00c7arp\u0131nt\u0131 2. B\u00f6l\u00fcm ilk fragman:<\/p>\n<div style=\"width: 640px;\" class=\"wp-video\"><!--[if lt IE 9]><script>document.createElement('video');<\/script><![endif]-->\n<video class=\"wp-video-shortcode\" id=\"video-232352-1\" width=\"640\" height=\"360\" preload=\"metadata\" controls=\"controls\"><source type=\"video\/mp4\" src=\"https:\/\/www.tgrthaber.com\/mavikadin\/wp-content\/uploads\/ssstwitter.com_1757274824630.mp4?_=1\" \/><a href=\"https:\/\/www.tgrthaber.com\/mavikadin\/wp-content\/uploads\/ssstwitter.com_1757274824630.mp4\">https:\/\/www.tgrthaber.com\/mavikadin\/wp-content\/uploads\/ssstwitter.com_1757274824630.mp4<\/a><\/video><\/div>\n","protected":false},"excerpt":{"rendered":"<p>STAR TV kanal\u0131nda yay\u0131n hayat\u0131na ba\u015flayan yeni dizi \u00c7arp\u0131nt\u0131 izleyiciden ilk b\u00f6l\u00fcm\u00fcyle tam not ald\u0131. Kerem B\u00fcrsin ve Lizge C\u00f6mert\u2019in ba\u015frollerini payla\u015ft\u0131\u011f\u0131 \u00c7arp\u0131nt\u0131 dizisi hikayesiyle ve oyuncular\u0131n performans\u0131yla takdir toplad\u0131. Deniz \u00c7ak\u0131r ve Sibel Ta\u015f\u00e7\u0131o\u011flu\u2019nun performans\u0131 izleyenleri etkisi alt\u0131na ald\u0131. Peki, \u00c7arp\u0131nt\u0131 dizisi 2. B\u00f6l\u00fcm fragman\u0131 yay\u0131nland\u0131 m\u0131? <\/p>\n","protected":false},"author":10,"featured_media":232355,"comment_status":"closed","ping_status":"closed","sticky":false,"template":"","format":"standard","meta":{"rank_math_lock_modified_date":false,"footnotes":""},"categories":[602],"tags":[23108,61725,61726,61724,32159,2628,10390],"class_list":["post-232352","post","type-post","status-publish","format-standard","has-post-thumbnail","hentry","category-diziler","tag-carpinti-dizisi","tag-carpinti-dizisi-1-bolum-neler-oldu","tag-carpinti-dizisi-1-bolum-ozeti","tag-carpinti-dizisi-2-bolum-tanitimi","tag-dizi","tag-dizi-haberleri","tag-dizi-magazin"],"_links":{"self":[{"href":"https:\/\/www.tgrthaber.com\/mavikadin\/wp-json\/wp\/v2\/posts\/232352"}],"collection":[{"href":"https:\/\/www.tgrthaber.com\/mavikadin\/wp-json\/wp\/v2\/posts"}],"about":[{"href":"https:\/\/www.tgrthaber.com\/mavikadin\/wp-json\/wp\/v2\/types\/post"}],"author":[{"embeddable":true,"href":"https:\/\/www.tgrthaber.com\/mavikadin\/wp-json\/wp\/v2\/users\/10"}],"replies":[{"embeddable":true,"href":"https:\/\/www.tgrthaber.com\/mavikadin\/wp-json\/wp\/v2\/comments?post=232352"}],"version-history":[{"count":1,"href":"https:\/\/www.tgrthaber.com\/mavikadin\/wp-json\/wp\/v2\/posts\/232352\/revisions"}],"predecessor-version":[{"id":232362,"href":"https:\/\/www.tgrthaber.com\/mavikadin\/wp-json\/wp\/v2\/posts\/232352\/revisions\/232362"}],"wp:featuredmedia":[{"embeddable":true,"href":"https:\/\/www.tgrthaber.com\/mavikadin\/wp-json\/wp\/v2\/media\/232355"}],"wp:attachment":[{"href":"https:\/\/www.tgrthaber.com\/mavikadin\/wp-json\/wp\/v2\/media?parent=232352"}],"wp:term":[{"taxonomy":"category","embeddable":true,"href":"https:\/\/www.tgrthaber.com\/mavikadin\/wp-json\/wp\/v2\/categories?post=232352"},{"taxonomy":"post_tag","embeddable":true,"href":"https:\/\/www.tgrthaber.com\/mavikadin\/wp-json\/wp\/v2\/tags?post=232352"}],"curies":[{"name":"wp","href":"https:\/\/api.w.org\/{rel}","templated":true}]}}