{"id":232376,"date":"2025-09-08T10:09:21","date_gmt":"2025-09-08T07:09:21","guid":{"rendered":"https:\/\/www.tgrthaber.com\/mavikadin\/?p=232376"},"modified":"2025-09-08T10:09:21","modified_gmt":"2025-09-08T07:09:21","slug":"asena-girisken-teskilat-dizisinde-suzan-karakteriyle-izleyici-karsisina-cikacak","status":"publish","type":"post","link":"https:\/\/www.tgrthaber.com\/mavikadin\/asena-girisken-teskilat-dizisinde-suzan-karakteriyle-izleyici-karsisina-cikacak\/","title":{"rendered":"Asena Giri\u015fken Te\u015fkilat dizisinde! Suzan karakteriyle izleyici kar\u015f\u0131s\u0131na \u00e7\u0131kacak"},"content":{"rendered":"<p>Asena Giri\u015fken, TRT1 ekranlar\u0131n\u0131n fenomen dizisi Te\u015fkilat\u2019\u0131n oyuncu kadrosuna dahil oldu. Her ge\u00e7en g\u00fcn gittik\u00e7e b\u00fcy\u00fcyen dizinin kadrosunda y\u0131ld\u0131z isimler yerini almaya ba\u015flad\u0131. Yeni sezonu sab\u0131rs\u0131zl\u0131kla beklenen dizide \u2018Suzan\u2019 karakteriyle izleyici kar\u015f\u0131s\u0131na ge\u00e7ecek olan Asena Giri\u015fken\u2019in performans\u0131 merak edildi. Birbirinden ba\u015far\u0131l\u0131 isimlerde yeni sezona ba\u015flayacak olan dizinin gidi\u015fat\u0131 da merak konusu oldu.<\/p>\n<h3>ASENA G\u0130R\u0130\u015eKEN TE\u015eK\u0130LAT D\u0130Z\u0130S\u0130NDE!<\/h3>\n<p>Asena Giri\u015fken, TRT1 ekranlar\u0131n\u0131n fenomen dizisi Te\u015fkilat\u2019\u0131n oyuncu kadrosuna dahil oldu. Oyuncu kadrosuna her ge\u00e7en g\u00fcn yeni isimler ekleyen Te\u015fkilat, \u00e7ok yak\u0131nda seyirci kar\u015f\u0131s\u0131na \u00e7\u0131k\u0131yor. Yay\u0131nland\u0131\u011f\u0131 g\u00fcnden bu yana b\u00fcy\u00fck bir ilgiyle takip edilen diziye fla\u015f bir isim daha kat\u0131ld\u0131.<\/p>\n<p><img loading=\"lazy\" decoding=\"async\" class=\"alignnone wp-image-232384\" src=\"https:\/\/www.tgrthaber.com\/mavikadin\/wp-content\/uploads\/Asena-Girisken-1-1024x576.jpg\" alt=\"Asena Giri\u015fken Te\u015fkilat dizisinde! Suzan karakteriyle izleyici kar\u015f\u0131s\u0131na \u00e7\u0131kacak\" width=\"1208\" height=\"680\" title=\"\" srcset=\"https:\/\/www.tgrthaber.com\/mavikadin\/wp-content\/uploads\/Asena-Girisken-1-1024x576.jpg 1024w, https:\/\/www.tgrthaber.com\/mavikadin\/wp-content\/uploads\/Asena-Girisken-1-300x169.jpg 300w, https:\/\/www.tgrthaber.com\/mavikadin\/wp-content\/uploads\/Asena-Girisken-1-768x432.jpg 768w, https:\/\/www.tgrthaber.com\/mavikadin\/wp-content\/uploads\/Asena-Girisken-1.jpg 1208w\" sizes=\"(max-width: 1208px) 100vw, 1208px\" \/><\/p>\n<hr \/>\n<p>Yeni sezon \u00e7ekimlerine t\u00fcm h\u0131z\u0131yla devam edilen <a href=\"https:\/\/www.tgrthaber.com\/mavikadin\/yeliz-sar-teskilat-dizisinin-kadrosuna-dahil-oldu-fenomen-diziyle-ekranlara-donuyor\/\">Te\u015fkilat<\/a> dizisinin oyuncu kadrosuna Asena Giri\u015fken dahil oldu. 14 Eyl\u00fcl ak\u015fam\u0131 izleyici kar\u015f\u0131s\u0131na \u00e7\u0131kmas\u0131 planlanan dizinin yeni sezonda birbirinden iddial\u0131 isimler yer al\u0131yor. Tims&amp;B imzal\u0131 dizi, 5 sezondur izleyiciyi ekran ba\u015f\u0131na kilitliyor. Her sezonuyla seyirciye farkl\u0131 bir heyecan ya\u015fatan Te\u015fkilat, yeni sezona bomba gibi haz\u0131rlan\u0131yor.<\/p>\n<p><img loading=\"lazy\" decoding=\"async\" class=\"alignnone wp-image-232386\" src=\"https:\/\/www.tgrthaber.com\/mavikadin\/wp-content\/uploads\/Adsiz-tasarim-33-59-1024x576.jpg\" alt=\"Asena Giri\u015fken Te\u015fkilat dizisinde! Suzan karakteriyle izleyici kar\u015f\u0131s\u0131na \u00e7\u0131kacak\" width=\"1208\" height=\"680\" title=\"\" srcset=\"https:\/\/www.tgrthaber.com\/mavikadin\/wp-content\/uploads\/Adsiz-tasarim-33-59-1024x576.jpg 1024w, https:\/\/www.tgrthaber.com\/mavikadin\/wp-content\/uploads\/Adsiz-tasarim-33-59-300x169.jpg 300w, https:\/\/www.tgrthaber.com\/mavikadin\/wp-content\/uploads\/Adsiz-tasarim-33-59-768x432.jpg 768w, https:\/\/www.tgrthaber.com\/mavikadin\/wp-content\/uploads\/Adsiz-tasarim-33-59.jpg 1208w\" sizes=\"(max-width: 1208px) 100vw, 1208px\" \/><\/p>\n<hr \/>\n<p>6. sezona bomba gibi haz\u0131rlanan Te\u015fkilat dizisi, birbirinden yetenekli ve ba\u015far\u0131l\u0131 oyuncu kadrosuyla dikkat \u00e7ekiyor. Yeni sezonda oyuncu kadrosunu b\u00fcy\u00fck \u00f6l\u00e7\u00fcde geni\u015fleten Te\u015fkilat, pazar ak\u015famlar\u0131na damga vurmaya geliyor. \u0130zleyicinin merakla bekledi\u011fi dizi, ekran maceras\u0131na ba\u015flamak i\u00e7in g\u00fcn say\u0131yor.<\/p>\n<p><img loading=\"lazy\" decoding=\"async\" class=\"alignnone wp-image-232387\" src=\"https:\/\/www.tgrthaber.com\/mavikadin\/wp-content\/uploads\/Adsiz-tasarim-32-64-1024x576.jpg\" alt=\"Asena Giri\u015fken Te\u015fkilat dizisinde! Suzan karakteriyle izleyici kar\u015f\u0131s\u0131na \u00e7\u0131kacak\" width=\"1208\" height=\"680\" title=\"\" srcset=\"https:\/\/www.tgrthaber.com\/mavikadin\/wp-content\/uploads\/Adsiz-tasarim-32-64-1024x576.jpg 1024w, https:\/\/www.tgrthaber.com\/mavikadin\/wp-content\/uploads\/Adsiz-tasarim-32-64-300x169.jpg 300w, https:\/\/www.tgrthaber.com\/mavikadin\/wp-content\/uploads\/Adsiz-tasarim-32-64-768x432.jpg 768w, https:\/\/www.tgrthaber.com\/mavikadin\/wp-content\/uploads\/Adsiz-tasarim-32-64.jpg 1208w\" sizes=\"(max-width: 1208px) 100vw, 1208px\" \/><\/p>\n<hr \/>\n<p>Asena Giri\u015fken, TRT1 ekranlar\u0131nda pazar ak\u015famlar\u0131 yay\u0131nlanan Tims&amp;B Productions imzal\u0131 Te\u015fkilat dizisinde rol almaya haz\u0131rlan\u0131yor. Her sezon farkl\u0131 bir maceraya at\u0131lan dizi, konusu ve g\u00fc\u00e7l\u00fc oyuncu kadrosuyla dikkat topluyor. Burak Arl\u0131er ve Emre Sefer\u2019in y\u00f6netti\u011fi dizi, bomba gibi geliyor.<\/p>\n<p><img loading=\"lazy\" decoding=\"async\" class=\"alignnone wp-image-232389\" src=\"https:\/\/www.tgrthaber.com\/mavikadin\/wp-content\/uploads\/Asena-Girisken-4-1024x576.jpg\" alt=\"Asena Giri\u015fken Te\u015fkilat dizisinde! Suzan karakteriyle izleyici kar\u015f\u0131s\u0131na \u00e7\u0131kacak\" width=\"1208\" height=\"680\" title=\"\" srcset=\"https:\/\/www.tgrthaber.com\/mavikadin\/wp-content\/uploads\/Asena-Girisken-4-1024x576.jpg 1024w, https:\/\/www.tgrthaber.com\/mavikadin\/wp-content\/uploads\/Asena-Girisken-4-300x169.jpg 300w, https:\/\/www.tgrthaber.com\/mavikadin\/wp-content\/uploads\/Asena-Girisken-4-768x432.jpg 768w, https:\/\/www.tgrthaber.com\/mavikadin\/wp-content\/uploads\/Asena-Girisken-4.jpg 1208w\" sizes=\"(max-width: 1208px) 100vw, 1208px\" \/><\/p>\n<hr \/>\n<h3>ASENA G\u0130R\u0130\u015eKEN SUZAN KARAKTER\u0130YLE \u0130ZLEY\u0130C\u0130 KAR\u015eISINA \u00c7IKACAK!<\/h3>\n<p>Gazeteci Birsen Altunta\u015f\u2019\u0131n haberine g\u00f6re; ba\u015far\u0131l\u0131 ve g\u00fczel oyuncu Asena Giri\u015fken, Suzan karakteriyle izleyici kar\u015f\u0131s\u0131na \u00e7\u0131kacak. Rutkay\u2019\u0131n e\u015fi rol\u00fcyle ekranlara gelecek olan Giri\u015fken, Te\u015fkilat Yaz\u0131 Grubu\u2019nun kaleme ald\u0131\u011f\u0131 dizide \u2018Suzan\u2019 karakterini oynayacak.<\/p>\n<p><img loading=\"lazy\" decoding=\"async\" class=\"alignnone wp-image-232390\" src=\"https:\/\/www.tgrthaber.com\/mavikadin\/wp-content\/uploads\/Asena-Girisken-3-1024x576.jpg\" alt=\"Asena Giri\u015fken Te\u015fkilat dizisinde! Suzan karakteriyle izleyici kar\u015f\u0131s\u0131na \u00e7\u0131kacak\" width=\"1208\" height=\"680\" title=\"\" srcset=\"https:\/\/www.tgrthaber.com\/mavikadin\/wp-content\/uploads\/Asena-Girisken-3-1024x576.jpg 1024w, https:\/\/www.tgrthaber.com\/mavikadin\/wp-content\/uploads\/Asena-Girisken-3-300x169.jpg 300w, https:\/\/www.tgrthaber.com\/mavikadin\/wp-content\/uploads\/Asena-Girisken-3-768x432.jpg 768w, https:\/\/www.tgrthaber.com\/mavikadin\/wp-content\/uploads\/Asena-Girisken-3.jpg 1208w\" sizes=\"(max-width: 1208px) 100vw, 1208px\" \/><\/p>\n<hr \/>\n<p>Di\u011fer yandan 6. sezonun k\u00f6t\u00fc adam\u0131 Rutkay\u2019\u0131 ise ba\u015far\u0131l\u0131 oyuncu <a href=\"https:\/\/www.tgrthaber.com\/mavikadin\/teskilat-6-sezona-bomba-uclu-serhat-tutumluer-bulent-polat-ve-murat-parasayar-kadroda\/\">Serhat Tutumluer<\/a> oynayacak. Asena Giri\u015fken ve Serhat Tutumluer Te\u015fkilat dizisinde partner olacak. Seyircinin b\u00fcy\u00fck bir heyecanla bekledi\u011fi dizide ikilinin performans\u0131 da merak edildi.<\/p>\n<p><img loading=\"lazy\" decoding=\"async\" class=\"alignnone wp-image-232391\" src=\"https:\/\/www.tgrthaber.com\/mavikadin\/wp-content\/uploads\/Asena-Girisken-2-1024x576.jpg\" alt=\"Asena Giri\u015fken Te\u015fkilat dizisinde! Suzan karakteriyle izleyici kar\u015f\u0131s\u0131na \u00e7\u0131kacak\" width=\"1208\" height=\"680\" title=\"\" srcset=\"https:\/\/www.tgrthaber.com\/mavikadin\/wp-content\/uploads\/Asena-Girisken-2-1024x576.jpg 1024w, https:\/\/www.tgrthaber.com\/mavikadin\/wp-content\/uploads\/Asena-Girisken-2-300x169.jpg 300w, https:\/\/www.tgrthaber.com\/mavikadin\/wp-content\/uploads\/Asena-Girisken-2-768x432.jpg 768w, https:\/\/www.tgrthaber.com\/mavikadin\/wp-content\/uploads\/Asena-Girisken-2.jpg 1208w\" sizes=\"(max-width: 1208px) 100vw, 1208px\" \/><\/p>\n<hr \/>\n<h3>ASENA G\u0130R\u0130\u015eKEN K\u0130MD\u0130R?<\/h3>\n<p>Asena Giri\u015fken, 12 Ocak 1992 y\u0131l\u0131nda Hatay\u2019da d\u00fcnyaya geldi. Hen\u00fcz \u00e7ok erken ya\u015flarda oyunculuk kariyerine ba\u015flayan Giri\u015fken, 14 ya\u015f\u0131nda tiyatro oyunlar\u0131nda yer ald\u0131. Craft Oyunculuk At\u00f6lyesinde oyunculuk e\u011fitimleri alan Giri\u015fken, kariyerini oyunculuk alan\u0131nda geli\u015ftirdi. Giri\u015fken, 18 ya\u015f\u0131nda Naz\u0131m Hikmet Tiyatro Akademisi\u2019ni kazand\u0131 ve \u0130stanbul\u2019daki oyunculuk yolcu\u011funa ba\u015flad\u0131.<\/p>\n<p><img loading=\"lazy\" decoding=\"async\" class=\"alignnone wp-image-232388\" src=\"https:\/\/www.tgrthaber.com\/mavikadin\/wp-content\/uploads\/Asena-Girisken-5-1024x576.jpg\" alt=\"Asena Giri\u015fken Te\u015fkilat dizisinde! Suzan karakteriyle izleyici kar\u015f\u0131s\u0131na \u00e7\u0131kacak\" width=\"1208\" height=\"680\" title=\"\" srcset=\"https:\/\/www.tgrthaber.com\/mavikadin\/wp-content\/uploads\/Asena-Girisken-5-1024x576.jpg 1024w, https:\/\/www.tgrthaber.com\/mavikadin\/wp-content\/uploads\/Asena-Girisken-5-300x169.jpg 300w, https:\/\/www.tgrthaber.com\/mavikadin\/wp-content\/uploads\/Asena-Girisken-5-768x432.jpg 768w, https:\/\/www.tgrthaber.com\/mavikadin\/wp-content\/uploads\/Asena-Girisken-5.jpg 1208w\" sizes=\"(max-width: 1208px) 100vw, 1208px\" \/><\/p>\n<hr \/>\n<p>Oyunculu\u011fa tiyatro oyunlar\u0131yla ba\u015flayan Asena Giri\u015fken, daha sonra televizyon dizileriyle kariyerine devam etti. \u00d6zellikle \u2018\u00dc\u00e7 Kuru\u015f\u2019 dizisiyle ismini duyuran Giri\u015fken, \u00c7ember, A\u015fk Yeniden, \u0130stanbullu Gelin gibi dizilerde de boy g\u00f6sterdi. \u015eimdilerde TRT1 ekranlar\u0131n\u0131n fenomen dizisi Te\u015fkilat\u2019ta yer alan Giri\u015fken performans\u0131yla merak uyand\u0131rd\u0131.<\/p>\n","protected":false},"excerpt":{"rendered":"<p>Asena Giri\u015fken, b\u00fcy\u00fck bir h\u0131zla geni\u015fleyen Te\u015fkilat dizisinin oyuncu kadrosuna dahil oldu. Suzan karakteriyle izleyici kar\u015f\u0131s\u0131na ge\u00e7ecek olan \u00fcnl\u00fc oyuncunun performans\u0131 \u015fimdiden merak konusu oldu. <\/p>\n","protected":false},"author":26,"featured_media":232381,"comment_status":"closed","ping_status":"closed","sticky":false,"template":"","format":"standard","meta":{"rank_math_lock_modified_date":false,"footnotes":""},"categories":[602],"tags":[61728,32159,2628,3602,840,13607,61729],"class_list":["post-232376","post","type-post","status-publish","format-standard","has-post-thumbnail","hentry","category-diziler","tag-asena-girisken-teskilat","tag-dizi","tag-dizi-haberleri","tag-diziler","tag-teskilat","tag-teskilat-6-sezon","tag-teskilat-suzan"],"_links":{"self":[{"href":"https:\/\/www.tgrthaber.com\/mavikadin\/wp-json\/wp\/v2\/posts\/232376"}],"collection":[{"href":"https:\/\/www.tgrthaber.com\/mavikadin\/wp-json\/wp\/v2\/posts"}],"about":[{"href":"https:\/\/www.tgrthaber.com\/mavikadin\/wp-json\/wp\/v2\/types\/post"}],"author":[{"embeddable":true,"href":"https:\/\/www.tgrthaber.com\/mavikadin\/wp-json\/wp\/v2\/users\/26"}],"replies":[{"embeddable":true,"href":"https:\/\/www.tgrthaber.com\/mavikadin\/wp-json\/wp\/v2\/comments?post=232376"}],"version-history":[{"count":2,"href":"https:\/\/www.tgrthaber.com\/mavikadin\/wp-json\/wp\/v2\/posts\/232376\/revisions"}],"predecessor-version":[{"id":232393,"href":"https:\/\/www.tgrthaber.com\/mavikadin\/wp-json\/wp\/v2\/posts\/232376\/revisions\/232393"}],"wp:featuredmedia":[{"embeddable":true,"href":"https:\/\/www.tgrthaber.com\/mavikadin\/wp-json\/wp\/v2\/media\/232381"}],"wp:attachment":[{"href":"https:\/\/www.tgrthaber.com\/mavikadin\/wp-json\/wp\/v2\/media?parent=232376"}],"wp:term":[{"taxonomy":"category","embeddable":true,"href":"https:\/\/www.tgrthaber.com\/mavikadin\/wp-json\/wp\/v2\/categories?post=232376"},{"taxonomy":"post_tag","embeddable":true,"href":"https:\/\/www.tgrthaber.com\/mavikadin\/wp-json\/wp\/v2\/tags?post=232376"}],"curies":[{"name":"wp","href":"https:\/\/api.w.org\/{rel}","templated":true}]}}