{"id":232385,"date":"2025-09-08T10:14:26","date_gmt":"2025-09-08T07:14:26","guid":{"rendered":"https:\/\/www.tgrthaber.com\/mavikadin\/?p=232385"},"modified":"2025-09-08T10:14:27","modified_gmt":"2025-09-08T07:14:27","slug":"ayse-kulin-kimdir-ayse-kulin-kac-yasinda-nereli","status":"publish","type":"post","link":"https:\/\/www.tgrthaber.com\/mavikadin\/ayse-kulin-kimdir-ayse-kulin-kac-yasinda-nereli\/","title":{"rendered":"Ay\u015fe Kulin kimdir? Ay\u015fe Kulin ka\u00e7 ya\u015f\u0131nda nereli?"},"content":{"rendered":"<p>\u00dcnl\u00fc isim Ay\u015fe Kulin\u2019in ac\u0131 g\u00fcn\u00fc. Kulin, e\u015fi olan Engin Baraz\u2019 \u0131 kaybetti\u011fini duyurdu. Kendi sosyal medyas\u0131ndan vefat haberini payla\u015fmas\u0131ndan sonra arama motorlar\u0131nda ara\u015ft\u0131r\u0131lmaya ba\u015fland\u0131. Peki, Ay\u015fe Kulin kimdir? Ay\u015fe Kulin ka\u00e7 ya\u015f\u0131nda nereli?<\/p>\n<h3>AY\u015eE KUL\u0130N K\u0130MD\u0130R?<\/h3>\n<p>\u00dcnl\u00fc yazar Ay\u015fe Kulin, 26 A\u011fustos 1941 y\u0131l\u0131nda \u0130stanbul\u2019da d\u00fcnyaya geldi. Kitaplar\u0131 ile dikkatleri \u00fczerine \u00e7ekmeye devam ediyor. \u00dcnl\u00fc yazar Arnavutk\u00f6y Amerikan K\u0131z Koleji\u2019nde e\u011fitim al\u0131rken Mehmet Sarper\u2019le tan\u0131\u015fm\u0131\u015ft\u0131r.<\/p>\n<p><img loading=\"lazy\" decoding=\"async\" class=\"alignnone size-full wp-image-232401\" src=\"https:\/\/www.tgrthaber.com\/mavikadin\/wp-content\/uploads\/ARZU-87-13.jpg\" alt=\"Ay\u015fe Kulin kimdir? Ay\u015fe Kulin ka\u00e7 ya\u015f\u0131nda nereli? \" width=\"1208\" height=\"680\" title=\"\" srcset=\"https:\/\/www.tgrthaber.com\/mavikadin\/wp-content\/uploads\/ARZU-87-13.jpg 1208w, https:\/\/www.tgrthaber.com\/mavikadin\/wp-content\/uploads\/ARZU-87-13-300x169.jpg 300w, https:\/\/www.tgrthaber.com\/mavikadin\/wp-content\/uploads\/ARZU-87-13-1024x576.jpg 1024w, https:\/\/www.tgrthaber.com\/mavikadin\/wp-content\/uploads\/ARZU-87-13-768x432.jpg 768w\" sizes=\"(max-width: 1208px) 100vw, 1208px\" \/><\/p>\n<hr \/>\n<p>Mehmet Sarper\u2019den Amerika\u2019da evlilik s\u00f6z\u00fc alarak evlenmi\u015ftir. Ay\u015fe Kulin, Amerika\u2019da London School of Economics\u2019de sosyoloji e\u011fitimi alm\u0131\u015ft\u0131r. Ancak bu d\u00f6nemde iki \u00e7ocu\u011fu olmas\u0131 nedeniyle okulu bitirememi\u015ftir.<\/p>\n<p><img loading=\"lazy\" decoding=\"async\" class=\"alignnone size-full wp-image-232400\" src=\"https:\/\/www.tgrthaber.com\/mavikadin\/wp-content\/uploads\/ARZU-86-12.jpg\" alt=\"Ay\u015fe Kulin kimdir? Ay\u015fe Kulin ka\u00e7 ya\u015f\u0131nda nereli? \" width=\"1208\" height=\"680\" title=\"\" srcset=\"https:\/\/www.tgrthaber.com\/mavikadin\/wp-content\/uploads\/ARZU-86-12.jpg 1208w, https:\/\/www.tgrthaber.com\/mavikadin\/wp-content\/uploads\/ARZU-86-12-300x169.jpg 300w, https:\/\/www.tgrthaber.com\/mavikadin\/wp-content\/uploads\/ARZU-86-12-1024x576.jpg 1024w, https:\/\/www.tgrthaber.com\/mavikadin\/wp-content\/uploads\/ARZU-86-12-768x432.jpg 768w\" sizes=\"(max-width: 1208px) 100vw, 1208px\" \/><\/p>\n<hr \/>\n<p>Edit\u00f6r, muhabir, sahne yap\u0131mc\u0131s\u0131 ve sanat y\u00f6neticisi olarak \u00e7e\u015fitli g\u00f6revlerde \u00e7al\u0131\u015fm\u0131\u015ft\u0131r. \u015eimdiye kadar \u00e7\u0131kard\u0131\u011f\u0131 32 adet eseri de mevcuttur. Bu kitaplar\u0131n baz\u0131s\u0131 22 dile de \u00e7evrilmi\u015ftir. Yazar\u0131n konuk oldu\u011fu ve sundu\u011fu bir\u00e7ok TV program\u0131 da vard\u0131r.<\/p>\n<p><img loading=\"lazy\" decoding=\"async\" class=\"alignnone size-full wp-image-232399\" src=\"https:\/\/www.tgrthaber.com\/mavikadin\/wp-content\/uploads\/ARZU-80-12.jpg\" alt=\"Ay\u015fe Kulin kimdir? Ay\u015fe Kulin ka\u00e7 ya\u015f\u0131nda nereli? \" width=\"1208\" height=\"680\" title=\"\" srcset=\"https:\/\/www.tgrthaber.com\/mavikadin\/wp-content\/uploads\/ARZU-80-12.jpg 1208w, https:\/\/www.tgrthaber.com\/mavikadin\/wp-content\/uploads\/ARZU-80-12-300x169.jpg 300w, https:\/\/www.tgrthaber.com\/mavikadin\/wp-content\/uploads\/ARZU-80-12-1024x576.jpg 1024w, https:\/\/www.tgrthaber.com\/mavikadin\/wp-content\/uploads\/ARZU-80-12-768x432.jpg 768w\" sizes=\"(max-width: 1208px) 100vw, 1208px\" \/><\/p>\n<hr \/>\n<p>\u0130lk kitab\u0131 olan G\u00fcne\u015fe D\u00f6n Y\u00fcz\u00fcn\u00fc adl\u0131 kitab\u0131d\u0131r. Daha sonra G\u00fclizar adl\u0131 \u00f6yk\u00fcs\u00fc, K\u0131r\u0131k Bebek ad\u0131yla senaryola\u015fm\u0131\u015ft\u0131r. Bu senaryola\u015fan kitap 1986 y\u0131l\u0131nda K\u00fclt\u00fcr Bakanl\u0131\u011f\u0131 \u00d6d\u00fcl\u00fcn\u00fc kazanm\u0131\u015ft\u0131r. En \u00e7ok satan kitaplar\u0131 aras\u0131ndan yer alan \u2018Hayal\u2019 bu kitab\u0131n da yazarl\u0131\u011fa nas\u0131l ba\u015flad\u0131\u011f\u0131n\u0131 nerelere kadar ve nas\u0131l geldi\u011fini bu kitab\u0131nda anlatm\u0131\u015ft\u0131r.<\/p>\n<h3><img loading=\"lazy\" decoding=\"async\" class=\"alignnone size-full wp-image-232398\" src=\"https:\/\/www.tgrthaber.com\/mavikadin\/wp-content\/uploads\/ARZU-81-12.jpg\" alt=\"Ay\u015fe Kulin kimdir? Ay\u015fe Kulin ka\u00e7 ya\u015f\u0131nda nereli? \" width=\"1208\" height=\"680\" title=\"\" srcset=\"https:\/\/www.tgrthaber.com\/mavikadin\/wp-content\/uploads\/ARZU-81-12.jpg 1208w, https:\/\/www.tgrthaber.com\/mavikadin\/wp-content\/uploads\/ARZU-81-12-300x169.jpg 300w, https:\/\/www.tgrthaber.com\/mavikadin\/wp-content\/uploads\/ARZU-81-12-1024x576.jpg 1024w, https:\/\/www.tgrthaber.com\/mavikadin\/wp-content\/uploads\/ARZU-81-12-768x432.jpg 768w\" sizes=\"(max-width: 1208px) 100vw, 1208px\" \/><\/h3>\n<hr \/>\n<h3>AY\u015eE KUL\u0130N KA\u00c7 YA\u015eINDA?<\/h3>\n<p>\u0130stanbul\u2019da \u00e7ocuklu\u011funu \u0130stanbul\u2019da ge\u00e7iren Ay\u015fe Kulin, \u00fc\u00e7 ailelik tek \u00e7ocu\u011fu olan Ay\u015fe Kulin, \u00e7ocuklu\u011funda d\u00f6rt ku\u015fak aileye sahip oldu\u011funu da ifade etmi\u015ftir. E\u011fitim g\u00f6rs\u00fc\u011f\u00fc y\u0131llarda \u00e7ok me\u015fhur ve tan\u0131nm\u0131\u015f arkada\u015fl\u0131klar edinmi\u015ftir.<\/p>\n<p><img loading=\"lazy\" decoding=\"async\" class=\"alignnone size-full wp-image-232396\" src=\"https:\/\/www.tgrthaber.com\/mavikadin\/wp-content\/uploads\/ARZU-83-13.jpg\" alt=\"Ay\u015fe Kulin kimdir? Ay\u015fe Kulin ka\u00e7 ya\u015f\u0131nda nereli? \" width=\"1208\" height=\"680\" title=\"\" srcset=\"https:\/\/www.tgrthaber.com\/mavikadin\/wp-content\/uploads\/ARZU-83-13.jpg 1208w, https:\/\/www.tgrthaber.com\/mavikadin\/wp-content\/uploads\/ARZU-83-13-300x169.jpg 300w, https:\/\/www.tgrthaber.com\/mavikadin\/wp-content\/uploads\/ARZU-83-13-1024x576.jpg 1024w, https:\/\/www.tgrthaber.com\/mavikadin\/wp-content\/uploads\/ARZU-83-13-768x432.jpg 768w\" sizes=\"(max-width: 1208px) 100vw, 1208px\" \/><\/p>\n<hr \/>\n<p>\u015eimdilerde 84 ya\u015f\u0131nda olan Ay\u015fe Kulin, e\u015finin vefat haberi ile g\u00fcndeme geldi. E\u015fi Engin Bazar\u2019\u0131 kaybeden Ay\u015fe Kulin, sosyal medyas\u0131nda duyurmu\u015f ve \u00fcz\u00fcnt\u00fcs\u00fcn\u00fc ifade etmi\u015ftir.<\/p>\n<h3><img loading=\"lazy\" decoding=\"async\" class=\"alignnone size-full wp-image-232395\" src=\"https:\/\/www.tgrthaber.com\/mavikadin\/wp-content\/uploads\/ARZU-84-12.jpg\" alt=\"Ay\u015fe Kulin kimdir? Ay\u015fe Kulin ka\u00e7 ya\u015f\u0131nda nereli? \" width=\"1208\" height=\"680\" title=\"\" srcset=\"https:\/\/www.tgrthaber.com\/mavikadin\/wp-content\/uploads\/ARZU-84-12.jpg 1208w, https:\/\/www.tgrthaber.com\/mavikadin\/wp-content\/uploads\/ARZU-84-12-300x169.jpg 300w, https:\/\/www.tgrthaber.com\/mavikadin\/wp-content\/uploads\/ARZU-84-12-1024x576.jpg 1024w, https:\/\/www.tgrthaber.com\/mavikadin\/wp-content\/uploads\/ARZU-84-12-768x432.jpg 768w\" sizes=\"(max-width: 1208px) 100vw, 1208px\" \/><\/h3>\n<hr \/>\n<h3>AY\u015eE KUL\u0130N NEREL\u0130?<\/h3>\n<p>Baba taraf\u0131ndan Bosnal\u0131 anne taraf\u0131ndan \u00c7erkes as\u0131ll\u0131 olan Ay\u015fe Kulin, yazmaya ortaokulda ba\u015flad\u0131\u011f\u0131n\u0131 bir\u00e7ok \u00fcnl\u00fc isim yazarlar\u0131 s\u0131k\u0131 s\u0131k\u0131ya takip etti\u011fini ifade etmektedir.<\/p>\n<p><img loading=\"lazy\" decoding=\"async\" class=\"alignnone size-full wp-image-232394\" src=\"https:\/\/www.tgrthaber.com\/mavikadin\/wp-content\/uploads\/ARZU-85-12.jpg\" alt=\"Ay\u015fe Kulin kimdir? Ay\u015fe Kulin ka\u00e7 ya\u015f\u0131nda nereli? \" width=\"1208\" height=\"680\" title=\"\" srcset=\"https:\/\/www.tgrthaber.com\/mavikadin\/wp-content\/uploads\/ARZU-85-12.jpg 1208w, https:\/\/www.tgrthaber.com\/mavikadin\/wp-content\/uploads\/ARZU-85-12-300x169.jpg 300w, https:\/\/www.tgrthaber.com\/mavikadin\/wp-content\/uploads\/ARZU-85-12-1024x576.jpg 1024w, https:\/\/www.tgrthaber.com\/mavikadin\/wp-content\/uploads\/ARZU-85-12-768x432.jpg 768w\" sizes=\"(max-width: 1208px) 100vw, 1208px\" \/><\/p>\n<hr \/>\n<p>Anne ve babas\u0131n\u0131n te\u015fvikiyle kitaplar ile erken ya\u015fta ta\u015f\u0131san Ay\u015fe Kulin, okuma yazma \u00f6\u011frenmesi ile de erken ya\u015fta ufak tefek de olsa yazmaya ba\u015flam\u0131\u015ft\u0131r. Kitaplar\u0131 ile adete insan\u0131 kendi i\u015fine \u00e7eken Ay\u015fe Kulin, yazarl\u0131k alan\u0131nda yazd\u0131\u011f\u0131 kitaplar ile de dikkatleri \u00fczerine \u00e7ekiyor.<\/p>\n","protected":false},"excerpt":{"rendered":"<p>\u00dcnl\u00fc yazar Ay\u015fe Kulin\u2019in e\u015fi Engin Baraz, ge\u00e7ti\u011fimiz saatlerde vefat etti\u011fi haberi geldi. Ay\u015fe Kulin, kendi sosyal medya hesab\u0131ndan duyurdu. Bu haber sonras\u0131 Ay\u015fe Kulin merak edildi. Peki, Ay\u015fe Kulin kimdir? Ay\u015fe Kulin ka\u00e7 ya\u015f\u0131nda nereli? <\/p>\n","protected":false},"author":34,"featured_media":232397,"comment_status":"closed","ping_status":"closed","sticky":false,"template":"","format":"standard","meta":{"rank_math_lock_modified_date":false,"footnotes":""},"categories":[491],"tags":[40975,61730,16521,133],"class_list":["post-232385","post","type-post","status-publish","format-standard","has-post-thumbnail","hentry","category-biyografi","tag-ayse-kulin","tag-ayse-kulin-kimdir","tag-biyografi-haberleri","tag-magazin"],"_links":{"self":[{"href":"https:\/\/www.tgrthaber.com\/mavikadin\/wp-json\/wp\/v2\/posts\/232385"}],"collection":[{"href":"https:\/\/www.tgrthaber.com\/mavikadin\/wp-json\/wp\/v2\/posts"}],"about":[{"href":"https:\/\/www.tgrthaber.com\/mavikadin\/wp-json\/wp\/v2\/types\/post"}],"author":[{"embeddable":true,"href":"https:\/\/www.tgrthaber.com\/mavikadin\/wp-json\/wp\/v2\/users\/34"}],"replies":[{"embeddable":true,"href":"https:\/\/www.tgrthaber.com\/mavikadin\/wp-json\/wp\/v2\/comments?post=232385"}],"version-history":[{"count":2,"href":"https:\/\/www.tgrthaber.com\/mavikadin\/wp-json\/wp\/v2\/posts\/232385\/revisions"}],"predecessor-version":[{"id":232403,"href":"https:\/\/www.tgrthaber.com\/mavikadin\/wp-json\/wp\/v2\/posts\/232385\/revisions\/232403"}],"wp:featuredmedia":[{"embeddable":true,"href":"https:\/\/www.tgrthaber.com\/mavikadin\/wp-json\/wp\/v2\/media\/232397"}],"wp:attachment":[{"href":"https:\/\/www.tgrthaber.com\/mavikadin\/wp-json\/wp\/v2\/media?parent=232385"}],"wp:term":[{"taxonomy":"category","embeddable":true,"href":"https:\/\/www.tgrthaber.com\/mavikadin\/wp-json\/wp\/v2\/categories?post=232385"},{"taxonomy":"post_tag","embeddable":true,"href":"https:\/\/www.tgrthaber.com\/mavikadin\/wp-json\/wp\/v2\/tags?post=232385"}],"curies":[{"name":"wp","href":"https:\/\/api.w.org\/{rel}","templated":true}]}}