{"id":232404,"date":"2025-09-08T10:41:23","date_gmt":"2025-09-08T07:41:23","guid":{"rendered":"https:\/\/www.tgrthaber.com\/mavikadin\/?p=232404"},"modified":"2025-09-08T10:41:23","modified_gmt":"2025-09-08T07:41:23","slug":"ayse-kulinin-esi-kimdir-ayse-kulinin-esi-engin-baraz-neden-oldu","status":"publish","type":"post","link":"https:\/\/www.tgrthaber.com\/mavikadin\/ayse-kulinin-esi-kimdir-ayse-kulinin-esi-engin-baraz-neden-oldu\/","title":{"rendered":"Ay\u015fe Kulin&#8217;in e\u015fi kimdir? Ay\u015fe Kulin&#8217;in e\u015fi Engin Baraz neden \u00f6ld\u00fc?"},"content":{"rendered":"<p>Ay\u015fe Kulin, instagram hesab\u0131ndan e\u015fi Engin Baraz\u2019\u0131n vefat haberini takip\u00e7ileriyle payla\u015ft\u0131. Ay\u015fe Kulin ile 40 y\u0131ld\u0131r beraber olan Baraz\u2019\u0131n kim oldu\u011fu merak edildi. Ay\u015fe Kulin&#8217;in e\u015fi kimdir? Ay\u015fe Kulin&#8217;in e\u015fi Engin Baraz neden \u00f6ld\u00fc?<\/p>\n<h3>AY\u015eE KUL\u0130N E\u015e\u0130 K\u0130MD\u0130R?<\/h3>\n<p>Ay\u015fe Kulin&#8217;in e\u015fi Engin Baraz&#8217;d\u0131r.<\/p>\n<p>Ay\u015fe Kulin ilk evlili\u011fini hen\u00fcz 20 ya\u015f\u0131ndayken, 1961 y\u0131l\u0131nda Mehmet Sarper ile yapt\u0131. Bu evlilikten Mete Sarper ve Ali Sarper isimlerinde 2 evlatlar\u0131 d\u00fcnyaya geldi. Ay\u015fe Kulin ve Mehmet Sarper \u00e7ifti 1964&#8217;te bo\u015fand\u0131lar.<\/p>\n<p><img loading=\"lazy\" decoding=\"async\" class=\"size-full wp-image-232406 aligncenter\" src=\"https:\/\/www.tgrthaber.com\/mavikadin\/wp-content\/uploads\/ayse-kulin-esi-kimdir-ayse-kulin-in-esi-engin-baraz-neden-oldu-7.jpg\" alt=\"\" width=\"1208\" height=\"680\" title=\"\" srcset=\"https:\/\/www.tgrthaber.com\/mavikadin\/wp-content\/uploads\/ayse-kulin-esi-kimdir-ayse-kulin-in-esi-engin-baraz-neden-oldu-7.jpg 1208w, https:\/\/www.tgrthaber.com\/mavikadin\/wp-content\/uploads\/ayse-kulin-esi-kimdir-ayse-kulin-in-esi-engin-baraz-neden-oldu-7-300x169.jpg 300w, https:\/\/www.tgrthaber.com\/mavikadin\/wp-content\/uploads\/ayse-kulin-esi-kimdir-ayse-kulin-in-esi-engin-baraz-neden-oldu-7-1024x576.jpg 1024w, https:\/\/www.tgrthaber.com\/mavikadin\/wp-content\/uploads\/ayse-kulin-esi-kimdir-ayse-kulin-in-esi-engin-baraz-neden-oldu-7-768x432.jpg 768w\" sizes=\"(max-width: 1208px) 100vw, 1208px\" \/><\/p>\n<hr \/>\n<p>Ay\u015fe Kulin 2. evlili\u011fini 1967 y\u0131l\u0131nda Eren Kemahl\u0131 ile yapt\u0131. Kulin&#8217;in bu evlilikten Kerim ve Selim adlar\u0131nda 2 o\u011flu bulunuyor. Ay\u015fe Kulin-Eren Kemahl\u0131 \u00e7ifti 1989 y\u0131l\u0131nda bo\u015fand\u0131lar.<\/p>\n<p><img loading=\"lazy\" decoding=\"async\" class=\"size-full wp-image-232407 aligncenter\" src=\"https:\/\/www.tgrthaber.com\/mavikadin\/wp-content\/uploads\/ayse-kulin-esi-kimdir-ayse-kulin-in-esi-engin-baraz-neden-oldu-5.jpg\" alt=\"\" width=\"1208\" height=\"680\" title=\"\" srcset=\"https:\/\/www.tgrthaber.com\/mavikadin\/wp-content\/uploads\/ayse-kulin-esi-kimdir-ayse-kulin-in-esi-engin-baraz-neden-oldu-5.jpg 1208w, https:\/\/www.tgrthaber.com\/mavikadin\/wp-content\/uploads\/ayse-kulin-esi-kimdir-ayse-kulin-in-esi-engin-baraz-neden-oldu-5-300x169.jpg 300w, https:\/\/www.tgrthaber.com\/mavikadin\/wp-content\/uploads\/ayse-kulin-esi-kimdir-ayse-kulin-in-esi-engin-baraz-neden-oldu-5-1024x576.jpg 1024w, https:\/\/www.tgrthaber.com\/mavikadin\/wp-content\/uploads\/ayse-kulin-esi-kimdir-ayse-kulin-in-esi-engin-baraz-neden-oldu-5-768x432.jpg 768w\" sizes=\"(max-width: 1208px) 100vw, 1208px\" \/><\/p>\n<hr \/>\n<p>Ay\u015fe Kulin yaln\u0131zca 2 evlilik yapt\u0131. Kulin, 1985 y\u0131l\u0131ndan bu yana Engin Baraz ile beraberdi. Kulin, Baraz ile resmi evlilik yapmad\u0131 fakat Engin Baraz&#8217;dan e\u015fim olarak bahsediyordu.<\/p>\n<p><img loading=\"lazy\" decoding=\"async\" class=\"size-full wp-image-232408 aligncenter\" src=\"https:\/\/www.tgrthaber.com\/mavikadin\/wp-content\/uploads\/ayse-kulin-esi-kimdir-ayse-kulin-in-esi-engin-baraz-neden-oldu-4.jpg\" alt=\"\" width=\"1208\" height=\"680\" title=\"\" srcset=\"https:\/\/www.tgrthaber.com\/mavikadin\/wp-content\/uploads\/ayse-kulin-esi-kimdir-ayse-kulin-in-esi-engin-baraz-neden-oldu-4.jpg 1208w, https:\/\/www.tgrthaber.com\/mavikadin\/wp-content\/uploads\/ayse-kulin-esi-kimdir-ayse-kulin-in-esi-engin-baraz-neden-oldu-4-300x169.jpg 300w, https:\/\/www.tgrthaber.com\/mavikadin\/wp-content\/uploads\/ayse-kulin-esi-kimdir-ayse-kulin-in-esi-engin-baraz-neden-oldu-4-1024x576.jpg 1024w, https:\/\/www.tgrthaber.com\/mavikadin\/wp-content\/uploads\/ayse-kulin-esi-kimdir-ayse-kulin-in-esi-engin-baraz-neden-oldu-4-768x432.jpg 768w\" sizes=\"(max-width: 1208px) 100vw, 1208px\" \/><\/p>\n<hr \/>\n<h3>AY\u015eE KUL\u0130N&#8217;\u0130N E\u015e\u0130 ENG\u0130N BARAZ K\u0130MD\u0130R?<\/h3>\n<p>Engin Baraz, Ay\u015fe Kulin&#8217;in evlilik yapmad\u0131\u011f\u0131 ancak 1985&#8217;ten beri beraber ya\u015fad\u0131\u011f\u0131, can yolda\u015f\u0131m, hayat arkada\u015f\u0131m olarak bahsetti\u011fi ki\u015fidir.<\/p>\n<p><img loading=\"lazy\" decoding=\"async\" class=\"size-full wp-image-232409 aligncenter\" src=\"https:\/\/www.tgrthaber.com\/mavikadin\/wp-content\/uploads\/ayse-kulin-esi-kimdir-ayse-kulin-in-esi-engin-baraz-neden-oldu-2.jpg\" alt=\"\" width=\"1208\" height=\"680\" title=\"\" srcset=\"https:\/\/www.tgrthaber.com\/mavikadin\/wp-content\/uploads\/ayse-kulin-esi-kimdir-ayse-kulin-in-esi-engin-baraz-neden-oldu-2.jpg 1208w, https:\/\/www.tgrthaber.com\/mavikadin\/wp-content\/uploads\/ayse-kulin-esi-kimdir-ayse-kulin-in-esi-engin-baraz-neden-oldu-2-300x169.jpg 300w, https:\/\/www.tgrthaber.com\/mavikadin\/wp-content\/uploads\/ayse-kulin-esi-kimdir-ayse-kulin-in-esi-engin-baraz-neden-oldu-2-1024x576.jpg 1024w, https:\/\/www.tgrthaber.com\/mavikadin\/wp-content\/uploads\/ayse-kulin-esi-kimdir-ayse-kulin-in-esi-engin-baraz-neden-oldu-2-768x432.jpg 768w\" sizes=\"(max-width: 1208px) 100vw, 1208px\" \/><\/p>\n<hr \/>\n<p>Ay\u015fe Kulin\u2019in e\u015fi Engin Baraz\u2019\u0131n kim oldu\u011fu hakk\u0131nda sosyal medyada pek malumat bulunmuyor.<\/p>\n<p>Engin Baraz 89 ya\u015f\u0131nda hayata veda etti.<\/p>\n<p><img loading=\"lazy\" decoding=\"async\" class=\"size-full wp-image-232410 aligncenter\" src=\"https:\/\/www.tgrthaber.com\/mavikadin\/wp-content\/uploads\/ayse-kulin-esi-kimdir-ayse-kulin-in-esi-engin-baraz-neden-oldu-6.jpg\" alt=\"\" width=\"1208\" height=\"680\" title=\"\" srcset=\"https:\/\/www.tgrthaber.com\/mavikadin\/wp-content\/uploads\/ayse-kulin-esi-kimdir-ayse-kulin-in-esi-engin-baraz-neden-oldu-6.jpg 1208w, https:\/\/www.tgrthaber.com\/mavikadin\/wp-content\/uploads\/ayse-kulin-esi-kimdir-ayse-kulin-in-esi-engin-baraz-neden-oldu-6-300x169.jpg 300w, https:\/\/www.tgrthaber.com\/mavikadin\/wp-content\/uploads\/ayse-kulin-esi-kimdir-ayse-kulin-in-esi-engin-baraz-neden-oldu-6-1024x576.jpg 1024w, https:\/\/www.tgrthaber.com\/mavikadin\/wp-content\/uploads\/ayse-kulin-esi-kimdir-ayse-kulin-in-esi-engin-baraz-neden-oldu-6-768x432.jpg 768w\" sizes=\"(max-width: 1208px) 100vw, 1208px\" \/><\/p>\n<hr \/>\n<h3>AY\u015eE KUL\u0130N\u2019\u0130N E\u015e\u0130 ENG\u0130N BARAZ NEDEN \u00d6LD\u00dc?<\/h3>\n<p>Ay\u015fe Kulin\u2019in e\u015fi Engin Baraz\u2019\u0131n \u00f6l\u00fcm nedeni kamuoyu ile payla\u015f\u0131lmad\u0131. Engin Baraz\u2019\u0131n ya\u015fl\u0131l\u0131\u011fa ba\u011fl\u0131 do\u011fal \u00f6l\u00fcmden dolay\u0131 vefat etti\u011fi d\u00fc\u015f\u00fcn\u00fcl\u00fcyor.<\/p>\n<h3>\u201cACIMIN TAR\u0130F\u0130 YOK\u201d<\/h3>\n<p>Ay\u015fe Kulin, instagram hesab\u0131ndan e\u015finin vefat\u0131n\u0131 \u015fu haberle duyurdu: &#8220;1985\u2019den beri can yolda\u015f\u0131m, hayat arkada\u015f\u0131m , sevgili Engin\u2019imi kaybettim. Ona kavu\u015fana kadar ac\u0131m\u0131n tarifi yok. Nurlar \u0131\u015f\u0131klar i\u00e7inde uyusun. Ay\u015fe K&#8221; Ac\u0131 haberin ard\u0131ndan Kulin\u2019in takip\u00e7ileri Ay\u015fe Kulin\u2019e taziye dileklerinde bulundu.<\/p>\n<p><img loading=\"lazy\" decoding=\"async\" class=\"size-full wp-image-232411 aligncenter\" src=\"https:\/\/www.tgrthaber.com\/mavikadin\/wp-content\/uploads\/ayse-kulin-esi-kimdir-ayse-kulin-in-esi-engin-baraz-neden-oldu-3.jpg\" alt=\"\" width=\"1208\" height=\"680\" title=\"\" srcset=\"https:\/\/www.tgrthaber.com\/mavikadin\/wp-content\/uploads\/ayse-kulin-esi-kimdir-ayse-kulin-in-esi-engin-baraz-neden-oldu-3.jpg 1208w, https:\/\/www.tgrthaber.com\/mavikadin\/wp-content\/uploads\/ayse-kulin-esi-kimdir-ayse-kulin-in-esi-engin-baraz-neden-oldu-3-300x169.jpg 300w, https:\/\/www.tgrthaber.com\/mavikadin\/wp-content\/uploads\/ayse-kulin-esi-kimdir-ayse-kulin-in-esi-engin-baraz-neden-oldu-3-1024x576.jpg 1024w, https:\/\/www.tgrthaber.com\/mavikadin\/wp-content\/uploads\/ayse-kulin-esi-kimdir-ayse-kulin-in-esi-engin-baraz-neden-oldu-3-768x432.jpg 768w\" sizes=\"(max-width: 1208px) 100vw, 1208px\" \/><\/p>\n<hr \/>\n<p>Gazeteci Nebil \u00d6zgent\u00fcrk de vefat haberini \u015fu s\u00f6zleriyle takip\u00e7ileriyle payla\u015ft\u0131:\u201cSevgili dostum Ay\u015fe Kulin\u2019in, hayat yolda\u015f\u0131 Engin Bey, ya\u015fam\u0131n\u0131 kaybetti. Tan\u0131\u015fmaktan onur duymu\u015ftum Engin Baraz&#8217;la\u2026 \u015eahane birliktelikleri vard\u0131 Ay\u015fe Han\u0131m&#8217;la; tam 40 y\u0131ld\u0131r. Kulin, hayat arkada\u015f\u0131na \u00e7ok titizlenir, \u00f6zenir ve sonsuz sevgi g\u00f6sterirdi. Ay\u015fe Kulin&#8217;e sab\u0131r diliyorum. I\u015f\u0131klar i\u00e7inde uyu Engin Bey\u201d<\/p>\n","protected":false},"excerpt":{"rendered":"<p>Yazar Ay\u015fe Kulin, e\u015fi Engin Baraz&#8217;\u0131 kaybetti. Kulin, ac\u0131 haberi sosyal medya hesab\u0131ndan duyurdu. 1985\u2019den bu yana birlikte oldu\u011fu ve Kulin&#8217;in can yolda\u015f\u0131m, hayat arkada\u015f\u0131m olarak bahsetti\u011fi Ay\u015fe Kulin&#8217;in e\u015fi kimdir? Ay\u015fe Kulin&#8217;in e\u015fi Engin Baraz neden \u00f6ld\u00fc?<\/p>\n","protected":false},"author":30,"featured_media":232405,"comment_status":"closed","ping_status":"closed","sticky":false,"template":"","format":"standard","meta":{"rank_math_lock_modified_date":false,"footnotes":""},"categories":[491],"tags":[40975,61732,16521,61731],"class_list":["post-232404","post","type-post","status-publish","format-standard","has-post-thumbnail","hentry","category-biyografi","tag-ayse-kulin","tag-ayse-kulinin-esi","tag-biyografi-haberleri","tag-engin-baraz"],"_links":{"self":[{"href":"https:\/\/www.tgrthaber.com\/mavikadin\/wp-json\/wp\/v2\/posts\/232404"}],"collection":[{"href":"https:\/\/www.tgrthaber.com\/mavikadin\/wp-json\/wp\/v2\/posts"}],"about":[{"href":"https:\/\/www.tgrthaber.com\/mavikadin\/wp-json\/wp\/v2\/types\/post"}],"author":[{"embeddable":true,"href":"https:\/\/www.tgrthaber.com\/mavikadin\/wp-json\/wp\/v2\/users\/30"}],"replies":[{"embeddable":true,"href":"https:\/\/www.tgrthaber.com\/mavikadin\/wp-json\/wp\/v2\/comments?post=232404"}],"version-history":[{"count":2,"href":"https:\/\/www.tgrthaber.com\/mavikadin\/wp-json\/wp\/v2\/posts\/232404\/revisions"}],"predecessor-version":[{"id":232413,"href":"https:\/\/www.tgrthaber.com\/mavikadin\/wp-json\/wp\/v2\/posts\/232404\/revisions\/232413"}],"wp:featuredmedia":[{"embeddable":true,"href":"https:\/\/www.tgrthaber.com\/mavikadin\/wp-json\/wp\/v2\/media\/232405"}],"wp:attachment":[{"href":"https:\/\/www.tgrthaber.com\/mavikadin\/wp-json\/wp\/v2\/media?parent=232404"}],"wp:term":[{"taxonomy":"category","embeddable":true,"href":"https:\/\/www.tgrthaber.com\/mavikadin\/wp-json\/wp\/v2\/categories?post=232404"},{"taxonomy":"post_tag","embeddable":true,"href":"https:\/\/www.tgrthaber.com\/mavikadin\/wp-json\/wp\/v2\/tags?post=232404"}],"curies":[{"name":"wp","href":"https:\/\/api.w.org\/{rel}","templated":true}]}}