{"id":232415,"date":"2025-09-08T11:14:37","date_gmt":"2025-09-08T08:14:37","guid":{"rendered":"https:\/\/www.tgrthaber.com\/mavikadin\/?p=232415"},"modified":"2025-09-08T11:14:38","modified_gmt":"2025-09-08T08:14:38","slug":"yasemin-yurukun-babasi-mehmet-yuruk-kimdir-mehmet-yuruk-neden-vefat-etti","status":"publish","type":"post","link":"https:\/\/www.tgrthaber.com\/mavikadin\/yasemin-yurukun-babasi-mehmet-yuruk-kimdir-mehmet-yuruk-neden-vefat-etti\/","title":{"rendered":"Yasemin Y\u00fcr\u00fck\u2019\u00fcn babas\u0131 Mehmet Y\u00fcr\u00fck kimdir? Mehmet Y\u00fcr\u00fck neden vefat etti?"},"content":{"rendered":"<p>Yasemin Y\u00fcr\u00fck, baba ac\u0131s\u0131yla sars\u0131ld\u0131. Da\u011f\u0131lan \u2018Hepsi\u2019 grubunun \u00fcyelerinden biri olan Yasemin Y\u00fcr\u00fck, babas\u0131 Mehmet Y\u00fcr\u00fck\u2019\u00fc kaybetti. \u00dcnl\u00fc isim babas\u0131n\u0131n vefat haberini sosyal medya hesab\u0131ndan duyurdu. Babas\u0131n\u0131n vefat haberiyle derin bir h\u00fczne bo\u011fulan Yasemin Y\u00fcr\u00fck, y\u00fcrekleri da\u011flad\u0131. Yasemin Y\u00fcr\u00fck\u2019\u00fcn babas\u0131 Mehmet Y\u00fcr\u00fck\u2019\u00fcn kim oldu\u011fu da merak edildi. Peki, Yasemin Y\u00fcr\u00fck\u2019\u00fcn babas\u0131 Mehmet Y\u00fcr\u00fck kimdir? Mehmet Y\u00fcr\u00fck neden vefat etti? Yasemin Y\u00fcr\u00fck\u2019\u00fcn babas\u0131 Mehmet Y\u00fcr\u00fck hakk\u0131nda merak edilenleri sizin i\u00e7in ara\u015ft\u0131rd\u0131k. \u0130\u015fte Mehmet Y\u00fcr\u00fck\u2019e dair bilinmeyenler\u2026<\/p>\n<h3>YASEM\u0130N Y\u00dcR\u00dcK K\u0130MD\u0130R?<\/h3>\n<p>Yasemin Y\u00fcr\u00fck, bir d\u00f6neme damga vuran Hepsi Grubu\u2019nun eski solistidir. Y\u00fcr\u00fck, 21 Eyl\u00fcl 1986 y\u0131l\u0131nda \u0130stanbul\u2019da d\u00fcnyaya geldi. Y\u00fcr\u00fck, ortaokul ve lise e\u011fitimini Mimar Sinan \u00dcniversitesi G\u00fczel Sanatlar Fak\u00fcltesi Devlet Konservatuvar\u0131 Bale B\u00f6l\u00fcm\u00fc&#8217;nde tamamlayarak bitirdi.<\/p>\n<p><img loading=\"lazy\" decoding=\"async\" class=\"alignnone wp-image-232417\" src=\"https:\/\/www.tgrthaber.com\/mavikadin\/wp-content\/uploads\/Yasemin-Yuruk-2-1024x576.jpg\" alt=\"Yasemin Y\u00fcr\u00fck\u2019\u00fcn babas\u0131 Mehmet Y\u00fcr\u00fck kimdir? Mehmet Y\u00fcr\u00fck neden vefat etti?\" width=\"1208\" height=\"680\" title=\"\" srcset=\"https:\/\/www.tgrthaber.com\/mavikadin\/wp-content\/uploads\/Yasemin-Yuruk-2-1024x576.jpg 1024w, https:\/\/www.tgrthaber.com\/mavikadin\/wp-content\/uploads\/Yasemin-Yuruk-2-300x169.jpg 300w, https:\/\/www.tgrthaber.com\/mavikadin\/wp-content\/uploads\/Yasemin-Yuruk-2-768x432.jpg 768w, https:\/\/www.tgrthaber.com\/mavikadin\/wp-content\/uploads\/Yasemin-Yuruk-2.jpg 1208w\" sizes=\"(max-width: 1208px) 100vw, 1208px\" \/><\/p>\n<hr \/>\n<p>Yasemin Y\u00fcr\u00fck, \u00fcniversite kariyerini ise \u0130stanbul \u00dcniversitesi&#8217;nde Klasik Bale e\u011fitimini alarak tamamlad\u0131. Y\u00fcr\u00fck, Atat\u00fcrk K\u00fclt\u00fcr Merkezi \u00c7ocuk ve Gen\u00e7lik Balesinin sergiledi\u011fi oyunlarda \u00fc\u00e7 y\u0131l boyunca rol ald\u0131. M\u00fczik alan\u0131nda ba\u015far\u0131l\u0131 i\u015flere imza atan Y\u00fcr\u00fck, \u00f6zel \u015fan, piyano ve oyunculuk dersleri ald\u0131.<\/p>\n<p><img loading=\"lazy\" decoding=\"async\" class=\"alignnone wp-image-232422\" src=\"https:\/\/www.tgrthaber.com\/mavikadin\/wp-content\/uploads\/Yasemin-Yuruk-7-1024x576.jpg\" alt=\"Yasemin Y\u00fcr\u00fck\u2019\u00fcn babas\u0131 Mehmet Y\u00fcr\u00fck kimdir? Mehmet Y\u00fcr\u00fck neden vefat etti?\" width=\"1208\" height=\"680\" title=\"\" srcset=\"https:\/\/www.tgrthaber.com\/mavikadin\/wp-content\/uploads\/Yasemin-Yuruk-7-1024x576.jpg 1024w, https:\/\/www.tgrthaber.com\/mavikadin\/wp-content\/uploads\/Yasemin-Yuruk-7-300x169.jpg 300w, https:\/\/www.tgrthaber.com\/mavikadin\/wp-content\/uploads\/Yasemin-Yuruk-7-768x432.jpg 768w, https:\/\/www.tgrthaber.com\/mavikadin\/wp-content\/uploads\/Yasemin-Yuruk-7.jpg 1208w\" sizes=\"(max-width: 1208px) 100vw, 1208px\" \/><\/p>\n<hr \/>\n<p>Hepsi Grubu\u2019ndaki ba\u015far\u0131s\u0131yla ad\u0131n\u0131 duyuran Y\u00fcr\u00fck, \u015fimdilerde sosyal medya fenomenli\u011fi de yap\u0131yor. Sosyal medyada geni\u015f takip\u00e7i kitlesine sahip olan Y\u00fcr\u00fck, s\u0131k s\u0131k payla\u015f\u0131m yapmay\u0131 ihmal etmiyor.<\/p>\n<p><img loading=\"lazy\" decoding=\"async\" class=\"alignnone wp-image-232421\" src=\"https:\/\/www.tgrthaber.com\/mavikadin\/wp-content\/uploads\/Yasemin-Yuruk-6-1024x576.jpg\" alt=\"Yasemin Y\u00fcr\u00fck\u2019\u00fcn babas\u0131 Mehmet Y\u00fcr\u00fck kimdir? Mehmet Y\u00fcr\u00fck neden vefat etti?\" width=\"1208\" height=\"680\" title=\"\" srcset=\"https:\/\/www.tgrthaber.com\/mavikadin\/wp-content\/uploads\/Yasemin-Yuruk-6-1024x576.jpg 1024w, https:\/\/www.tgrthaber.com\/mavikadin\/wp-content\/uploads\/Yasemin-Yuruk-6-300x169.jpg 300w, https:\/\/www.tgrthaber.com\/mavikadin\/wp-content\/uploads\/Yasemin-Yuruk-6-768x432.jpg 768w, https:\/\/www.tgrthaber.com\/mavikadin\/wp-content\/uploads\/Yasemin-Yuruk-6.jpg 1208w\" sizes=\"(max-width: 1208px) 100vw, 1208px\" \/><\/p>\n<hr \/>\n<h3>YASEM\u0130N Y\u00dcR\u00dcK\u2019\u00dcN BABASI MEHMET Y\u00dcR\u00dcK K\u0130MD\u0130R?<\/h3>\n<p>Yasemin Y\u00fcr\u00fck, sosyal medya hesab\u0131ndan yapt\u0131\u011f\u0131 payla\u015f\u0131mla babas\u0131 Mehmet Y\u00fcr\u00fck\u2019\u00fc kaybetti\u011fini duyurdu. Bir d\u00f6neme damga vuran ve sevilen k\u0131z gruplar\u0131 aras\u0131nda yer alan Hepsi\u2019nin eski \u00fcyelerinden biri olan Yasemin Y\u00fcr\u00fck, baba ac\u0131s\u0131yla sars\u0131ld\u0131. \u00dcnl\u00fc ismin babas\u0131n\u0131n kim oldu\u011fu da ara\u015ft\u0131r\u0131lmaya ba\u015fland\u0131.<\/p>\n<p><img loading=\"lazy\" decoding=\"async\" class=\"alignnone wp-image-232420\" src=\"https:\/\/www.tgrthaber.com\/mavikadin\/wp-content\/uploads\/Yasemin-Yuruk-5-1024x576.jpg\" alt=\"Yasemin Y\u00fcr\u00fck\u2019\u00fcn babas\u0131 Mehmet Y\u00fcr\u00fck kimdir? Mehmet Y\u00fcr\u00fck neden vefat etti?\" width=\"1208\" height=\"680\" title=\"\" srcset=\"https:\/\/www.tgrthaber.com\/mavikadin\/wp-content\/uploads\/Yasemin-Yuruk-5-1024x576.jpg 1024w, https:\/\/www.tgrthaber.com\/mavikadin\/wp-content\/uploads\/Yasemin-Yuruk-5-300x169.jpg 300w, https:\/\/www.tgrthaber.com\/mavikadin\/wp-content\/uploads\/Yasemin-Yuruk-5-768x432.jpg 768w, https:\/\/www.tgrthaber.com\/mavikadin\/wp-content\/uploads\/Yasemin-Yuruk-5.jpg 1208w\" sizes=\"(max-width: 1208px) 100vw, 1208px\" \/><\/p>\n<hr \/>\n<p>2000\u2019li y\u0131llara damga vuran m\u00fczik gruplar\u0131ndan \u2018Hepsi\u2019 birlikte ba\u015far\u0131l\u0131 i\u015flere imza atsa da birka\u00e7 y\u0131ll\u0131k beraberli\u011fin ard\u0131ndan yollar\u0131n\u0131 ay\u0131rm\u0131\u015ft\u0131. Grubun sevilen eski \u00fcyelerinden Yasemin Y\u00fcr\u00fck, yapt\u0131\u011f\u0131 bir payla\u015f\u0131mla y\u00fcrekleri da\u011flad\u0131. Babas\u0131n\u0131n vefat haberiyle sars\u0131lan Yasemin Y\u00fcr\u00fck, bu kez verdi\u011fi ac\u0131 haberle herkesi \u00fczd\u00fc.<\/p>\n<p><img loading=\"lazy\" decoding=\"async\" class=\"alignnone wp-image-232419\" src=\"https:\/\/www.tgrthaber.com\/mavikadin\/wp-content\/uploads\/Yasemin-Yuruk-4-1024x576.jpg\" alt=\"Yasemin Y\u00fcr\u00fck\u2019\u00fcn babas\u0131 Mehmet Y\u00fcr\u00fck kimdir? Mehmet Y\u00fcr\u00fck neden vefat etti?\" width=\"1208\" height=\"680\" title=\"\" srcset=\"https:\/\/www.tgrthaber.com\/mavikadin\/wp-content\/uploads\/Yasemin-Yuruk-4-1024x576.jpg 1024w, https:\/\/www.tgrthaber.com\/mavikadin\/wp-content\/uploads\/Yasemin-Yuruk-4-300x169.jpg 300w, https:\/\/www.tgrthaber.com\/mavikadin\/wp-content\/uploads\/Yasemin-Yuruk-4-768x432.jpg 768w, https:\/\/www.tgrthaber.com\/mavikadin\/wp-content\/uploads\/Yasemin-Yuruk-4.jpg 1208w\" sizes=\"(max-width: 1208px) 100vw, 1208px\" \/><\/p>\n<hr \/>\n<p>Yasemin Y\u00fcr\u00fck\u2019\u00fcn babas\u0131 Mehmet Y\u00fcr\u00fck\u2019\u00fcn \u00f6zel hayat\u0131na dair kamuoyunda herhangi bir bilgi bulunmad\u0131. \u00d6zel hayat\u0131n\u0131 g\u00f6zlerden uzak ya\u015famay\u0131 tercih eden Mehmet Y\u00fcr\u00fck, daha \u00e7ok k\u0131z\u0131 Yasemin Y\u00fcr\u00fck\u2019ten dolay\u0131 tan\u0131n\u0131yordu. Ya\u015f\u0131, mesle\u011fi ve \u00f6zel hayat\u0131na dair detayl\u0131 bilgi bulunmayan Mehmet Y\u00fcr\u00fck, vefat\u0131yla ba\u015fta k\u0131z\u0131 ve ailesi olmak \u00fczere t\u00fcm sevenlerini derin bir h\u00fczne bo\u011fdu.<\/p>\n<h3>MEHMET Y\u00dcR\u00dcK NEDEN VEFAT ETT\u0130?<\/h3>\n<p>Yasemin Y\u00fcr\u00fck\u2019\u00fcn babas\u0131 Mehmet Y\u00fcr\u00fck\u2019\u00fcn neden vefat etti\u011fi bilinmiyor. Yasemin Y\u00fcr\u00fck, sosyal medya hesab\u0131ndan payla\u015ft\u0131\u011f\u0131 duyuruda \u015fu ifadelere yer verdi:<\/p>\n<p><img loading=\"lazy\" decoding=\"async\" class=\"alignnone wp-image-232418\" src=\"https:\/\/www.tgrthaber.com\/mavikadin\/wp-content\/uploads\/Yasemin-Yuruk-3-1024x576.jpg\" alt=\"Yasemin Y\u00fcr\u00fck\u2019\u00fcn babas\u0131 Mehmet Y\u00fcr\u00fck kimdir? Mehmet Y\u00fcr\u00fck neden vefat etti?\" width=\"1208\" height=\"680\" title=\"\" srcset=\"https:\/\/www.tgrthaber.com\/mavikadin\/wp-content\/uploads\/Yasemin-Yuruk-3-1024x576.jpg 1024w, https:\/\/www.tgrthaber.com\/mavikadin\/wp-content\/uploads\/Yasemin-Yuruk-3-300x169.jpg 300w, https:\/\/www.tgrthaber.com\/mavikadin\/wp-content\/uploads\/Yasemin-Yuruk-3-768x432.jpg 768w, https:\/\/www.tgrthaber.com\/mavikadin\/wp-content\/uploads\/Yasemin-Yuruk-3.jpg 1208w\" sizes=\"(max-width: 1208px) 100vw, 1208px\" \/><\/p>\n<hr \/>\n<p>\u201cBabam\u0131z Mehmet Y\u00fcr\u00fck&#8217;\u00fc kaybettik. Cenazemiz 8 Eyl\u00fcl Pazartesi g\u00fcn\u00fc, ikindi namaz\u0131na m\u00fcteakip B\u00fcy\u00fckada Hamidiye Camii&#8217;nden kald\u0131r\u0131lacakt\u0131r. Dualar\u0131n\u0131z\u0131 ve g\u00fczel dileklerinizi bekliyoruz\u201d<\/p>\n<p>Babas\u0131 Mehmet Y\u00fcr\u00fck\u2019\u00fcn ac\u0131 haberini sosyal medya hesab\u0131ndan duyuran Yasemin Y\u00fcr\u00fck\u2019e ba\u015fsa\u011fl\u0131\u011f\u0131 mesajlar\u0131 ya\u011fd\u0131. Hayranlar\u0131 \u00fcnl\u00fc isme destek olurken Yasemin Y\u00fcr\u00fck, babas\u0131n\u0131n ac\u0131 haberiyle adeta sars\u0131ld\u0131.<\/p>\n","protected":false},"excerpt":{"rendered":"<p>Yasemin Y\u00fcr\u00fck\u2019\u00fcn babas\u0131 Mehmet Y\u00fcr\u00fck hayat\u0131n\u0131 kaybetti. \u00dcnl\u00fc isim babas\u0131n\u0131n vefat haberini sosyal medya hesab\u0131ndan duyurdu. Yasemin Y\u00fcr\u00fck\u2019\u00fcn babas\u0131 Mehmet Y\u00fcr\u00fck\u2019\u00fcn kim oldu\u011fu merak edildi. \u0130\u015fte detaylar\u2026<\/p>\n","protected":false},"author":26,"featured_media":232416,"comment_status":"closed","ping_status":"closed","sticky":false,"template":"","format":"standard","meta":{"rank_math_lock_modified_date":false,"footnotes":""},"categories":[491],"tags":[3374,16521,61735,3006,61733,61734],"class_list":["post-232415","post","type-post","status-publish","format-standard","has-post-thumbnail","hentry","category-biyografi","tag-biyografi","tag-biyografi-haberleri","tag-mehmet-yuruk-kimdir","tag-yasemin-yuruk","tag-yasemin-yuruk-babasi","tag-yasemin-yuruk-babasi-mehmet-yuruk"],"_links":{"self":[{"href":"https:\/\/www.tgrthaber.com\/mavikadin\/wp-json\/wp\/v2\/posts\/232415"}],"collection":[{"href":"https:\/\/www.tgrthaber.com\/mavikadin\/wp-json\/wp\/v2\/posts"}],"about":[{"href":"https:\/\/www.tgrthaber.com\/mavikadin\/wp-json\/wp\/v2\/types\/post"}],"author":[{"embeddable":true,"href":"https:\/\/www.tgrthaber.com\/mavikadin\/wp-json\/wp\/v2\/users\/26"}],"replies":[{"embeddable":true,"href":"https:\/\/www.tgrthaber.com\/mavikadin\/wp-json\/wp\/v2\/comments?post=232415"}],"version-history":[{"count":2,"href":"https:\/\/www.tgrthaber.com\/mavikadin\/wp-json\/wp\/v2\/posts\/232415\/revisions"}],"predecessor-version":[{"id":232431,"href":"https:\/\/www.tgrthaber.com\/mavikadin\/wp-json\/wp\/v2\/posts\/232415\/revisions\/232431"}],"wp:featuredmedia":[{"embeddable":true,"href":"https:\/\/www.tgrthaber.com\/mavikadin\/wp-json\/wp\/v2\/media\/232416"}],"wp:attachment":[{"href":"https:\/\/www.tgrthaber.com\/mavikadin\/wp-json\/wp\/v2\/media?parent=232415"}],"wp:term":[{"taxonomy":"category","embeddable":true,"href":"https:\/\/www.tgrthaber.com\/mavikadin\/wp-json\/wp\/v2\/categories?post=232415"},{"taxonomy":"post_tag","embeddable":true,"href":"https:\/\/www.tgrthaber.com\/mavikadin\/wp-json\/wp\/v2\/tags?post=232415"}],"curies":[{"name":"wp","href":"https:\/\/api.w.org\/{rel}","templated":true}]}}