{"id":232478,"date":"2025-09-08T14:15:27","date_gmt":"2025-09-08T11:15:27","guid":{"rendered":"https:\/\/www.tgrthaber.com\/mavikadin\/?p=232478"},"modified":"2025-09-08T14:15:27","modified_gmt":"2025-09-08T11:15:27","slug":"tuba-buyukustun-sukru-ozyildiz-ile-hakkinda-cikan-ask-iddialarini-yalanladi","status":"publish","type":"post","link":"https:\/\/www.tgrthaber.com\/mavikadin\/tuba-buyukustun-sukru-ozyildiz-ile-hakkinda-cikan-ask-iddialarini-yalanladi\/","title":{"rendered":"Tuba B\u00fcy\u00fck\u00fcst\u00fcn \u015e\u00fckr\u00fc \u00d6zy\u0131ld\u0131z ile hakk\u0131nda \u00e7\u0131kan a\u015fk iddialar\u0131n\u0131 yalanlad\u0131!"},"content":{"rendered":"<p>Tuba B\u00fcy\u00fck\u00fcst\u00fcn ve \u015e\u00fckr\u00fc \u00d6zy\u0131ld\u0131z, Netflix\u2019in pop\u00fcler dizisi \u2018Zeytin A\u011fac\u0131\u2019n\u0131n \u00fc\u00e7\u00fcnc\u00fc sezonunda bir araya geldi. K\u0131sa s\u00fcrede ikilinin a\u015fk ya\u015fad\u0131klar\u0131 y\u00f6n\u00fcnde iddialar ortaya at\u0131lmaya ba\u015flad\u0131. Son zamanlarda ad\u0131 a\u015fk dedikodular\u0131na kar\u0131\u015fan ikili, magazin g\u00fcndeminde de bomba gibi oturdu. G\u00fczel oyuncu Tuba B\u00fcy\u00fck\u00fcst\u00fcn, sosyal medya hesab\u0131ndan yapt\u0131\u011f\u0131 bir a\u00e7\u0131klamayla hakk\u0131nda \u00e7\u0131kan a\u015fk iddialara son noktay\u0131 koydu.<\/p>\n<h3>TUBA B\u00dcY\u00dcK\u00dcST\u00dcN VE \u015e\u00dcKR\u00dc \u00d6ZYILDIZ\u2019IN A\u015eK YA\u015eADI\u011eI \u0130DD\u0130A ED\u0130LM\u0130\u015eT\u0130!<\/h3>\n<p>Tuba B\u00fcy\u00fck\u00fcst\u00fcn, g\u00fczelli\u011fi ve ba\u015far\u0131l\u0131 oyunculu\u011fuyla dikkat \u00e7ekmeye devam ediyor. Ba\u015far\u0131l\u0131 oyunculuk kariyerinin yan\u0131 s\u0131ra \u00f6zel hayat\u0131yla da zaman zaman g\u00fcndemde yer al\u0131yor. Son zamanlarda yak\u0131\u015f\u0131kl\u0131 oyuncu \u015e\u00fckr\u00fc \u00d6zy\u0131ld\u0131z ile ad\u0131 a\u015fk dedikodular\u0131na \u00e7\u0131kan B\u00fcy\u00fck\u00fcst\u00fcn, magazin g\u00fcndeminde geni\u015f yank\u0131 uyand\u0131r\u0131yor.<\/p>\n<p><img loading=\"lazy\" decoding=\"async\" class=\"alignnone wp-image-232486\" src=\"https:\/\/www.tgrthaber.com\/mavikadin\/wp-content\/uploads\/Tuba-Buyukustun-7-1024x576.jpg\" alt=\"Tuba B\u00fcy\u00fck\u00fcst\u00fcn \u015e\u00fckr\u00fc \u00d6zy\u0131ld\u0131z ile hakk\u0131nda \u00e7\u0131kan a\u015fk iddialar\u0131n\u0131 yalanlad\u0131!\" width=\"1208\" height=\"680\" title=\"\" srcset=\"https:\/\/www.tgrthaber.com\/mavikadin\/wp-content\/uploads\/Tuba-Buyukustun-7-1024x576.jpg 1024w, https:\/\/www.tgrthaber.com\/mavikadin\/wp-content\/uploads\/Tuba-Buyukustun-7-300x169.jpg 300w, https:\/\/www.tgrthaber.com\/mavikadin\/wp-content\/uploads\/Tuba-Buyukustun-7-768x432.jpg 768w, https:\/\/www.tgrthaber.com\/mavikadin\/wp-content\/uploads\/Tuba-Buyukustun-7.jpg 1208w\" sizes=\"(max-width: 1208px) 100vw, 1208px\" \/><\/p>\n<hr \/>\n<p>Netflix dijital platformunun en sevilen dizileri aras\u0131nda yer alan Zeytin A\u011fac\u0131 \u00fc\u00e7\u00fcnc\u00fc sezonu, izleyiciyle bulu\u015fmaya haz\u0131rlan\u0131yor. Uzun bir s\u00fcrenin ard\u0131ndan yeni sezonuyla izleyici kar\u015f\u0131s\u0131na ge\u00e7ecek olan dizinin ba\u015frollerinde Tuba B\u00fcy\u00fck\u00fcst\u00fcn ve \u015e\u00fckr\u00fc \u00d6zy\u0131ld\u0131z yer al\u0131yor.<\/p>\n<p><img loading=\"lazy\" decoding=\"async\" class=\"alignnone wp-image-232487\" src=\"https:\/\/www.tgrthaber.com\/mavikadin\/wp-content\/uploads\/Tuba-Buyukustun-1-1-1024x576.jpg\" alt=\"Tuba B\u00fcy\u00fck\u00fcst\u00fcn \u015e\u00fckr\u00fc \u00d6zy\u0131ld\u0131z ile hakk\u0131nda \u00e7\u0131kan a\u015fk iddialar\u0131n\u0131 yalanlad\u0131!\" width=\"1208\" height=\"680\" title=\"\" srcset=\"https:\/\/www.tgrthaber.com\/mavikadin\/wp-content\/uploads\/Tuba-Buyukustun-1-1-1024x576.jpg 1024w, https:\/\/www.tgrthaber.com\/mavikadin\/wp-content\/uploads\/Tuba-Buyukustun-1-1-300x169.jpg 300w, https:\/\/www.tgrthaber.com\/mavikadin\/wp-content\/uploads\/Tuba-Buyukustun-1-1-768x432.jpg 768w, https:\/\/www.tgrthaber.com\/mavikadin\/wp-content\/uploads\/Tuba-Buyukustun-1-1.jpg 1208w\" sizes=\"(max-width: 1208px) 100vw, 1208px\" \/><\/p>\n<hr \/>\n<p>Zeytin A\u011fac\u0131 dizisinin \u00fc\u00e7\u00fcnc\u00fc sezonu i\u00e7in kamera kar\u015f\u0131s\u0131na ge\u00e7en Tuba B\u00fcy\u00fck\u00fcst\u00fcn ve \u015e\u00fckr\u00fc \u00d6zy\u0131ld\u0131z\u2019\u0131n son zamanlarda a\u015fk ya\u015fad\u0131klar\u0131 iddia ediliyor. Dizide birbirinden ba\u015far\u0131l\u0131 isimlerle birlikte rol alan ikili, partnerliklerinin a\u015fka d\u00f6n\u00fc\u015ft\u00fc\u011f\u00fc y\u00f6n\u00fcnde iddialarla g\u00fcndeme geliyor.<\/p>\n<p><img loading=\"lazy\" decoding=\"async\" class=\"alignnone wp-image-232489\" src=\"https:\/\/www.tgrthaber.com\/mavikadin\/wp-content\/uploads\/Tuba-Buyukustun-3-1024x576.jpg\" alt=\"Tuba B\u00fcy\u00fck\u00fcst\u00fcn \u015e\u00fckr\u00fc \u00d6zy\u0131ld\u0131z ile hakk\u0131nda \u00e7\u0131kan a\u015fk iddialar\u0131n\u0131 yalanlad\u0131!\" width=\"1208\" height=\"680\" title=\"\" srcset=\"https:\/\/www.tgrthaber.com\/mavikadin\/wp-content\/uploads\/Tuba-Buyukustun-3-1024x576.jpg 1024w, https:\/\/www.tgrthaber.com\/mavikadin\/wp-content\/uploads\/Tuba-Buyukustun-3-300x169.jpg 300w, https:\/\/www.tgrthaber.com\/mavikadin\/wp-content\/uploads\/Tuba-Buyukustun-3-768x432.jpg 768w, https:\/\/www.tgrthaber.com\/mavikadin\/wp-content\/uploads\/Tuba-Buyukustun-3.jpg 1208w\" sizes=\"(max-width: 1208px) 100vw, 1208px\" \/><\/p>\n<hr \/>\n<h3>TUBA B\u00dcY\u00dcK\u00dcST\u00dcN\u2019DEN A\u015eK \u0130DD\u0130ALARINA YALANLAMA GELD\u0130!<\/h3>\n<p>Ba\u015far\u0131l\u0131 oyunculuklar\u0131n\u0131n aksine \u00f6zel hayatlar\u0131yla da zaman zaman magazin d\u00fcnyas\u0131n\u0131n g\u00fcndeminde yer alan Tuba B\u00fcy\u00fck\u00fcst\u00fcn ve \u015e\u00fckr\u00fc \u00d6zy\u0131ld\u0131z\u2019\u0131n a\u015fk ya\u015fad\u0131\u011f\u0131 iddia edilmi\u015fti. Magazin g\u00fcndemini kas\u0131p kavuran bu iddia k\u0131sa s\u00fcrede h\u0131zla yay\u0131lm\u0131\u015ft\u0131. Ortaya at\u0131lan iddialar do\u011frultusunda taraflardan Tuba B\u00fcy\u00fck\u00fcst\u00fcn, sosyal medya hesab\u0131ndan yay\u0131nlad\u0131\u011f\u0131 bir payla\u015f\u0131mla a\u015fk iddialar\u0131n\u0131 yalanlad\u0131.<\/p>\n<p><img loading=\"lazy\" decoding=\"async\" class=\"alignnone wp-image-232491\" src=\"https:\/\/www.tgrthaber.com\/mavikadin\/wp-content\/uploads\/Tuba-Buyukustun-5-1024x576.jpg\" alt=\"Tuba B\u00fcy\u00fck\u00fcst\u00fcn \u015e\u00fckr\u00fc \u00d6zy\u0131ld\u0131z ile hakk\u0131nda \u00e7\u0131kan a\u015fk iddialar\u0131n\u0131 yalanlad\u0131!\" width=\"1208\" height=\"680\" title=\"\" srcset=\"https:\/\/www.tgrthaber.com\/mavikadin\/wp-content\/uploads\/Tuba-Buyukustun-5-1024x576.jpg 1024w, https:\/\/www.tgrthaber.com\/mavikadin\/wp-content\/uploads\/Tuba-Buyukustun-5-300x169.jpg 300w, https:\/\/www.tgrthaber.com\/mavikadin\/wp-content\/uploads\/Tuba-Buyukustun-5-768x432.jpg 768w, https:\/\/www.tgrthaber.com\/mavikadin\/wp-content\/uploads\/Tuba-Buyukustun-5.jpg 1208w\" sizes=\"(max-width: 1208px) 100vw, 1208px\" \/><\/p>\n<hr \/>\n<p>Tuba B\u00fcy\u00fck\u00fcst\u00fcn ve \u015e\u00fckr\u00fc \u00d6zy\u0131ld\u0131z aras\u0131nda \u00e7\u0131kan a\u015fk dedikodular\u0131na Tuba B\u00fcy\u00fck\u00fcst\u00fcn\u2019den yalanlama geldi. Instagram hesab\u0131ndan bir payla\u015f\u0131mda bulunan g\u00fczel oyuncu, k\u0131sa bir metin yay\u0131nlayarak iddialar\u0131 kesin bir dille reddetti. 43 ya\u015f\u0131ndaki Tuba B\u00fcy\u00fck\u00fcst\u00fcn, hakk\u0131nda \u00e7\u0131kan a\u015fk dedikodular\u0131na kar\u015f\u0131 \u015fu ifadelere yer verdi:<\/p>\n<p><img loading=\"lazy\" decoding=\"async\" class=\"alignnone wp-image-232488\" src=\"https:\/\/www.tgrthaber.com\/mavikadin\/wp-content\/uploads\/Tuba-Buyukustun-2-1-1024x576.jpg\" alt=\"Tuba B\u00fcy\u00fck\u00fcst\u00fcn \u015e\u00fckr\u00fc \u00d6zy\u0131ld\u0131z ile hakk\u0131nda \u00e7\u0131kan a\u015fk iddialar\u0131n\u0131 yalanlad\u0131!\" width=\"1208\" height=\"680\" title=\"\" srcset=\"https:\/\/www.tgrthaber.com\/mavikadin\/wp-content\/uploads\/Tuba-Buyukustun-2-1-1024x576.jpg 1024w, https:\/\/www.tgrthaber.com\/mavikadin\/wp-content\/uploads\/Tuba-Buyukustun-2-1-300x169.jpg 300w, https:\/\/www.tgrthaber.com\/mavikadin\/wp-content\/uploads\/Tuba-Buyukustun-2-1-768x432.jpg 768w, https:\/\/www.tgrthaber.com\/mavikadin\/wp-content\/uploads\/Tuba-Buyukustun-2-1.jpg 1208w\" sizes=\"(max-width: 1208px) 100vw, 1208px\" \/><\/p>\n<hr \/>\n<p>\u201cZeytin A\u011fac\u0131 dizisi 3. sezonundaki partnerim \u015e\u00fckr\u00fc ile son d\u00f6nemde baz\u0131 magazin hesaplar\u0131 taraf\u0131ndan \u00e7\u0131kar\u0131lm\u0131\u015f a\u015fk haberlerinin asl\u0131 yoktur. T\u00fcm ekiple beraber harika bir \u00e7ekim s\u00fcreci ge\u00e7irdik. Zeytin A\u011fac\u0131 3. sezonunda g\u00f6r\u00fc\u015fmek \u00fczere.\u201d<\/p>\n<p><img loading=\"lazy\" decoding=\"async\" class=\"alignnone wp-image-232490\" src=\"https:\/\/www.tgrthaber.com\/mavikadin\/wp-content\/uploads\/Tuba-Buyukustun-4-1024x576.jpg\" alt=\"Tuba B\u00fcy\u00fck\u00fcst\u00fcn \u015e\u00fckr\u00fc \u00d6zy\u0131ld\u0131z ile hakk\u0131nda \u00e7\u0131kan a\u015fk iddialar\u0131n\u0131 yalanlad\u0131!\" width=\"1208\" height=\"680\" title=\"\" srcset=\"https:\/\/www.tgrthaber.com\/mavikadin\/wp-content\/uploads\/Tuba-Buyukustun-4-1024x576.jpg 1024w, https:\/\/www.tgrthaber.com\/mavikadin\/wp-content\/uploads\/Tuba-Buyukustun-4-300x169.jpg 300w, https:\/\/www.tgrthaber.com\/mavikadin\/wp-content\/uploads\/Tuba-Buyukustun-4-768x432.jpg 768w, https:\/\/www.tgrthaber.com\/mavikadin\/wp-content\/uploads\/Tuba-Buyukustun-4.jpg 1208w\" sizes=\"(max-width: 1208px) 100vw, 1208px\" \/><\/p>\n<hr \/>\n<p>Tuba B\u00fcy\u00fck\u00fcst\u00fcn&#8217;\u00fcn \u015e\u00fckr\u00fc \u00d6zy\u0131ld\u0131z ile a\u015fk dedikodular\u0131n\u0131 yalanlama a\u00e7\u0131klamas\u0131 k\u0131sa s\u00fcrede magazin d\u00fcnyas\u0131nda geni\u015f yank\u0131 uyand\u0131rd\u0131. \u0130kilinin aras\u0131nda herhangi bir a\u015fk olmad\u0131\u011f\u0131 Tuba B\u00fcy\u00fck\u00fcst\u00fcn taraf\u0131ndan kesin bir dille yalanland\u0131.<\/p>\n","protected":false},"excerpt":{"rendered":"<p>Tuba B\u00fcy\u00fck\u00fcst\u00fcn ve \u015e\u00fckr\u00fc \u00d6zy\u0131ld\u0131z hakk\u0131nda a\u015fk ya\u015fad\u0131klar\u0131 y\u00f6n\u00fcnde iddialar ortaya at\u0131lm\u0131\u015ft\u0131. Tuba B\u00fcy\u00fck\u00fcst\u00fcn\u2019den a\u015fk iddialar\u0131n\u0131 yalanlayan bir a\u00e7\u0131klama geldi. G\u00fczel oyuncu sosyal medya hesab\u0131ndan yapt\u0131\u011f\u0131 a\u00e7\u0131klamayla iddialara son noktay\u0131 koydu.<\/p>\n","protected":false},"author":26,"featured_media":232484,"comment_status":"closed","ping_status":"closed","sticky":false,"template":"","format":"standard","meta":{"rank_math_lock_modified_date":false,"footnotes":""},"categories":[76],"tags":[133,2218,2556,3568,22461],"class_list":["post-232478","post","type-post","status-publish","format-standard","has-post-thumbnail","hentry","category-magazin","tag-magazin","tag-magazin-haberleri","tag-sukru-ozyildiz","tag-tuba-buyukustun","tag-zeytin-agaci"],"_links":{"self":[{"href":"https:\/\/www.tgrthaber.com\/mavikadin\/wp-json\/wp\/v2\/posts\/232478"}],"collection":[{"href":"https:\/\/www.tgrthaber.com\/mavikadin\/wp-json\/wp\/v2\/posts"}],"about":[{"href":"https:\/\/www.tgrthaber.com\/mavikadin\/wp-json\/wp\/v2\/types\/post"}],"author":[{"embeddable":true,"href":"https:\/\/www.tgrthaber.com\/mavikadin\/wp-json\/wp\/v2\/users\/26"}],"replies":[{"embeddable":true,"href":"https:\/\/www.tgrthaber.com\/mavikadin\/wp-json\/wp\/v2\/comments?post=232478"}],"version-history":[{"count":1,"href":"https:\/\/www.tgrthaber.com\/mavikadin\/wp-json\/wp\/v2\/posts\/232478\/revisions"}],"predecessor-version":[{"id":232492,"href":"https:\/\/www.tgrthaber.com\/mavikadin\/wp-json\/wp\/v2\/posts\/232478\/revisions\/232492"}],"wp:featuredmedia":[{"embeddable":true,"href":"https:\/\/www.tgrthaber.com\/mavikadin\/wp-json\/wp\/v2\/media\/232484"}],"wp:attachment":[{"href":"https:\/\/www.tgrthaber.com\/mavikadin\/wp-json\/wp\/v2\/media?parent=232478"}],"wp:term":[{"taxonomy":"category","embeddable":true,"href":"https:\/\/www.tgrthaber.com\/mavikadin\/wp-json\/wp\/v2\/categories?post=232478"},{"taxonomy":"post_tag","embeddable":true,"href":"https:\/\/www.tgrthaber.com\/mavikadin\/wp-json\/wp\/v2\/tags?post=232478"}],"curies":[{"name":"wp","href":"https:\/\/api.w.org\/{rel}","templated":true}]}}