{"id":232479,"date":"2025-09-08T14:19:10","date_gmt":"2025-09-08T11:19:10","guid":{"rendered":"https:\/\/www.tgrthaber.com\/mavikadin\/?p=232479"},"modified":"2025-09-08T14:26:56","modified_gmt":"2025-09-08T11:26:56","slug":"masterchef-8-eylul-2025-kim-kaptan-oldu-masterchef-kaptanlik-oyununu-kim-kazandi","status":"publish","type":"post","link":"https:\/\/www.tgrthaber.com\/mavikadin\/masterchef-8-eylul-2025-kim-kaptan-oldu-masterchef-kaptanlik-oyununu-kim-kazandi\/","title":{"rendered":"MasterChef 8 Eyl\u00fcl 2025 kim kaptan oldu? MasterChef kaptanl\u0131k oyununu kim kazand\u0131?"},"content":{"rendered":"<p class=\"p1\">MasterChef T\u00fcrkiye yeni sezonu h\u0131z kesmeden devam ediyor.Haftan\u0131n ilk dokunulmazl\u0131k oyunu bu ak\u015fam oynanacak. MasterChef\u2019te son elenen yar\u0131\u015fmac\u0131 Sercan olmu\u015ftu. Sercan\u2019\u0131n yak\u0131n arkada\u015flar\u0131 elendi\u011fini duyunca g\u00f6zya\u015flar\u0131na hakim olamam\u0131\u015ft\u0131. Bu ak\u015fam ise yeni kaptan belli oluyor. &#8216;MasterChef izleyicileri 8 Eyl\u00fcl 2025 kaptanl\u0131k oyununu kim kazand\u0131?&#8217;,&#8217;MasterChef kim kaptan oldu?&#8217; sorular\u0131n\u0131n cevaplar\u0131n\u0131 merak ediyor. \u0130\u015fte detaylar\u2026<\/p>\n<h3>MASTERCHEF&#8217;TE KAPTANLIK OYUNU HEYECANI YA\u015eANIYOR<\/h3>\n<p class=\"p2\"><a href=\"https:\/\/www.tgrthaber.com\/mavikadin\/masterchef-turkiye-2025-yedeklerden-ana-kadroya-giren-5-yarismaci-muratcan-akpinar-kimdir-ne-is-yapiyor\/\">MasterChef<\/a> T\u00fcrkiye yeni sezon heyecan\u0131 devam ediyor. Birbirinden yetenekli yar\u0131\u015fmac\u0131lar MasterChef \u015fampiyonu olabilmek i\u00e7in k\u0131yas\u0131ya m\u00fccadele ediyor. Bu ak\u015fam haftan\u0131n kaptanl\u0131k oyunu oynanacak. \u015eeflerin istedi\u011fi men\u00fcy\u00fc haz\u0131rlamak i\u00e7in mutfakta k\u0131yas\u0131ya m\u00fccadele eden yar\u0131\u015fmac\u0131lar Mavi tak\u0131m kaptan\u0131 olabilmek i\u00e7in ter d\u00f6kecek. Mavi tak\u0131m ve k\u0131rm\u0131z\u0131 tak\u0131m kaptanlar\u0131n\u0131n kim olaca\u011f\u0131 ise izleyiciler taraf\u0131ndan heyecanla bekleniyor.<\/p>\n<p><img loading=\"lazy\" decoding=\"async\" class=\"alignnone wp-image-232480 size-large\" src=\"https:\/\/www.tgrthaber.com\/mavikadin\/wp-content\/uploads\/Ekran-Resmi-2025-09-08-14.09.39-1024x538.png\" alt=\"\" width=\"1024\" height=\"538\" title=\"\" srcset=\"https:\/\/www.tgrthaber.com\/mavikadin\/wp-content\/uploads\/Ekran-Resmi-2025-09-08-14.09.39-1024x538.png 1024w, https:\/\/www.tgrthaber.com\/mavikadin\/wp-content\/uploads\/Ekran-Resmi-2025-09-08-14.09.39-300x158.png 300w, https:\/\/www.tgrthaber.com\/mavikadin\/wp-content\/uploads\/Ekran-Resmi-2025-09-08-14.09.39-768x404.png 768w, https:\/\/www.tgrthaber.com\/mavikadin\/wp-content\/uploads\/Ekran-Resmi-2025-09-08-14.09.39-1536x808.png 1536w, https:\/\/www.tgrthaber.com\/mavikadin\/wp-content\/uploads\/Ekran-Resmi-2025-09-08-14.09.39.png 1982w\" sizes=\"(max-width: 1024px) 100vw, 1024px\" \/><\/p>\n<hr \/>\n<h3 class=\"p1\"><b>MASTERCHEF KAPTAN K\u0130M OLDU? 8 EYL\u00dcL 2025 PAZARTES\u0130<\/b><b><\/b><\/h3>\n<p class=\"p1\">8 Eyl\u00fcl Pazartesi g\u00fcn\u00fc yay\u0131nlanacak olan MasterChef&#8217;te mavi ve k\u0131rm\u0131z\u0131 tak\u0131mlar\u0131n kaptanlar\u0131 belli olunca haberimizden \u00f6\u011frenebilirsiniz&#8230;<\/p>\n<p><img loading=\"lazy\" decoding=\"async\" class=\"alignnone wp-image-232481 size-full\" src=\"https:\/\/www.tgrthaber.com\/mavikadin\/wp-content\/uploads\/Ekran-Resmi-2025-09-08-14.09.57.png\" alt=\"\" width=\"1762\" height=\"1060\" title=\"\" srcset=\"https:\/\/www.tgrthaber.com\/mavikadin\/wp-content\/uploads\/Ekran-Resmi-2025-09-08-14.09.57.png 1762w, https:\/\/www.tgrthaber.com\/mavikadin\/wp-content\/uploads\/Ekran-Resmi-2025-09-08-14.09.57-300x180.png 300w, https:\/\/www.tgrthaber.com\/mavikadin\/wp-content\/uploads\/Ekran-Resmi-2025-09-08-14.09.57-1024x616.png 1024w, https:\/\/www.tgrthaber.com\/mavikadin\/wp-content\/uploads\/Ekran-Resmi-2025-09-08-14.09.57-768x462.png 768w, https:\/\/www.tgrthaber.com\/mavikadin\/wp-content\/uploads\/Ekran-Resmi-2025-09-08-14.09.57-1536x924.png 1536w\" sizes=\"(max-width: 1762px) 100vw, 1762px\" \/><\/p>\n<hr \/>\n<h3 class=\"p1\">MASTERCHEF T\u00dcRK\u0130YE 2025 ANA KADRO L\u0130STES\u0130<\/h3>\n<p class=\"p1\">MasterChef T\u00fcrkiye 2025 ana kadro g\u00fcncel listesi:<\/p>\n<p class=\"p1\">MasterChef T\u00fcrkiye Ana Kadroya Giren 1. Yar\u0131\u015fmac\u0131: Furkan<\/p>\n<p class=\"p1\">MasterChef T\u00fcrkiye Ana Kadroya Giren 2. Yar\u0131\u015fmac\u0131: Eyl\u00fcl<\/p>\n<p><img loading=\"lazy\" decoding=\"async\" class=\"alignnone wp-image-232495 size-full\" src=\"https:\/\/www.tgrthaber.com\/mavikadin\/wp-content\/uploads\/Ekran-Resmi-2025-09-08-14.19.42.png\" alt=\"\" width=\"1006\" height=\"512\" title=\"\" srcset=\"https:\/\/www.tgrthaber.com\/mavikadin\/wp-content\/uploads\/Ekran-Resmi-2025-09-08-14.19.42.png 1006w, https:\/\/www.tgrthaber.com\/mavikadin\/wp-content\/uploads\/Ekran-Resmi-2025-09-08-14.19.42-300x153.png 300w, https:\/\/www.tgrthaber.com\/mavikadin\/wp-content\/uploads\/Ekran-Resmi-2025-09-08-14.19.42-768x391.png 768w\" sizes=\"(max-width: 1006px) 100vw, 1006px\" \/><\/p>\n<hr \/>\n<p class=\"p1\">MasterChef T\u00fcrkiye Ana Kadroya Giren 3. Yar\u0131\u015fmac\u0131: \u00c7a\u011fatay<\/p>\n<p class=\"p1\">MasterChef T\u00fcrkiye Ana Kadroya Giren 4. Yar\u0131\u015fmac\u0131: Onur<\/p>\n<p class=\"p1\">MasterChef T\u00fcrkiye Ana kadroya giren 5. Yar\u0131\u015fmac\u0131: Nisa Nur ( yedeklerden dahil oldu)<\/p>\n<p><img loading=\"lazy\" decoding=\"async\" class=\"alignnone wp-image-232482 size-full\" src=\"https:\/\/www.tgrthaber.com\/mavikadin\/wp-content\/uploads\/Ekran-Resmi-2025-09-08-14.10.03.png\" alt=\"\" width=\"1934\" height=\"1364\" title=\"\" srcset=\"https:\/\/www.tgrthaber.com\/mavikadin\/wp-content\/uploads\/Ekran-Resmi-2025-09-08-14.10.03.png 1934w, https:\/\/www.tgrthaber.com\/mavikadin\/wp-content\/uploads\/Ekran-Resmi-2025-09-08-14.10.03-300x212.png 300w, https:\/\/www.tgrthaber.com\/mavikadin\/wp-content\/uploads\/Ekran-Resmi-2025-09-08-14.10.03-1024x722.png 1024w, https:\/\/www.tgrthaber.com\/mavikadin\/wp-content\/uploads\/Ekran-Resmi-2025-09-08-14.10.03-768x542.png 768w, https:\/\/www.tgrthaber.com\/mavikadin\/wp-content\/uploads\/Ekran-Resmi-2025-09-08-14.10.03-1536x1083.png 1536w\" sizes=\"(max-width: 1934px) 100vw, 1934px\" \/><\/p>\n<hr \/>\n<p class=\"p1\">MasterChef T\u00fcrkiye Ana kadroya giren 6. Yar\u0131\u015fmac\u0131: Sercan<\/p>\n<p class=\"p1\">MasterChef T\u00fcrkiye Ana kadroya giren 7. Yar\u0131\u015fmac\u0131: Ayla<\/p>\n<p class=\"p1\">MasterChef T\u00fcrkiye Ana kadroya giren 8. Yar\u0131\u015fmac\u0131: \u0130hsan<\/p>\n<p class=\"p1\">MasterChef T\u00fcrkiye Ana kadroya giren 9. Yar\u0131\u015fmac\u0131: Ayten<\/p>\n<p class=\"p1\">MasterChef T\u00fcrkiye Ana kadroya giren 10. Yar\u0131\u015fmac\u0131: \u00c7a\u011flar<\/p>\n<p class=\"p1\">MasterChef T\u00fcrkiye Ana kadroya giren 11. Yar\u0131\u015fmac\u0131: Sezer<\/p>\n<p class=\"p1\">MasterChef T\u00fcrkiye Ana kadroya giren 12. Yar\u0131\u015fmac\u0131: Cansu<\/p>\n<p><img loading=\"lazy\" decoding=\"async\" class=\"alignnone wp-image-232483 size-large\" src=\"https:\/\/www.tgrthaber.com\/mavikadin\/wp-content\/uploads\/Ekran-Resmi-2025-09-08-14.09.53-1024x612.png\" alt=\"\" width=\"1024\" height=\"612\" title=\"\" srcset=\"https:\/\/www.tgrthaber.com\/mavikadin\/wp-content\/uploads\/Ekran-Resmi-2025-09-08-14.09.53-1024x612.png 1024w, https:\/\/www.tgrthaber.com\/mavikadin\/wp-content\/uploads\/Ekran-Resmi-2025-09-08-14.09.53-300x179.png 300w, https:\/\/www.tgrthaber.com\/mavikadin\/wp-content\/uploads\/Ekran-Resmi-2025-09-08-14.09.53-768x459.png 768w, https:\/\/www.tgrthaber.com\/mavikadin\/wp-content\/uploads\/Ekran-Resmi-2025-09-08-14.09.53-1536x917.png 1536w, https:\/\/www.tgrthaber.com\/mavikadin\/wp-content\/uploads\/Ekran-Resmi-2025-09-08-14.09.53.png 2016w\" sizes=\"(max-width: 1024px) 100vw, 1024px\" \/><\/p>\n<hr \/>\n<p class=\"p1\">MasterChef T\u00fcrkiye Ana kadroya giren 13. Yar\u0131\u015fmac\u0131: \u00d6zkan<\/p>\n<p class=\"p1\">MasterChef T\u00fcrkiye Ana kadroya giren 14. yar\u0131\u015fmac\u0131: Gizem<\/p>\n<p class=\"p1\">MasterChef T\u00fcrkiye Ana kadroya giren 15. yar\u0131\u015fmac\u0131: \u0130rem<\/p>\n<p class=\"p1\">MasterChef T\u00fcrkiye Ana kadroya giren 16. yar\u0131\u015fmac\u0131: Hakan<\/p>\n<p><img loading=\"lazy\" decoding=\"async\" class=\"alignnone wp-image-232485 \" src=\"https:\/\/www.tgrthaber.com\/mavikadin\/wp-content\/uploads\/Ekran-Resmi-2025-09-08-14.09.45-1024x633.png\" alt=\"\" width=\"988\" height=\"611\" title=\"\" srcset=\"https:\/\/www.tgrthaber.com\/mavikadin\/wp-content\/uploads\/Ekran-Resmi-2025-09-08-14.09.45-1024x633.png 1024w, https:\/\/www.tgrthaber.com\/mavikadin\/wp-content\/uploads\/Ekran-Resmi-2025-09-08-14.09.45-300x185.png 300w, https:\/\/www.tgrthaber.com\/mavikadin\/wp-content\/uploads\/Ekran-Resmi-2025-09-08-14.09.45-768x475.png 768w, https:\/\/www.tgrthaber.com\/mavikadin\/wp-content\/uploads\/Ekran-Resmi-2025-09-08-14.09.45-1536x949.png 1536w, https:\/\/www.tgrthaber.com\/mavikadin\/wp-content\/uploads\/Ekran-Resmi-2025-09-08-14.09.45.png 1896w\" sizes=\"(max-width: 988px) 100vw, 988px\" \/><\/p>\n<hr \/>\n<p class=\"p1\">MasterChef T\u00fcrkiye Ana kadroya giren 17. yar\u0131\u015fmac\u0131: Mert ( yedeklerden dahil oldu)<\/p>\n<p class=\"p1\">MasterChef T\u00fcrkiye Ana kadroya giren 18. yar\u0131\u015fmac\u0131: S\u00fcmeyye<\/p>\n<p class=\"p1\">MasterChef T\u00fcrkiye Ana kadroya giren 19. yar\u0131\u015fmac\u0131: Bar\u0131\u015f Kaya ( yedeklerden dahil oldu)<\/p>\n<p class=\"p1\">MasterChef T\u00fcrkiye Ana kadroya giren 20. yar\u0131\u015fmac\u0131 \u0130lhan<\/p>\n","protected":false},"excerpt":{"rendered":"<p>Ekranlar\u0131n sevilen yar\u0131\u015fma program\u0131 MasterChef T\u00fcrkiye t\u00fcm h\u0131z\u0131yla devam ediyor. Sevilen yar\u0131\u015fma program\u0131nda bu ak\u015fam kaptanl\u0131k heyecan\u0131 ya\u015fanacak. Yar\u0131\u015fmac\u0131lar mavi tak\u0131m kaptan\u0131 olup, k\u0131rm\u0131z\u0131 tak\u0131m\u0131n kaptan\u0131n\u0131 se\u00e7ebilmek ve istedi\u011fi kadroyu olu\u015fturabilmek i\u00e7in k\u0131yas\u0131ya m\u00fccadele edecek. Peki MasterChef 8 Eyl\u00fcl 2025 kaptanl\u0131k oyununu kim kazand\u0131? \u0130\u015fte detaylar&#8230; <\/p>\n","protected":false},"author":16,"featured_media":232493,"comment_status":"closed","ping_status":"closed","sticky":false,"template":"","format":"standard","meta":{"rank_math_lock_modified_date":false,"footnotes":""},"categories":[76],"tags":[133,2218,61749,61750,61751],"class_list":["post-232479","post","type-post","status-publish","format-standard","has-post-thumbnail","hentry","category-magazin","tag-magazin","tag-magazin-haberleri","tag-masterchef-8-eylul-2025-kaptanlik-oyununu-kim-kazandi","tag-masterchef-8-eylul-2025-kim-kaptan-oldu","tag-masterchef-kaptanlik-oyunu-kazanan-kim-oldu"],"_links":{"self":[{"href":"https:\/\/www.tgrthaber.com\/mavikadin\/wp-json\/wp\/v2\/posts\/232479"}],"collection":[{"href":"https:\/\/www.tgrthaber.com\/mavikadin\/wp-json\/wp\/v2\/posts"}],"about":[{"href":"https:\/\/www.tgrthaber.com\/mavikadin\/wp-json\/wp\/v2\/types\/post"}],"author":[{"embeddable":true,"href":"https:\/\/www.tgrthaber.com\/mavikadin\/wp-json\/wp\/v2\/users\/16"}],"replies":[{"embeddable":true,"href":"https:\/\/www.tgrthaber.com\/mavikadin\/wp-json\/wp\/v2\/comments?post=232479"}],"version-history":[{"count":3,"href":"https:\/\/www.tgrthaber.com\/mavikadin\/wp-json\/wp\/v2\/posts\/232479\/revisions"}],"predecessor-version":[{"id":232498,"href":"https:\/\/www.tgrthaber.com\/mavikadin\/wp-json\/wp\/v2\/posts\/232479\/revisions\/232498"}],"wp:featuredmedia":[{"embeddable":true,"href":"https:\/\/www.tgrthaber.com\/mavikadin\/wp-json\/wp\/v2\/media\/232493"}],"wp:attachment":[{"href":"https:\/\/www.tgrthaber.com\/mavikadin\/wp-json\/wp\/v2\/media?parent=232479"}],"wp:term":[{"taxonomy":"category","embeddable":true,"href":"https:\/\/www.tgrthaber.com\/mavikadin\/wp-json\/wp\/v2\/categories?post=232479"},{"taxonomy":"post_tag","embeddable":true,"href":"https:\/\/www.tgrthaber.com\/mavikadin\/wp-json\/wp\/v2\/tags?post=232479"}],"curies":[{"name":"wp","href":"https:\/\/api.w.org\/{rel}","templated":true}]}}