{"id":232497,"date":"2025-09-08T14:45:39","date_gmt":"2025-09-08T11:45:39","guid":{"rendered":"https:\/\/www.tgrthaber.com\/mavikadin\/?p=232497"},"modified":"2025-09-08T23:02:50","modified_gmt":"2025-09-08T20:02:50","slug":"masterchefte-meshur-orjinal-kayseri-yaglamasi-tarifi-boyle-bir-lezzet-yok-denemeyen-pisman-olur","status":"publish","type":"post","link":"https:\/\/www.tgrthaber.com\/mavikadin\/masterchefte-meshur-orjinal-kayseri-yaglamasi-tarifi-boyle-bir-lezzet-yok-denemeyen-pisman-olur\/","title":{"rendered":"MasterChef&#8217;te me\u015fhur orjinal Kayseri ya\u011flamas\u0131 tarifi! B\u00f6yle bir lezzet yok denemeyen pi\u015fman olur"},"content":{"rendered":"<p>MasterChef T\u00fcrkiye&#8217;de heyecan dorukta! Ekranlar\u0131n sevilerek seyredilen yar\u0131\u015fma program\u0131 her ak\u015fam birbirinden lezzetli tarifleri ekrana getiriyor. Yar\u0131\u015fmac\u0131lar\u0131n hayallerine ula\u015fabilmek i\u00e7in k\u0131yas\u0131ya m\u00fccadele etti\u011fi programda bu ak\u015fam kaptanl\u0131k oyunu oynanacak. \u015eeflerin yar\u0131\u015fmac\u0131lardan istedi\u011fi yemek ise kayseri ya\u011flama tarifi oldu. Yapmas\u0131 kimilerine zor gelse de bir yiyenin kolay kolay vazge\u00e7emedi\u011fi bu \u015fahane tarifi merak edenler yap\u0131l\u0131\u015f\u0131n\u0131 ara\u015ft\u0131rmaya ba\u015flad\u0131. Peki <a href=\"https:\/\/www.tgrthaber.com\/mavikadin\/masterchef-ciger-sarma-tarifi-kuzu-gomleginin-essiz-lezzetiyle-deneyin\/\">MasterChef<\/a> me\u015fhur orjinal Kayseri ya\u011flamas\u0131 nas\u0131l haz\u0131rlan\u0131r? \u0130\u015fte detaylar&#8230;<\/p>\n<h3>MASTERCHEF ME\u015eHUR ORJ\u0130NAL KAYSER\u0130 YA\u011eLAMASI NASIL YAPILIR?<\/h3>\n<p><strong>Malzemeler:\u00a0<\/strong><\/p>\n<ul class=\"ul1\">\n<li class=\"li1\">1 su barda\u011f\u0131 \u0131l\u0131k su (200 ml)<\/li>\n<li class=\"li1\">1 su barda\u011f\u0131 \u0131l\u0131k s\u00fct (200 ml)<\/li>\n<li class=\"li1\">1 paket instant maya<\/li>\n<li class=\"li1\">1 tatl\u0131 ka\u015f\u0131\u011f\u0131 tuz<\/li>\n<li class=\"li1\">1 tatl\u0131 ka\u015f\u0131\u011f\u0131 \u015feker<\/li>\n<li class=\"li1\">2 yemek ka\u015f\u0131\u011f\u0131 s\u0131v\u0131 ya\u011f<\/li>\n<li class=\"li1\">5 su barda\u011f\u0131 un<\/li>\n<\/ul>\n<p><img loading=\"lazy\" decoding=\"async\" class=\"alignnone wp-image-232500 size-large\" src=\"https:\/\/www.tgrthaber.com\/mavikadin\/wp-content\/uploads\/Ekran-Resmi-2025-09-08-14.39.07-1024x624.png\" alt=\"\" width=\"1024\" height=\"624\" title=\"\" srcset=\"https:\/\/www.tgrthaber.com\/mavikadin\/wp-content\/uploads\/Ekran-Resmi-2025-09-08-14.39.07-1024x624.png 1024w, https:\/\/www.tgrthaber.com\/mavikadin\/wp-content\/uploads\/Ekran-Resmi-2025-09-08-14.39.07-300x183.png 300w, https:\/\/www.tgrthaber.com\/mavikadin\/wp-content\/uploads\/Ekran-Resmi-2025-09-08-14.39.07-768x468.png 768w, https:\/\/www.tgrthaber.com\/mavikadin\/wp-content\/uploads\/Ekran-Resmi-2025-09-08-14.39.07-1536x936.png 1536w, https:\/\/www.tgrthaber.com\/mavikadin\/wp-content\/uploads\/Ekran-Resmi-2025-09-08-14.39.07.png 1678w\" sizes=\"(max-width: 1024px) 100vw, 1024px\" \/><\/p>\n<hr \/>\n<p class=\"p1\">\u0130\u00e7 harc\u0131 i\u00e7in;<\/p>\n<ul class=\"ul1\">\n<li class=\"li1\">500 gr. k\u0131yma<\/li>\n<li class=\"li1\">2 adet so\u011fan<\/li>\n<li class=\"li1\">2 adet ye\u015fil biber<\/li>\n<li class=\"li1\">2 adet k\u0131rm\u0131z\u0131 biber<\/li>\n<li class=\"li1\">2 adet domates<\/li>\n<li class=\"li1\">2 di\u015f sar\u0131msak<\/li>\n<li class=\"li1\">1 yemek ka\u015f\u0131\u011f\u0131 sal\u00e7a<\/li>\n<li class=\"li1\">1 yemek ka\u015f\u0131\u011f\u0131 tereya\u011f\u0131<\/li>\n<li class=\"li1\">1 \u00e7ay barda\u011f\u0131 zeytinya\u011f\u0131<\/li>\n<li class=\"li1\">1 \u00e7ay barda\u011f\u0131 su<\/li>\n<li class=\"li1\">1 tatl\u0131 ka\u015f\u0131\u011f\u0131 tuz<\/li>\n<li class=\"li1\">1 tatl\u0131 pul biber<\/li>\n<li class=\"li1\">1 \u00e7ay ka\u015f\u0131\u011f\u0131 karabiber<\/li>\n<li class=\"li1\">1 \u00e7ay ka\u015f\u0131\u011f\u0131 kimyon<\/li>\n<\/ul>\n<p class=\"p1\">\u00dczeri i\u00e7in;<\/p>\n<ul class=\"ul1\">\n<li class=\"li1\">Sar\u0131msakl\u0131 yo\u011furt<\/li>\n<\/ul>\n<p><img loading=\"lazy\" decoding=\"async\" class=\"alignnone wp-image-232501 size-large\" src=\"https:\/\/www.tgrthaber.com\/mavikadin\/wp-content\/uploads\/Ekran-Resmi-2025-09-08-14.39.13-1024x711.png\" alt=\"\" width=\"1024\" height=\"711\" title=\"\" srcset=\"https:\/\/www.tgrthaber.com\/mavikadin\/wp-content\/uploads\/Ekran-Resmi-2025-09-08-14.39.13-1024x711.png 1024w, https:\/\/www.tgrthaber.com\/mavikadin\/wp-content\/uploads\/Ekran-Resmi-2025-09-08-14.39.13-300x208.png 300w, https:\/\/www.tgrthaber.com\/mavikadin\/wp-content\/uploads\/Ekran-Resmi-2025-09-08-14.39.13-768x533.png 768w, https:\/\/www.tgrthaber.com\/mavikadin\/wp-content\/uploads\/Ekran-Resmi-2025-09-08-14.39.13.png 1446w\" sizes=\"(max-width: 1024px) 100vw, 1024px\" \/><\/p>\n<hr \/>\n<h3>HAZIRLANI\u015eI:<\/h3>\n<p class=\"p1\">Kayseri ya\u011flamas\u0131n\u0131 yapmaya ilk olarak hamurundan ba\u015flay\u0131n. Yo\u011furma kab\u0131na un, maya tuz ve \u015fekeri al\u0131p kar\u0131\u015ft\u0131r\u0131n. Ard\u0131ndan \u00fczerine s\u00fct, s\u0131v\u0131ya ve suyu ilave edin. Yumu\u015fak k\u0131vaml\u0131 bir hamur elde edinceye kadar yo\u011furmaya devam edin. K\u0131vam\u0131n\u0131 alan hamurunuzun \u00fczerini stre\u00e7leyin ve temiz bir bezle \u00f6rterek 40 dakika kadar mayalanmaya b\u0131rak\u0131n. Ard\u0131ndan K\u0131ymal\u0131 harc\u0131 haz\u0131rlamaya ge\u00e7ebilirsiniz. K\u0131ymal\u0131 har\u00e7 i\u00e7in tavaya k\u0131yman\u0131z\u0131 al\u0131n ve kavurmaya ba\u015flay\u0131n.<\/p>\n<p><img loading=\"lazy\" decoding=\"async\" class=\"alignnone wp-image-232502 size-large\" src=\"https:\/\/www.tgrthaber.com\/mavikadin\/wp-content\/uploads\/Ekran-Resmi-2025-09-08-14.39.17-1024x646.png\" alt=\"\" width=\"1024\" height=\"646\" title=\"\" srcset=\"https:\/\/www.tgrthaber.com\/mavikadin\/wp-content\/uploads\/Ekran-Resmi-2025-09-08-14.39.17-1024x646.png 1024w, https:\/\/www.tgrthaber.com\/mavikadin\/wp-content\/uploads\/Ekran-Resmi-2025-09-08-14.39.17-300x189.png 300w, https:\/\/www.tgrthaber.com\/mavikadin\/wp-content\/uploads\/Ekran-Resmi-2025-09-08-14.39.17-768x485.png 768w, https:\/\/www.tgrthaber.com\/mavikadin\/wp-content\/uploads\/Ekran-Resmi-2025-09-08-14.39.17.png 1474w\" sizes=\"(max-width: 1024px) 100vw, 1024px\" \/><\/p>\n<hr \/>\n<p class=\"p1\">K\u0131ymay\u0131 ezerek kar\u0131\u015ft\u0131rmaya \u00f6zen g\u00f6sterin. K\u0131yman\u0131n rengi d\u00f6nd\u00fckten sonra ve suyunu \u00e7ektikten sonra \u00fczerine zeytinya\u011f\u0131 ve tereya\u011f\u0131 ilave edin. Do\u011franm\u0131\u015f so\u011fan, sar\u0131msak, k\u0131rm\u0131z\u0131 ve ye\u015fil biberi de malzemelerimizin \u00fczerine ekleyin ve kavurmaya devam edin. Daha sonra sal\u00e7a, karabiber, kimyon, pul biber ve tuzu ekleyerek kar\u0131\u015ft\u0131r\u0131n. Daha sonra sal\u00e7a, karabiber, kimyon, pul biber ve tuzu ekleyerek kar\u0131\u015ft\u0131r\u0131n.<span class=\"Apple-converted-space\">\u00a0 <\/span>Son olarak s\u0131cak suyu ilave edip, k\u0131yma suyunu \u00e7ekinceye kadar 8-10 dakika k\u0131s\u0131k ate\u015fte pi\u015firin.<\/p>\n<p><img loading=\"lazy\" decoding=\"async\" class=\"alignnone wp-image-232503 \" src=\"https:\/\/www.tgrthaber.com\/mavikadin\/wp-content\/uploads\/Ekran-Resmi-2025-09-08-14.39.22-1024x629.png\" alt=\"\" width=\"988\" height=\"607\" title=\"\" srcset=\"https:\/\/www.tgrthaber.com\/mavikadin\/wp-content\/uploads\/Ekran-Resmi-2025-09-08-14.39.22-1024x629.png 1024w, https:\/\/www.tgrthaber.com\/mavikadin\/wp-content\/uploads\/Ekran-Resmi-2025-09-08-14.39.22-300x184.png 300w, https:\/\/www.tgrthaber.com\/mavikadin\/wp-content\/uploads\/Ekran-Resmi-2025-09-08-14.39.22-768x472.png 768w, https:\/\/www.tgrthaber.com\/mavikadin\/wp-content\/uploads\/Ekran-Resmi-2025-09-08-14.39.22.png 1312w\" sizes=\"(max-width: 988px) 100vw, 988px\" \/><\/p>\n<hr \/>\n<p class=\"p1\">Mayalad\u0131\u011f\u0131n\u0131z hamuru tezgaha al\u0131 ve 12 e\u015fit par\u00e7aya b\u00f6l\u00fcn. Her bir par\u00e7ay\u0131 beze haline getirin. Ard\u0131ndan un serpti\u011fimiz tezgahta bezeleri s\u0131ras\u0131yla yakla\u015f\u0131k bir servis taba\u011f\u0131 boyutuna gelinceye kadar a\u00e7\u0131n. Hamuru a\u00e7t\u0131ktan sonra fazla ununun d\u00f6k\u00fclmesi i\u00e7in hafif\u00e7e sallay\u0131n. Ard\u0131ndan \u0131s\u0131tt\u0131\u011f\u0131m\u0131z yap\u0131\u015fmaz tavaya hamuru yerle\u015ftirelim, orta ate\u015fte s\u0131k s\u0131k \u00e7evirerek pi\u015firmeye ba\u015flay\u0131n. Haz\u0131rlad\u0131\u011f\u0131n\u0131z lava\u015flar\u0131 geni\u015f bir taba\u011fa al\u0131n ve i\u00e7 harc\u0131m\u0131zdan bir ka\u015f\u0131k yard\u0131m\u0131yla yerle\u015ftirerek her yerine gelecek \u015fekilde yay\u0131n. Lava\u015flar\u0131 k\u0131ymal\u0131 har\u00e7lar \u00fcst \u00fcste gelecek \u015fekilde yerle\u015ftirin.<\/p>\n<p><img loading=\"lazy\" decoding=\"async\" class=\"alignnone wp-image-232505 size-large\" src=\"https:\/\/www.tgrthaber.com\/mavikadin\/wp-content\/uploads\/Ekran-Resmi-2025-09-08-14.39.25-1024x599.png\" alt=\"\" width=\"1024\" height=\"599\" title=\"\" srcset=\"https:\/\/www.tgrthaber.com\/mavikadin\/wp-content\/uploads\/Ekran-Resmi-2025-09-08-14.39.25-1024x599.png 1024w, https:\/\/www.tgrthaber.com\/mavikadin\/wp-content\/uploads\/Ekran-Resmi-2025-09-08-14.39.25-300x175.png 300w, https:\/\/www.tgrthaber.com\/mavikadin\/wp-content\/uploads\/Ekran-Resmi-2025-09-08-14.39.25-768x449.png 768w, https:\/\/www.tgrthaber.com\/mavikadin\/wp-content\/uploads\/Ekran-Resmi-2025-09-08-14.39.25-1536x898.png 1536w, https:\/\/www.tgrthaber.com\/mavikadin\/wp-content\/uploads\/Ekran-Resmi-2025-09-08-14.39.25.png 1762w\" sizes=\"(max-width: 1024px) 100vw, 1024px\" \/><\/p>\n<hr \/>\n<p class=\"p1\">K\u0131ymal\u0131 harc\u0131n\u0131z bitene kadar bu i\u015flemi uygulamaya devam edin. Son kat\u0131na ise haz\u0131rlad\u0131\u011f\u0131n\u0131z sar\u0131msakl\u0131 yo\u011furt d\u00f6kerek s\u00fcsleyin. Yap\u0131l\u0131\u015f\u0131 biraz me\u015f\u015fakatli g\u00f6r\u00fcnse de yiyenlerin asla vazge\u00e7emedi\u011fi bu tarife sizlerde mutfaklar\u0131n\u0131zda \u015fans vermek isterseniz tarifimizi deneyebilirsiniz. \u015eimdiden afiyetler olsun.<\/p>\n<h3 class=\"p1\">MASTERCHEF T\u00dcRK\u0130YE 2025 ANA KADRO L\u0130STES\u0130<\/h3>\n<p class=\"p1\">MasterChef T\u00fcrkiye 2025 ana kadro g\u00fcncel listesi:<\/p>\n<p class=\"p1\">MasterChef T\u00fcrkiye Ana Kadroya Giren 1. Yar\u0131\u015fmac\u0131: Furkan<\/p>\n<p class=\"p1\">MasterChef T\u00fcrkiye Ana Kadroya Giren 2. Yar\u0131\u015fmac\u0131: Eyl\u00fcl<\/p>\n<p class=\"p1\">MasterChef T\u00fcrkiye Ana Kadroya Giren 3. Yar\u0131\u015fmac\u0131: \u00c7a\u011fatay<\/p>\n<p class=\"p1\">MasterChef T\u00fcrkiye Ana Kadroya Giren 4. Yar\u0131\u015fmac\u0131: Onur<\/p>\n<p><img loading=\"lazy\" decoding=\"async\" class=\"alignnone wp-image-232506 size-full\" src=\"https:\/\/www.tgrthaber.com\/mavikadin\/wp-content\/uploads\/Ekran-Resmi-2025-09-08-14.16.03.png\" alt=\"\" width=\"1002\" height=\"590\" title=\"\" srcset=\"https:\/\/www.tgrthaber.com\/mavikadin\/wp-content\/uploads\/Ekran-Resmi-2025-09-08-14.16.03.png 1002w, https:\/\/www.tgrthaber.com\/mavikadin\/wp-content\/uploads\/Ekran-Resmi-2025-09-08-14.16.03-300x177.png 300w, https:\/\/www.tgrthaber.com\/mavikadin\/wp-content\/uploads\/Ekran-Resmi-2025-09-08-14.16.03-768x452.png 768w\" sizes=\"(max-width: 1002px) 100vw, 1002px\" \/><\/p>\n<hr \/>\n<p class=\"p1\">MasterChef T\u00fcrkiye Ana kadroya giren 5. Yar\u0131\u015fmac\u0131: Nisa Nur ( yedeklerden dahil oldu)<\/p>\n<p class=\"p1\">MasterChef T\u00fcrkiye Ana kadroya giren 6. Yar\u0131\u015fmac\u0131: Sercan<\/p>\n<p class=\"p1\">MasterChef T\u00fcrkiye Ana kadroya giren 7. Yar\u0131\u015fmac\u0131: Ayla<\/p>\n<p class=\"p1\">MasterChef T\u00fcrkiye Ana kadroya giren 8. Yar\u0131\u015fmac\u0131: \u0130hsan<\/p>\n<p class=\"p1\">MasterChef T\u00fcrkiye Ana kadroya giren 9. Yar\u0131\u015fmac\u0131: Ayten<\/p>\n<p class=\"p1\">MasterChef T\u00fcrkiye Ana kadroya giren 10. Yar\u0131\u015fmac\u0131: \u00c7a\u011flar<\/p>\n<p><img loading=\"lazy\" decoding=\"async\" class=\"alignnone wp-image-232507 size-large\" src=\"https:\/\/www.tgrthaber.com\/mavikadin\/wp-content\/uploads\/Ekran-Resmi-2025-09-08-14.12.22-1024x624.png\" alt=\"\" width=\"1024\" height=\"624\" title=\"\" srcset=\"https:\/\/www.tgrthaber.com\/mavikadin\/wp-content\/uploads\/Ekran-Resmi-2025-09-08-14.12.22-1024x624.png 1024w, https:\/\/www.tgrthaber.com\/mavikadin\/wp-content\/uploads\/Ekran-Resmi-2025-09-08-14.12.22-300x183.png 300w, https:\/\/www.tgrthaber.com\/mavikadin\/wp-content\/uploads\/Ekran-Resmi-2025-09-08-14.12.22-768x468.png 768w, https:\/\/www.tgrthaber.com\/mavikadin\/wp-content\/uploads\/Ekran-Resmi-2025-09-08-14.12.22-1536x936.png 1536w, https:\/\/www.tgrthaber.com\/mavikadin\/wp-content\/uploads\/Ekran-Resmi-2025-09-08-14.12.22.png 1934w\" sizes=\"(max-width: 1024px) 100vw, 1024px\" \/><\/p>\n<hr \/>\n<p class=\"p1\">MasterChef T\u00fcrkiye Ana kadroya giren 11. Yar\u0131\u015fmac\u0131: Sezer<\/p>\n<p class=\"p1\">MasterChef T\u00fcrkiye Ana kadroya giren 12. Yar\u0131\u015fmac\u0131: Cansu<\/p>\n<p class=\"p1\">MasterChef T\u00fcrkiye Ana kadroya giren 13. Yar\u0131\u015fmac\u0131: \u00d6zkan<\/p>\n<p class=\"p1\">MasterChef T\u00fcrkiye Ana kadroya giren 14. yar\u0131\u015fmac\u0131: Gizem<\/p>\n<p class=\"p1\">MasterChef T\u00fcrkiye Ana kadroya giren 15. yar\u0131\u015fmac\u0131: \u0130rem<\/p>\n<p class=\"p1\">MasterChef T\u00fcrkiye Ana kadroya giren 16. yar\u0131\u015fmac\u0131: Hakan<\/p>\n<p><img loading=\"lazy\" decoding=\"async\" class=\"alignnone wp-image-232508 size-large\" src=\"https:\/\/www.tgrthaber.com\/mavikadin\/wp-content\/uploads\/Ekran-Resmi-2025-09-08-14.10.03-1-1024x722.png\" alt=\"\" width=\"1024\" height=\"722\" title=\"\" srcset=\"https:\/\/www.tgrthaber.com\/mavikadin\/wp-content\/uploads\/Ekran-Resmi-2025-09-08-14.10.03-1-1024x722.png 1024w, https:\/\/www.tgrthaber.com\/mavikadin\/wp-content\/uploads\/Ekran-Resmi-2025-09-08-14.10.03-1-300x212.png 300w, https:\/\/www.tgrthaber.com\/mavikadin\/wp-content\/uploads\/Ekran-Resmi-2025-09-08-14.10.03-1-768x542.png 768w, https:\/\/www.tgrthaber.com\/mavikadin\/wp-content\/uploads\/Ekran-Resmi-2025-09-08-14.10.03-1-1536x1083.png 1536w, https:\/\/www.tgrthaber.com\/mavikadin\/wp-content\/uploads\/Ekran-Resmi-2025-09-08-14.10.03-1.png 1934w\" sizes=\"(max-width: 1024px) 100vw, 1024px\" \/><\/p>\n<hr \/>\n<p>&nbsp;<\/p>\n<p class=\"p1\">MasterChef T\u00fcrkiye Ana kadroya giren 17. yar\u0131\u015fmac\u0131: Mert ( yedeklerden dahil oldu)<\/p>\n<p class=\"p1\">MasterChef T\u00fcrkiye Ana kadroya giren 18. yar\u0131\u015fmac\u0131: S\u00fcmeyye<\/p>\n<p class=\"p1\">MasterChef T\u00fcrkiye Ana kadroya giren 19. yar\u0131\u015fmac\u0131: Bar\u0131\u015f Kaya ( yedeklerden dahil oldu)<\/p>\n<p class=\"p1\">MasterChef T\u00fcrkiye Ana kadroya giren 20. yar\u0131\u015fmac\u0131 \u0130lhan<\/p>\n<p>&nbsp;<\/p>\n","protected":false},"excerpt":{"rendered":"<p>MasterChef T\u00fcrkiye&#8217;de bu ak\u015fam me\u015fhur orjinal Kayseri ya\u011flama tarifi yap\u0131ld\u0131. Kaptanl\u0131k oyununun oynanaca\u011f\u0131 ak\u015fam \u015feflerin yar\u0131\u015fmac\u0131lardan istedi\u011fi bu tarif g\u00f6r\u00fcn\u00fc\u015fte her ne kadar zor gibi olsa da p\u00fcf noktalar\u0131 ve haz\u0131rlan\u0131\u015f\u0131 ile izleyenlerinde dikkatini \u00e7ekti. Peki MasterChef me\u015fhur orjinal Kayseri ya\u011flamas\u0131 nas\u0131l yap\u0131l\u0131r? \u0130\u015fte detaylar.. <\/p>\n","protected":false},"author":16,"featured_media":232509,"comment_status":"closed","ping_status":"closed","sticky":false,"template":"","format":"standard","meta":{"rank_math_lock_modified_date":false,"footnotes":""},"categories":[191],"tags":[61753,26046,61752,2842,3411],"class_list":["post-232497","post","type-post","status-publish","format-standard","has-post-thumbnail","hentry","category-yemek-tarifleri","tag-masterchef-kayseri-yaglamasi","tag-masterchef-kayseri-yaglamasi-nasil-yapilir","tag-masterchef-kayseri-yaglamasi-tarifi","tag-masterchef-yemek-tarifleri","tag-yemek-tarifleri"],"_links":{"self":[{"href":"https:\/\/www.tgrthaber.com\/mavikadin\/wp-json\/wp\/v2\/posts\/232497"}],"collection":[{"href":"https:\/\/www.tgrthaber.com\/mavikadin\/wp-json\/wp\/v2\/posts"}],"about":[{"href":"https:\/\/www.tgrthaber.com\/mavikadin\/wp-json\/wp\/v2\/types\/post"}],"author":[{"embeddable":true,"href":"https:\/\/www.tgrthaber.com\/mavikadin\/wp-json\/wp\/v2\/users\/16"}],"replies":[{"embeddable":true,"href":"https:\/\/www.tgrthaber.com\/mavikadin\/wp-json\/wp\/v2\/comments?post=232497"}],"version-history":[{"count":1,"href":"https:\/\/www.tgrthaber.com\/mavikadin\/wp-json\/wp\/v2\/posts\/232497\/revisions"}],"predecessor-version":[{"id":232510,"href":"https:\/\/www.tgrthaber.com\/mavikadin\/wp-json\/wp\/v2\/posts\/232497\/revisions\/232510"}],"wp:featuredmedia":[{"embeddable":true,"href":"https:\/\/www.tgrthaber.com\/mavikadin\/wp-json\/wp\/v2\/media\/232509"}],"wp:attachment":[{"href":"https:\/\/www.tgrthaber.com\/mavikadin\/wp-json\/wp\/v2\/media?parent=232497"}],"wp:term":[{"taxonomy":"category","embeddable":true,"href":"https:\/\/www.tgrthaber.com\/mavikadin\/wp-json\/wp\/v2\/categories?post=232497"},{"taxonomy":"post_tag","embeddable":true,"href":"https:\/\/www.tgrthaber.com\/mavikadin\/wp-json\/wp\/v2\/tags?post=232497"}],"curies":[{"name":"wp","href":"https:\/\/api.w.org\/{rel}","templated":true}]}}