{"id":232520,"date":"2025-09-08T15:08:23","date_gmt":"2025-09-08T12:08:23","guid":{"rendered":"https:\/\/www.tgrthaber.com\/mavikadin\/?p=232520"},"modified":"2025-09-08T15:11:05","modified_gmt":"2025-09-08T12:11:05","slug":"masterchef-2025ten-son-elenen-yarismaci-sercan-sahinoglundan-dikkat-ceken-paylasim","status":"publish","type":"post","link":"https:\/\/www.tgrthaber.com\/mavikadin\/masterchef-2025ten-son-elenen-yarismaci-sercan-sahinoglundan-dikkat-ceken-paylasim\/","title":{"rendered":"MasterChef 2025&#8217;ten son elenen yar\u0131\u015fmac\u0131 Sercan \u015eahino\u011flu&#8217;ndan dikkat \u00e7eken payla\u015f\u0131m!"},"content":{"rendered":"<p>MasterChef T\u00fcrkiye heyecan\u0131 devam ediyor. Ekranlar\u0131n sevilen yemek yar\u0131\u015fmas\u0131 program\u0131 MasterChef T\u00fcrkiye&#8217;den son elenen yar\u0131\u015fmac\u0131 Sercan \u015eahino\u011flu olmu\u015ftu. Yar\u0131\u015fman\u0131n g\u00fcler y\u00fczl\u00fc ve sivri dilli yar\u0131\u015fmac\u0131s\u0131 olarak tan\u0131mlanan Sercan&#8217;\u0131n vedas\u0131 sonras\u0131 yar\u0131\u015fmac\u0131 arkada\u015flar\u0131 g\u00f6zya\u015flar\u0131n\u0131 tutamam\u0131\u015ft\u0131. Sercan elenmesinin ard\u0131ndan ilk payla\u015f\u0131m\u0131n\u0131 yapt\u0131. \u0130\u015fte detaylar&#8230;<\/p>\n<h3>MASTERCHEF 2025&#8217;TEN SON ELENEN YARI\u015eMACI SERCAN \u015eAH\u0130NO\u011eLU&#8217;NDAN D\u0130KKAT \u00c7EKEN PAYLA\u015eIM<\/h3>\n<p class=\"p2\">MasterChef T\u00fcrkiye\u2019de yar\u0131\u015fmac\u0131lar \u015fampiyon olabilmek i\u00e7in k\u0131yas\u0131ya m\u00fccadele ediyor. Yar\u0131\u015fmada daha uzun s\u00fcre kalabilmek ve hayallerine yakla\u015fabilmek i\u00e7in ter d\u00f6ken yar\u0131\u015fmac\u0131lardan son elenen isim <a href=\"https:\/\/www.tgrthaber.com\/mavikadin\/masterchef-2025-ana-kadroya-giren-6-yarismaci-sercan-sahinoglu-kimdir-kac-yasinda-aslen-nereli\/\">Sercan \u015eahino\u011flu<\/a> olmu\u015ftu. Yar\u0131\u015fman\u0131n g\u00fcler y\u00fczl\u00fc ve sivri dilli yar\u0131\u015fmac\u0131s\u0131 olarak tan\u0131nan Sercan\u2019\u0131n elenmesi sonras\u0131 arkada\u015flar\u0131 g\u00f6zya\u015flar\u0131na bo\u011fulmu\u015ftu.<\/p>\n<p><img loading=\"lazy\" decoding=\"async\" class=\"alignnone wp-image-232522 size-full\" src=\"https:\/\/www.tgrthaber.com\/mavikadin\/wp-content\/uploads\/Ekran-Resmi-2025-09-08-15.01.16.png\" alt=\"\" width=\"1012\" height=\"620\" title=\"\" srcset=\"https:\/\/www.tgrthaber.com\/mavikadin\/wp-content\/uploads\/Ekran-Resmi-2025-09-08-15.01.16.png 1012w, https:\/\/www.tgrthaber.com\/mavikadin\/wp-content\/uploads\/Ekran-Resmi-2025-09-08-15.01.16-300x184.png 300w, https:\/\/www.tgrthaber.com\/mavikadin\/wp-content\/uploads\/Ekran-Resmi-2025-09-08-15.01.16-768x471.png 768w\" sizes=\"(max-width: 1012px) 100vw, 1012px\" \/><\/p>\n<hr \/>\n<p class=\"p2\">6 Eyl\u00fcl 2025 ak\u015fam\u0131 ilk turda potadan \u00e7\u0131kamayan Sercan, \u00d6zkan, Nisa ve \u00c7a\u011flar final turu i\u00e7in yeniden \u00f6nl\u00fck giydi. \u015eefler bu turda yar\u0131\u015fmac\u0131lardan Danilo \u015eef&#8217;in \u00f6zel tarifi &#8216;ricciola&#8217; yapmalar\u0131n\u0131 istedi. Heyecanl\u0131 ve gergin turun sonunda yar\u0131\u015fmac\u0131lar \u015feflere tabaklar\u0131n\u0131 sundu. En ba\u015far\u0131s\u0131z taba\u011f\u0131 yaparak yar\u0131\u015fmaya veda eden isim Sercan oldu.<\/p>\n<p><img loading=\"lazy\" decoding=\"async\" class=\"alignnone wp-image-232521 size-full\" src=\"https:\/\/www.tgrthaber.com\/mavikadin\/wp-content\/uploads\/Ekran-Resmi-2025-09-08-15.00.46.png\" alt=\"\" width=\"984\" height=\"524\" title=\"\" srcset=\"https:\/\/www.tgrthaber.com\/mavikadin\/wp-content\/uploads\/Ekran-Resmi-2025-09-08-15.00.46.png 984w, https:\/\/www.tgrthaber.com\/mavikadin\/wp-content\/uploads\/Ekran-Resmi-2025-09-08-15.00.46-300x160.png 300w, https:\/\/www.tgrthaber.com\/mavikadin\/wp-content\/uploads\/Ekran-Resmi-2025-09-08-15.00.46-768x409.png 768w\" sizes=\"(max-width: 984px) 100vw, 984px\" \/><\/p>\n<hr \/>\n<p class=\"p2\">K\u0131sa s\u00fcrede b\u00fcy\u00fck bir hayran kitlesine sahip olan Sercan, elendikten sonra sosyal medyadaki ilk payla\u015f\u0131m\u0131n\u0131 da yapt\u0131. Sercan minik bir hayran\u0131n\u0131n ona g\u00f6nderdi\u011fi foto\u011fraf\u0131 payla\u015f\u0131p, \u2018Asl\u0131nda bu tarz \u00f6zel mesajlar\u0131 kendime saklamay\u0131 seviyorum. Ama bu minik kalp beni \u00e7ok duyguland\u0131rd\u0131. 7\u2019den 70\u2019e t\u00fcm kalplere dokunmak \u00e7ok g\u00fczel. \u0130yilikle ve sevgiyle kal\u0131n\u2019 notunu d\u00fc\u015ft\u00fc.<\/p>\n<p><img loading=\"lazy\" decoding=\"async\" class=\"alignnone wp-image-232523 size-large\" src=\"https:\/\/www.tgrthaber.com\/mavikadin\/wp-content\/uploads\/sercan--1024x576.png\" alt=\"\" width=\"1024\" height=\"576\" title=\"\" srcset=\"https:\/\/www.tgrthaber.com\/mavikadin\/wp-content\/uploads\/sercan--1024x576.png 1024w, https:\/\/www.tgrthaber.com\/mavikadin\/wp-content\/uploads\/sercan--300x169.png 300w, https:\/\/www.tgrthaber.com\/mavikadin\/wp-content\/uploads\/sercan--768x432.png 768w, https:\/\/www.tgrthaber.com\/mavikadin\/wp-content\/uploads\/sercan--1536x864.png 1536w, https:\/\/www.tgrthaber.com\/mavikadin\/wp-content\/uploads\/sercan-.png 1600w\" sizes=\"(max-width: 1024px) 100vw, 1024px\" \/><\/p>\n<hr \/>\n<h3 class=\"p1\">MASTERCHEF T\u00dcRK\u0130YE 2025 ANA KADRO L\u0130STES\u0130<\/h3>\n<p class=\"p1\">MasterChef T\u00fcrkiye 2025 ana kadro g\u00fcncel listesi:<\/p>\n<p class=\"p1\">MasterChef T\u00fcrkiye Ana Kadroya Giren 1. Yar\u0131\u015fmac\u0131: Furkan<\/p>\n<p class=\"p1\">MasterChef T\u00fcrkiye Ana Kadroya Giren 2. Yar\u0131\u015fmac\u0131: Eyl\u00fcl<\/p>\n<p class=\"p1\">MasterChef T\u00fcrkiye Ana Kadroya Giren 3. Yar\u0131\u015fmac\u0131: \u00c7a\u011fatay<\/p>\n<p class=\"p1\">MasterChef T\u00fcrkiye Ana Kadroya Giren 4. Yar\u0131\u015fmac\u0131: Onur<\/p>\n<p><img loading=\"lazy\" decoding=\"async\" class=\"alignnone wp-image-232493 size-large\" src=\"https:\/\/www.tgrthaber.com\/mavikadin\/wp-content\/uploads\/MasterChef-8-Eylul-2025-kim-kaptan-oldu-MasterChef-kaptanlik-oyununu-kim-kazandi--1024x576.png\" alt=\"\" width=\"1024\" height=\"576\" title=\"\" srcset=\"https:\/\/www.tgrthaber.com\/mavikadin\/wp-content\/uploads\/MasterChef-8-Eylul-2025-kim-kaptan-oldu-MasterChef-kaptanlik-oyununu-kim-kazandi--1024x576.png 1024w, https:\/\/www.tgrthaber.com\/mavikadin\/wp-content\/uploads\/MasterChef-8-Eylul-2025-kim-kaptan-oldu-MasterChef-kaptanlik-oyununu-kim-kazandi--300x169.png 300w, https:\/\/www.tgrthaber.com\/mavikadin\/wp-content\/uploads\/MasterChef-8-Eylul-2025-kim-kaptan-oldu-MasterChef-kaptanlik-oyununu-kim-kazandi--768x432.png 768w, https:\/\/www.tgrthaber.com\/mavikadin\/wp-content\/uploads\/MasterChef-8-Eylul-2025-kim-kaptan-oldu-MasterChef-kaptanlik-oyununu-kim-kazandi--1536x864.png 1536w, https:\/\/www.tgrthaber.com\/mavikadin\/wp-content\/uploads\/MasterChef-8-Eylul-2025-kim-kaptan-oldu-MasterChef-kaptanlik-oyununu-kim-kazandi-.png 1600w\" sizes=\"(max-width: 1024px) 100vw, 1024px\" \/><\/p>\n<hr \/>\n<p class=\"p1\">MasterChef T\u00fcrkiye Ana kadroya giren 5. Yar\u0131\u015fmac\u0131: Nisa Nur ( yedeklerden dahil oldu)<\/p>\n<p class=\"p1\">MasterChef T\u00fcrkiye Ana kadroya giren 6. Yar\u0131\u015fmac\u0131: Sercan<\/p>\n<p class=\"p1\">MasterChef T\u00fcrkiye Ana kadroya giren 7. Yar\u0131\u015fmac\u0131: Ayla<\/p>\n<p class=\"p1\">MasterChef T\u00fcrkiye Ana kadroya giren 8. Yar\u0131\u015fmac\u0131: \u0130hsan<\/p>\n<p class=\"p1\">MasterChef T\u00fcrkiye Ana kadroya giren 9. Yar\u0131\u015fmac\u0131: Ayten<\/p>\n<p class=\"p1\">MasterChef T\u00fcrkiye Ana kadroya giren 10. Yar\u0131\u015fmac\u0131: \u00c7a\u011flar<\/p>\n<p><img loading=\"lazy\" decoding=\"async\" class=\"alignnone wp-image-232524 size-large\" src=\"https:\/\/www.tgrthaber.com\/mavikadin\/wp-content\/uploads\/Ekran-Resmi-2025-09-08-14.10.03-2-1024x722.png\" alt=\"\" width=\"1024\" height=\"722\" title=\"\" srcset=\"https:\/\/www.tgrthaber.com\/mavikadin\/wp-content\/uploads\/Ekran-Resmi-2025-09-08-14.10.03-2-1024x722.png 1024w, https:\/\/www.tgrthaber.com\/mavikadin\/wp-content\/uploads\/Ekran-Resmi-2025-09-08-14.10.03-2-300x212.png 300w, https:\/\/www.tgrthaber.com\/mavikadin\/wp-content\/uploads\/Ekran-Resmi-2025-09-08-14.10.03-2-768x542.png 768w, https:\/\/www.tgrthaber.com\/mavikadin\/wp-content\/uploads\/Ekran-Resmi-2025-09-08-14.10.03-2-1536x1083.png 1536w, https:\/\/www.tgrthaber.com\/mavikadin\/wp-content\/uploads\/Ekran-Resmi-2025-09-08-14.10.03-2.png 1934w\" sizes=\"(max-width: 1024px) 100vw, 1024px\" \/><\/p>\n<hr \/>\n<p class=\"p1\">MasterChef T\u00fcrkiye Ana kadroya giren 11. Yar\u0131\u015fmac\u0131: Sezer<\/p>\n<p class=\"p1\">MasterChef T\u00fcrkiye Ana kadroya giren 12. Yar\u0131\u015fmac\u0131: Cansu<\/p>\n<p class=\"p1\">MasterChef T\u00fcrkiye Ana kadroya giren 13. Yar\u0131\u015fmac\u0131: \u00d6zkan<\/p>\n<p class=\"p1\">MasterChef T\u00fcrkiye Ana kadroya giren 14. yar\u0131\u015fmac\u0131: Gizem<\/p>\n<p class=\"p1\">MasterChef T\u00fcrkiye Ana kadroya giren 15. yar\u0131\u015fmac\u0131: \u0130rem<\/p>\n<p class=\"p1\">MasterChef T\u00fcrkiye Ana kadroya giren 16. yar\u0131\u015fmac\u0131: Hakan<\/p>\n<p><img loading=\"lazy\" decoding=\"async\" class=\"alignnone wp-image-232525 size-large\" src=\"https:\/\/www.tgrthaber.com\/mavikadin\/wp-content\/uploads\/Ekran-Resmi-2025-09-08-14.12.22-1-1024x624.png\" alt=\"\" width=\"1024\" height=\"624\" title=\"\" srcset=\"https:\/\/www.tgrthaber.com\/mavikadin\/wp-content\/uploads\/Ekran-Resmi-2025-09-08-14.12.22-1-1024x624.png 1024w, https:\/\/www.tgrthaber.com\/mavikadin\/wp-content\/uploads\/Ekran-Resmi-2025-09-08-14.12.22-1-300x183.png 300w, https:\/\/www.tgrthaber.com\/mavikadin\/wp-content\/uploads\/Ekran-Resmi-2025-09-08-14.12.22-1-768x468.png 768w, https:\/\/www.tgrthaber.com\/mavikadin\/wp-content\/uploads\/Ekran-Resmi-2025-09-08-14.12.22-1-1536x936.png 1536w, https:\/\/www.tgrthaber.com\/mavikadin\/wp-content\/uploads\/Ekran-Resmi-2025-09-08-14.12.22-1.png 1934w\" sizes=\"(max-width: 1024px) 100vw, 1024px\" \/><\/p>\n<hr \/>\n<p class=\"p1\">MasterChef T\u00fcrkiye Ana kadroya giren 17. yar\u0131\u015fmac\u0131: Mert ( yedeklerden dahil oldu)<\/p>\n<p class=\"p1\">MasterChef T\u00fcrkiye Ana kadroya giren 18. yar\u0131\u015fmac\u0131: S\u00fcmeyye<\/p>\n<p class=\"p1\">MasterChef T\u00fcrkiye Ana kadroya giren 19. yar\u0131\u015fmac\u0131: Bar\u0131\u015f Kaya ( yedeklerden dahil oldu)<\/p>\n<p class=\"p1\">MasterChef T\u00fcrkiye Ana kadroya giren 20. yar\u0131\u015fmac\u0131 \u0130lhan<\/p>\n","protected":false},"excerpt":{"rendered":"<p>MasterChef T\u00fcrkiye&#8217;nin sivri dilli ve g\u00fcler y\u00fczl\u00fc yar\u0131\u015fmac\u0131s\u0131 olarak tan\u0131nan Sercan 6 Eyl\u00fcl 2025 ak\u015fam\u0131 yar\u0131\u015fmaya veda etmi\u015fti. Sercan \u015eahino\u011flu elendikten sonraki ilk payla\u015f\u0131m\u0131n\u0131 yapt\u0131. \u015eahino\u011flu&#8217;nun payla\u015f\u0131m\u0131na binlerce be\u011feni ve destek mesaj\u0131 ya\u011fd\u0131. <\/p>\n","protected":false},"author":16,"featured_media":232528,"comment_status":"closed","ping_status":"closed","sticky":false,"template":"","format":"standard","meta":{"rank_math_lock_modified_date":false,"footnotes":""},"categories":[76],"tags":[133,2218,61757,26982,61756],"class_list":["post-232520","post","type-post","status-publish","format-standard","has-post-thumbnail","hentry","category-magazin","tag-magazin","tag-magazin-haberleri","tag-masterchef-2025-son-elenen-yarismaci-sercan-paylasim","tag-masterchef-haberleri","tag-masterchef-sercan-sahinoglu-paylasim"],"_links":{"self":[{"href":"https:\/\/www.tgrthaber.com\/mavikadin\/wp-json\/wp\/v2\/posts\/232520"}],"collection":[{"href":"https:\/\/www.tgrthaber.com\/mavikadin\/wp-json\/wp\/v2\/posts"}],"about":[{"href":"https:\/\/www.tgrthaber.com\/mavikadin\/wp-json\/wp\/v2\/types\/post"}],"author":[{"embeddable":true,"href":"https:\/\/www.tgrthaber.com\/mavikadin\/wp-json\/wp\/v2\/users\/16"}],"replies":[{"embeddable":true,"href":"https:\/\/www.tgrthaber.com\/mavikadin\/wp-json\/wp\/v2\/comments?post=232520"}],"version-history":[{"count":2,"href":"https:\/\/www.tgrthaber.com\/mavikadin\/wp-json\/wp\/v2\/posts\/232520\/revisions"}],"predecessor-version":[{"id":232527,"href":"https:\/\/www.tgrthaber.com\/mavikadin\/wp-json\/wp\/v2\/posts\/232520\/revisions\/232527"}],"wp:featuredmedia":[{"embeddable":true,"href":"https:\/\/www.tgrthaber.com\/mavikadin\/wp-json\/wp\/v2\/media\/232528"}],"wp:attachment":[{"href":"https:\/\/www.tgrthaber.com\/mavikadin\/wp-json\/wp\/v2\/media?parent=232520"}],"wp:term":[{"taxonomy":"category","embeddable":true,"href":"https:\/\/www.tgrthaber.com\/mavikadin\/wp-json\/wp\/v2\/categories?post=232520"},{"taxonomy":"post_tag","embeddable":true,"href":"https:\/\/www.tgrthaber.com\/mavikadin\/wp-json\/wp\/v2\/tags?post=232520"}],"curies":[{"name":"wp","href":"https:\/\/api.w.org\/{rel}","templated":true}]}}