{"id":232529,"date":"2025-09-08T15:21:53","date_gmt":"2025-09-08T12:21:53","guid":{"rendered":"https:\/\/www.tgrthaber.com\/mavikadin\/?p=232529"},"modified":"2025-09-08T15:21:53","modified_gmt":"2025-09-08T12:21:53","slug":"pinar-sabanci-karadeniz-turuna-cikti-ruhuma-cok-iyi-geldi-bu-guzel-yaylalar","status":"publish","type":"post","link":"https:\/\/www.tgrthaber.com\/mavikadin\/pinar-sabanci-karadeniz-turuna-cikti-ruhuma-cok-iyi-geldi-bu-guzel-yaylalar\/","title":{"rendered":"P\u0131nar Sabanc\u0131 Karadeniz turuna \u00e7\u0131kt\u0131! \u201cRuhuma \u00e7ok iyi geldi bu g\u00fczel yaylalar\u201d"},"content":{"rendered":"<p>P\u0131nar Sabanc\u0131, bu kez e\u015fi \u0130lhan Sabanc\u0131 ve yak\u0131n dostlar\u0131n\u0131n da kat\u0131l\u0131m\u0131yla Karadeniz turuna \u00e7\u0131kt\u0131. Sosyal medya hesaplar\u0131n\u0131 aktif olarak kullanan P\u0131nar Sabanc\u0131, Karadeniz turundan da foto\u011fraflar payla\u015fmay\u0131 ihmal etmedi. Karadeniz\u2019in e\u015fsiz g\u00fczelli\u011finde kaybolan P\u0131nar Sabanc\u0131, sosyal medya hesab\u0131ndan yapt\u0131\u011f\u0131 payla\u015f\u0131mla Karadeniz\u2019e olan hayranl\u0131\u011f\u0131n\u0131 dile getirdi. Bak\u0131n P\u0131nar Sabanc\u0131, a\u00e7\u0131klamalar\u0131nda hangi ifadelere yer verdi\u2026<\/p>\n<h3>PINAR SABANCI E\u015e\u0130 VE YAKIN ARKADA\u015eLARIYLA KARADEN\u0130Z TURUNA \u00c7IKTI!<\/h3>\n<p>P\u0131nar Sabanc\u0131, i\u015f insan\u0131 e\u015fi \u0130lhan Sabanc\u0131 ve yak\u0131n dostlar\u0131yla birlikte Karadeniz turuna \u00e7\u0131kt\u0131. Karadeniz\u2019in e\u015fsiz do\u011fas\u0131 ve g\u00fczelli\u011finde kaybolan Sabanc\u0131, gezisinden kareleri sosyal medya hesab\u0131ndan yay\u0131nlamay\u0131 unutmad\u0131.<\/p>\n<p><img loading=\"lazy\" decoding=\"async\" class=\"alignnone wp-image-232532\" src=\"https:\/\/www.tgrthaber.com\/mavikadin\/wp-content\/uploads\/Pinar-Sabanci-3-1-1024x576.jpg\" alt=\"P\u0131nar Sabanc\u0131 Karadeniz turuna \u00e7\u0131kt\u0131! \u201cRuhuma \u00e7ok iyi geldi bu g\u00fczel yaylalar\u201d\" width=\"1208\" height=\"680\" title=\"\" srcset=\"https:\/\/www.tgrthaber.com\/mavikadin\/wp-content\/uploads\/Pinar-Sabanci-3-1-1024x576.jpg 1024w, https:\/\/www.tgrthaber.com\/mavikadin\/wp-content\/uploads\/Pinar-Sabanci-3-1-300x169.jpg 300w, https:\/\/www.tgrthaber.com\/mavikadin\/wp-content\/uploads\/Pinar-Sabanci-3-1-768x432.jpg 768w, https:\/\/www.tgrthaber.com\/mavikadin\/wp-content\/uploads\/Pinar-Sabanci-3-1.jpg 1208w\" sizes=\"(max-width: 1208px) 100vw, 1208px\" \/><\/p>\n<hr \/>\n<p>Zaman zaman magazin d\u00fcnyas\u0131n\u0131n g\u00fcndeminde yer alan P\u0131nar Sabanc\u0131 ve \u0130lhan Sabanc\u0131, bu kez \u00e7\u0131kt\u0131klar\u0131 Karadeniz tatiliyle g\u00fcndem oldu. Cemiyet hayat\u0131n\u0131n tan\u0131nan isimleri aras\u0131nda yer alan Sabanc\u0131 \u00e7ifti, arkada\u015flar\u0131yla birlikte Karadeniz\u2019in do\u011fal g\u00fczelliklerini ke\u015ffediyor.<\/p>\n<p><img loading=\"lazy\" decoding=\"async\" class=\"alignnone wp-image-232539\" src=\"https:\/\/www.tgrthaber.com\/mavikadin\/wp-content\/uploads\/Pinar-Sabanci-10-1024x576.jpg\" alt=\"P\u0131nar Sabanc\u0131 Karadeniz turuna \u00e7\u0131kt\u0131! \u201cRuhuma \u00e7ok iyi geldi bu g\u00fczel yaylalar\u201d\" width=\"1208\" height=\"680\" title=\"\" srcset=\"https:\/\/www.tgrthaber.com\/mavikadin\/wp-content\/uploads\/Pinar-Sabanci-10-1024x576.jpg 1024w, https:\/\/www.tgrthaber.com\/mavikadin\/wp-content\/uploads\/Pinar-Sabanci-10-300x169.jpg 300w, https:\/\/www.tgrthaber.com\/mavikadin\/wp-content\/uploads\/Pinar-Sabanci-10-768x432.jpg 768w, https:\/\/www.tgrthaber.com\/mavikadin\/wp-content\/uploads\/Pinar-Sabanci-10.jpg 1208w\" sizes=\"(max-width: 1208px) 100vw, 1208px\" \/><\/p>\n<hr \/>\n<p>Gerek \u00f6zel hayatlar\u0131 gerekse de i\u015f ya\u015fant\u0131lar\u0131yla ad\u0131n\u0131 duyuran P\u0131nar Sabanc\u0131 ve \u0130lhan Sabanc\u0131 \u00e7ifti, \u00e7\u0131kt\u0131klar\u0131 tatillerden yapt\u0131klar\u0131 payla\u015f\u0131mlar\u0131yla da dikkat \u00e7ekiyor. \u00d6zellikle P\u0131nar Sabanc\u0131, sosyal medya hesaplar\u0131n\u0131 aktif olarak kullan\u0131yor.<\/p>\n<p><img loading=\"lazy\" decoding=\"async\" class=\"alignnone wp-image-232533\" src=\"https:\/\/www.tgrthaber.com\/mavikadin\/wp-content\/uploads\/Pinar-Sabanci-4-1-1024x576.jpg\" alt=\"P\u0131nar Sabanc\u0131 Karadeniz turuna \u00e7\u0131kt\u0131! \u201cRuhuma \u00e7ok iyi geldi bu g\u00fczel yaylalar\u201d\" width=\"1208\" height=\"680\" title=\"\" srcset=\"https:\/\/www.tgrthaber.com\/mavikadin\/wp-content\/uploads\/Pinar-Sabanci-4-1-1024x576.jpg 1024w, https:\/\/www.tgrthaber.com\/mavikadin\/wp-content\/uploads\/Pinar-Sabanci-4-1-300x169.jpg 300w, https:\/\/www.tgrthaber.com\/mavikadin\/wp-content\/uploads\/Pinar-Sabanci-4-1-768x432.jpg 768w, https:\/\/www.tgrthaber.com\/mavikadin\/wp-content\/uploads\/Pinar-Sabanci-4-1.jpg 1208w\" sizes=\"(max-width: 1208px) 100vw, 1208px\" \/><\/p>\n<hr \/>\n<p>Sosyal medya hesab\u0131nda yaln\u0131zca kariyerine d\u00f6n\u00fck payla\u015f\u0131mlar de\u011fil ayn\u0131 zamanda \u00f6zel hayat\u0131na ili\u015fkin detaylar da payla\u015fan P\u0131nar Sabanc\u0131, son olarak Karadeniz turu payla\u015f\u0131mlar\u0131yla magazin g\u00fcndeminde yer al\u0131yor.<\/p>\n<p><img loading=\"lazy\" decoding=\"async\" class=\"alignnone wp-image-232538\" src=\"https:\/\/www.tgrthaber.com\/mavikadin\/wp-content\/uploads\/Pinar-Sabanci-9-1024x576.jpg\" alt=\"P\u0131nar Sabanc\u0131 Karadeniz turuna \u00e7\u0131kt\u0131! \u201cRuhuma \u00e7ok iyi geldi bu g\u00fczel yaylalar\u201d\" width=\"1208\" height=\"680\" title=\"\" srcset=\"https:\/\/www.tgrthaber.com\/mavikadin\/wp-content\/uploads\/Pinar-Sabanci-9-1024x576.jpg 1024w, https:\/\/www.tgrthaber.com\/mavikadin\/wp-content\/uploads\/Pinar-Sabanci-9-300x169.jpg 300w, https:\/\/www.tgrthaber.com\/mavikadin\/wp-content\/uploads\/Pinar-Sabanci-9-768x432.jpg 768w, https:\/\/www.tgrthaber.com\/mavikadin\/wp-content\/uploads\/Pinar-Sabanci-9.jpg 1208w\" sizes=\"(max-width: 1208px) 100vw, 1208px\" \/><\/p>\n<hr \/>\n<h3>\u201cRUHUMA \u00c7OK \u0130Y\u0130 GELD\u0130 BU G\u00dcZEL YAYLALAR\u201d<\/h3>\n<p>\u015eimdilerde Karadeniz turunda olan P\u0131nar Sabanc\u0131 ve \u0130lhan Sabanc\u0131 \u00e7ifti, temiz havan\u0131n tad\u0131n\u0131 \u00e7\u0131kar\u0131yor. Arkada\u015flar\u0131yla keyifli vakitler ge\u00e7iren \u00e7ift, Artvin&#8217;in Bor\u00e7ka il\u00e7esinde bulunan Heba Yaylas\u0131\u2019nda ke\u00e7ilerle de vakit ge\u00e7irdi.<\/p>\n<p><img loading=\"lazy\" decoding=\"async\" class=\"alignnone wp-image-232536\" src=\"https:\/\/www.tgrthaber.com\/mavikadin\/wp-content\/uploads\/Pinar-Sabanci-7-1-1024x576.jpg\" alt=\"P\u0131nar Sabanc\u0131 Karadeniz turuna \u00e7\u0131kt\u0131! \u201cRuhuma \u00e7ok iyi geldi bu g\u00fczel yaylalar\u201d\" width=\"1208\" height=\"680\" title=\"\" srcset=\"https:\/\/www.tgrthaber.com\/mavikadin\/wp-content\/uploads\/Pinar-Sabanci-7-1-1024x576.jpg 1024w, https:\/\/www.tgrthaber.com\/mavikadin\/wp-content\/uploads\/Pinar-Sabanci-7-1-300x169.jpg 300w, https:\/\/www.tgrthaber.com\/mavikadin\/wp-content\/uploads\/Pinar-Sabanci-7-1-768x432.jpg 768w, https:\/\/www.tgrthaber.com\/mavikadin\/wp-content\/uploads\/Pinar-Sabanci-7-1.jpg 1208w\" sizes=\"(max-width: 1208px) 100vw, 1208px\" \/><\/p>\n<hr \/>\n<p>P\u0131nar Sabanc\u0131, Karadeniz gezisine dair t\u00fcm detaylar\u0131 sosyal medya hesab\u0131ndan payla\u015f\u0131rken, duygular\u0131n\u0131 dile getirmeyi de ihmal etmedi. \u00dcnl\u00fc isim Instagram hesab\u0131 \u00fczerinden yapt\u0131\u011f\u0131 payla\u015f\u0131m\u0131nda \u015fu ifadelere yer verdi:<\/p>\n<p>\u201cHeba Yaylas\u0131\u2026 Bir bulut denizinin \u00fcst\u00fcnde, 2 bin 100 metre y\u00fckseklikte Saniye abla ve Burhan a\u011fabeyin evinde konaklad\u0131k. Da\u011flarda gezdik, ke\u00e7ileri sevdik, yaban mersini (likapa) toplay\u0131p yedik. Saniye Abla, elleriyle yapt\u0131\u011f\u0131 ekmeklerle, re\u00e7ellerle, \u00e7e\u015fit \u00e7e\u015fit peynirle ve kendi ar\u0131lar\u0131n\u0131n bal\u0131yla besledi bizi. Ruhuma \u00e7ok iyi geldi bu g\u00fczel yaylalar\u2026\u201d<\/p>\n<p><img loading=\"lazy\" decoding=\"async\" class=\"alignnone wp-image-232537\" src=\"https:\/\/www.tgrthaber.com\/mavikadin\/wp-content\/uploads\/Pinar-Sabanci-8-1024x576.jpg\" alt=\"P\u0131nar Sabanc\u0131 Karadeniz turuna \u00e7\u0131kt\u0131! \u201cRuhuma \u00e7ok iyi geldi bu g\u00fczel yaylalar\u201d\" width=\"1208\" height=\"680\" title=\"\" srcset=\"https:\/\/www.tgrthaber.com\/mavikadin\/wp-content\/uploads\/Pinar-Sabanci-8-1024x576.jpg 1024w, https:\/\/www.tgrthaber.com\/mavikadin\/wp-content\/uploads\/Pinar-Sabanci-8-300x169.jpg 300w, https:\/\/www.tgrthaber.com\/mavikadin\/wp-content\/uploads\/Pinar-Sabanci-8-768x432.jpg 768w, https:\/\/www.tgrthaber.com\/mavikadin\/wp-content\/uploads\/Pinar-Sabanci-8.jpg 1208w\" sizes=\"(max-width: 1208px) 100vw, 1208px\" \/><\/p>\n<hr \/>\n<p>P\u0131nar Sabanc\u0131, e\u015fi ve arkada\u015flar\u0131yla keyif dolu anlar\u0131n\u0131 takip\u00e7ileriyle payla\u015ft\u0131. Sabanc\u0131\u2019n\u0131n Karadeniz payla\u015f\u0131mlar\u0131na k\u0131sa s\u00fcrede binlerce be\u011feni ve yorum ya\u011fd\u0131.<\/p>\n<h3>PINAR SABANCI K\u0130MD\u0130R?<\/h3>\n<p>P\u0131nar Sabanc\u0131, 1985 y\u0131l\u0131nda \u0130stanbul\u2019da d\u00fcnyaya geldi. E\u011fitimine Robert Koleji\u2019nde ba\u015flayan Sabanc\u0131, daha sonra Amerika\u2019da Babson College ve Northeastern \u00dcniversitesi\u2019nde \u00e7ift diplomayla i\u015fletme ve psikoloji e\u011fitimi ald\u0131.<\/p>\n<p><img loading=\"lazy\" decoding=\"async\" class=\"alignnone wp-image-232540\" src=\"https:\/\/www.tgrthaber.com\/mavikadin\/wp-content\/uploads\/Pinar-Sabanci-1-1-1024x576.jpg\" alt=\"P\u0131nar Sabanc\u0131 Karadeniz turuna \u00e7\u0131kt\u0131! \u201cRuhuma \u00e7ok iyi geldi bu g\u00fczel yaylalar\u201d\" width=\"1208\" height=\"680\" title=\"\" srcset=\"https:\/\/www.tgrthaber.com\/mavikadin\/wp-content\/uploads\/Pinar-Sabanci-1-1-1024x576.jpg 1024w, https:\/\/www.tgrthaber.com\/mavikadin\/wp-content\/uploads\/Pinar-Sabanci-1-1-300x169.jpg 300w, https:\/\/www.tgrthaber.com\/mavikadin\/wp-content\/uploads\/Pinar-Sabanci-1-1-768x432.jpg 768w, https:\/\/www.tgrthaber.com\/mavikadin\/wp-content\/uploads\/Pinar-Sabanci-1-1.jpg 1208w\" sizes=\"(max-width: 1208px) 100vw, 1208px\" \/><\/p>\n<hr \/>\n<p>Kariyerini psikoloji alan\u0131nda ilerletmek isteyen Sabanc\u0131, psikoloji uzmanl\u0131k alan\u0131nda y\u00fcksek lisans\u0131n\u0131 Oxford \u00dcniversitesi&#8217;nde tamamlayarak Klinik Psikolog unvan\u0131n\u0131 elde etti. P\u0131nar Sabanc\u0131, 2010 y\u0131l\u0131nda YASA Holding Kurulu Y\u00f6netim Kurulu \u00fcyesi \u0130lhan Sabanc\u0131 ile hayat\u0131n\u0131 d\u00fcnyaevine girdi. \u00c7iftin bu mutlu evlili\u011finden \u00fc\u00e7 \u00e7ocuklar\u0131 d\u00fcnyaya geldi.<\/p>\n","protected":false},"excerpt":{"rendered":"<p>P\u0131nar Sabanc\u0131 ve i\u015f adam\u0131 e\u015fi \u0130lhan Sabanc\u0131 yak\u0131n dostlar\u0131yla Karadeniz turuna \u00e7\u0131kt\u0131. Sosyal medyadan Karadeniz turuna dair foto\u011fraflar payla\u015fan P\u0131nar Sabanc\u0131 duygular\u0131n\u0131 sosyal medya hesab\u0131ndan dile getirdi. <\/p>\n","protected":false},"author":26,"featured_media":232541,"comment_status":"closed","ping_status":"closed","sticky":false,"template":"","format":"standard","meta":{"rank_math_lock_modified_date":false,"footnotes":""},"categories":[76],"tags":[61758,30206,133,2218,12111],"class_list":["post-232529","post","type-post","status-publish","format-standard","has-post-thumbnail","hentry","category-magazin","tag-ilhan-sabanci","tag-karadeniz","tag-magazin","tag-magazin-haberleri","tag-pinar-sabanci"],"_links":{"self":[{"href":"https:\/\/www.tgrthaber.com\/mavikadin\/wp-json\/wp\/v2\/posts\/232529"}],"collection":[{"href":"https:\/\/www.tgrthaber.com\/mavikadin\/wp-json\/wp\/v2\/posts"}],"about":[{"href":"https:\/\/www.tgrthaber.com\/mavikadin\/wp-json\/wp\/v2\/types\/post"}],"author":[{"embeddable":true,"href":"https:\/\/www.tgrthaber.com\/mavikadin\/wp-json\/wp\/v2\/users\/26"}],"replies":[{"embeddable":true,"href":"https:\/\/www.tgrthaber.com\/mavikadin\/wp-json\/wp\/v2\/comments?post=232529"}],"version-history":[{"count":1,"href":"https:\/\/www.tgrthaber.com\/mavikadin\/wp-json\/wp\/v2\/posts\/232529\/revisions"}],"predecessor-version":[{"id":232542,"href":"https:\/\/www.tgrthaber.com\/mavikadin\/wp-json\/wp\/v2\/posts\/232529\/revisions\/232542"}],"wp:featuredmedia":[{"embeddable":true,"href":"https:\/\/www.tgrthaber.com\/mavikadin\/wp-json\/wp\/v2\/media\/232541"}],"wp:attachment":[{"href":"https:\/\/www.tgrthaber.com\/mavikadin\/wp-json\/wp\/v2\/media?parent=232529"}],"wp:term":[{"taxonomy":"category","embeddable":true,"href":"https:\/\/www.tgrthaber.com\/mavikadin\/wp-json\/wp\/v2\/categories?post=232529"},{"taxonomy":"post_tag","embeddable":true,"href":"https:\/\/www.tgrthaber.com\/mavikadin\/wp-json\/wp\/v2\/tags?post=232529"}],"curies":[{"name":"wp","href":"https:\/\/api.w.org\/{rel}","templated":true}]}}