{"id":232545,"date":"2025-09-08T15:44:09","date_gmt":"2025-09-08T12:44:09","guid":{"rendered":"https:\/\/www.tgrthaber.com\/mavikadin\/?p=232545"},"modified":"2025-09-08T15:44:10","modified_gmt":"2025-09-08T12:44:10","slug":"keremcem-ile-terry-crews-istanbulda-yan-yana-geldi-keremcem-yildiz-isimle-ayni-sahneyi-paylasti","status":"publish","type":"post","link":"https:\/\/www.tgrthaber.com\/mavikadin\/keremcem-ile-terry-crews-istanbulda-yan-yana-geldi-keremcem-yildiz-isimle-ayni-sahneyi-paylasti\/","title":{"rendered":"Keremcem ile Terry Crews \u0130stanbul\u2019da yan yana geldi! Keremcem y\u0131ld\u0131z isimle ayn\u0131 sahneyi payla\u015ft\u0131"},"content":{"rendered":"<p>Rixos Tersane \u0130stanbul\u2019da ger\u00e7ekle\u015ftirilen ve yaln\u0131zca davetlilerin kat\u0131ld\u0131\u011f\u0131 \u00f6zel bir lansman ile Terry Crews\u2019le ayn\u0131 sahneyi payla\u015ft\u0131. \u0130\u015fte detaylar\u2026<\/p>\n<h3>KEREMCEM \u0130LE TERRY CREWS \u0130STANBUL\u2019DA YAN YANA GELD\u0130!<\/h3>\n<p>Uluslararas\u0131 \u00e7apta d\u00fczenlenen \u00f6zel bir etkinlik ile d\u00fcnyaca \u00fcnl\u00fc isimlerin \u0130stanbul\u2019a gelmesi dikkatleri \u00e7ekti. 6 Eyl\u00fcl ak\u015fam\u0131 ger\u00e7ekle\u015fen bu \u00f6zel gece de Hollywood y\u0131ld\u0131z\u0131 Terry Crews ve \u00fcnl\u00fc \u015fark\u0131c\u0131 Keremcem birlikte \u00f6nemli gece de sunuculuk yaparak g\u00fcndeme bomba gibi oturdu.<\/p>\n<p><img loading=\"lazy\" decoding=\"async\" class=\"alignnone size-full wp-image-232557\" src=\"https:\/\/www.tgrthaber.com\/mavikadin\/wp-content\/uploads\/ARZU-2025-09-08T153819.967.jpg\" alt=\"Keremcem ile Terry Crews \u0130stanbul\u2019da yan yana geldi! Keremcem y\u0131ld\u0131z isimle ayn\u0131 sahneyi payla\u015ft\u0131\" width=\"1208\" height=\"680\" title=\"\" srcset=\"https:\/\/www.tgrthaber.com\/mavikadin\/wp-content\/uploads\/ARZU-2025-09-08T153819.967.jpg 1208w, https:\/\/www.tgrthaber.com\/mavikadin\/wp-content\/uploads\/ARZU-2025-09-08T153819.967-300x169.jpg 300w, https:\/\/www.tgrthaber.com\/mavikadin\/wp-content\/uploads\/ARZU-2025-09-08T153819.967-1024x576.jpg 1024w, https:\/\/www.tgrthaber.com\/mavikadin\/wp-content\/uploads\/ARZU-2025-09-08T153819.967-768x432.jpg 768w\" sizes=\"(max-width: 1208px) 100vw, 1208px\" \/><\/p>\n<hr \/>\n<p>Birsen Altunta\u015f\u2019\u0131n haberine g\u00f6re, Rixos Tersane \u0130stanbul\u2019da ger\u00e7ekle\u015ftirilen ve yaln\u0131zca davetlilerin kat\u0131ld\u0131\u011f\u0131 Binghatti Skyblade Launch\u201d gecesi i\u00e7in sanat ve medya d\u00fcnyas\u0131n\u0131n \u00f6nde gelen isimleri bir araya geldi. Birbirinden ba\u015far\u0131l\u0131 isimler bu gece de \u00f6d\u00fcllerin sahibi oldular. Dikkat \u00e7eken isimler geceye damga vurdu.<\/p>\n<h3><img loading=\"lazy\" decoding=\"async\" class=\"alignnone size-full wp-image-232558\" src=\"https:\/\/www.tgrthaber.com\/mavikadin\/wp-content\/uploads\/ARZU-2025-09-08T153807.589.jpg\" alt=\"Keremcem ile Terry Crews \u0130stanbul\u2019da yan yana geldi! Keremcem y\u0131ld\u0131z isimle ayn\u0131 sahneyi payla\u015ft\u0131\" width=\"1208\" height=\"680\" title=\"\" srcset=\"https:\/\/www.tgrthaber.com\/mavikadin\/wp-content\/uploads\/ARZU-2025-09-08T153807.589.jpg 1208w, https:\/\/www.tgrthaber.com\/mavikadin\/wp-content\/uploads\/ARZU-2025-09-08T153807.589-300x169.jpg 300w, https:\/\/www.tgrthaber.com\/mavikadin\/wp-content\/uploads\/ARZU-2025-09-08T153807.589-1024x576.jpg 1024w, https:\/\/www.tgrthaber.com\/mavikadin\/wp-content\/uploads\/ARZU-2025-09-08T153807.589-768x432.jpg 768w\" sizes=\"(max-width: 1208px) 100vw, 1208px\" \/><\/h3>\n<hr \/>\n<h3>KEREMCEM YILDIZ \u0130S\u0130MLE AYNI SAHNEY\u0130 PAYLA\u015eTI<\/h3>\n<p>\u0130stanbul\u2019da ger\u00e7ekle\u015fen bu gece de T\u00fcrkiye\u2019de sevilen \u015fark\u0131c\u0131lardan biri olan Keremcem, lansmana \u00f6zel Terry Crews ile ayn\u0131 sahneyi payla\u015ft\u0131. Uluslararas\u0131 bir ba\u015far\u0131ya imza atan Keremcem etkinlik boyunca g\u00f6zde isimler aras\u0131nda yer ald\u0131.<\/p>\n<p><img loading=\"lazy\" decoding=\"async\" class=\"alignnone size-full wp-image-232559\" src=\"https:\/\/www.tgrthaber.com\/mavikadin\/wp-content\/uploads\/ARZU-2025-09-08T154345.727.jpg\" alt=\"Keremcem ile Terry Crews \u0130stanbul\u2019da yan yana geldi! Keremcem y\u0131ld\u0131z isimle ayn\u0131 sahneyi payla\u015ft\u0131\" width=\"1208\" height=\"680\" title=\"\" srcset=\"https:\/\/www.tgrthaber.com\/mavikadin\/wp-content\/uploads\/ARZU-2025-09-08T154345.727.jpg 1208w, https:\/\/www.tgrthaber.com\/mavikadin\/wp-content\/uploads\/ARZU-2025-09-08T154345.727-300x169.jpg 300w, https:\/\/www.tgrthaber.com\/mavikadin\/wp-content\/uploads\/ARZU-2025-09-08T154345.727-1024x576.jpg 1024w, https:\/\/www.tgrthaber.com\/mavikadin\/wp-content\/uploads\/ARZU-2025-09-08T154345.727-768x432.jpg 768w\" sizes=\"(max-width: 1208px) 100vw, 1208px\" \/><\/p>\n<hr \/>\n<p>Etkinlik boyunca sergiledi\u011fi profesyonel sunum ve sahnedeki enerji uyumuyla davetliler taraf\u0131ndan da b\u00fcy\u00fck bir be\u011feni toplad\u0131. Keremcem\u2019in bu davran\u0131\u015f\u0131 T\u00fcrkiye\u2019nin oyunculuk alan\u0131nda sergiledi\u011fi g\u00fcc\u00fcn\u00fc global anlamda da temsil etmi\u015f oldu.<\/p>\n<h3><img loading=\"lazy\" decoding=\"async\" class=\"alignnone size-full wp-image-232552\" src=\"https:\/\/www.tgrthaber.com\/mavikadin\/wp-content\/uploads\/ARZU-2025-09-08T153951.863.jpg\" alt=\"Keremcem ile Terry Crews \u0130stanbul\u2019da yan yana geldi! Keremcem y\u0131ld\u0131z isimle ayn\u0131 sahneyi payla\u015ft\u0131\" width=\"1208\" height=\"680\" title=\"\" srcset=\"https:\/\/www.tgrthaber.com\/mavikadin\/wp-content\/uploads\/ARZU-2025-09-08T153951.863.jpg 1208w, https:\/\/www.tgrthaber.com\/mavikadin\/wp-content\/uploads\/ARZU-2025-09-08T153951.863-300x169.jpg 300w, https:\/\/www.tgrthaber.com\/mavikadin\/wp-content\/uploads\/ARZU-2025-09-08T153951.863-1024x576.jpg 1024w, https:\/\/www.tgrthaber.com\/mavikadin\/wp-content\/uploads\/ARZU-2025-09-08T153951.863-768x432.jpg 768w\" sizes=\"(max-width: 1208px) 100vw, 1208px\" \/><\/h3>\n<hr \/>\n<h3>SIK\u00c7A SORULAN SORULAR<\/h3>\n<ul>\n<li><strong>Keremcem ve Terry Crews hangi etkinlikte sahneyi payla\u015ft\u0131?<\/strong><\/li>\n<\/ul>\n<p>\u00dcnl\u00fc isim Keremcem ve d\u00fcnya star\u0131 Terry Crews, ge\u00e7ti\u011fimi ak\u015fam ger\u00e7ekle\u015fen Rixos Tersane\u2019de \u00f6zel bir etkinlik ile ayn\u0131 sahneyi yer ald\u0131.<\/p>\n<p><img loading=\"lazy\" decoding=\"async\" class=\"alignnone size-full wp-image-232553\" src=\"https:\/\/www.tgrthaber.com\/mavikadin\/wp-content\/uploads\/ARZU-2025-09-08T153908.596.jpg\" alt=\"Keremcem ile Terry Crews \u0130stanbul\u2019da yan yana geldi! Keremcem y\u0131ld\u0131z isimle ayn\u0131 sahneyi payla\u015ft\u0131\" width=\"1208\" height=\"680\" title=\"\" srcset=\"https:\/\/www.tgrthaber.com\/mavikadin\/wp-content\/uploads\/ARZU-2025-09-08T153908.596.jpg 1208w, https:\/\/www.tgrthaber.com\/mavikadin\/wp-content\/uploads\/ARZU-2025-09-08T153908.596-300x169.jpg 300w, https:\/\/www.tgrthaber.com\/mavikadin\/wp-content\/uploads\/ARZU-2025-09-08T153908.596-1024x576.jpg 1024w, https:\/\/www.tgrthaber.com\/mavikadin\/wp-content\/uploads\/ARZU-2025-09-08T153908.596-768x432.jpg 768w\" sizes=\"(max-width: 1208px) 100vw, 1208px\" \/><\/p>\n<hr \/>\n<ul>\n<li><strong>Terry Crews T\u00fcrkiye\u2019ye neden geldi?<\/strong><\/li>\n<\/ul>\n<p>Terry Crews, Rixos Tersane\u2019de d\u00fczenlenen uluslararas\u0131 bir organizasyon ile T\u00fcrkiye\u2019ye davet edildi.<\/p>\n<p><img loading=\"lazy\" decoding=\"async\" class=\"alignnone size-full wp-image-232554\" src=\"https:\/\/www.tgrthaber.com\/mavikadin\/wp-content\/uploads\/ARZU-2025-09-08T153858.676.jpg\" alt=\"Keremcem ile Terry Crews \u0130stanbul\u2019da yan yana geldi! Keremcem y\u0131ld\u0131z isimle ayn\u0131 sahneyi payla\u015ft\u0131\" width=\"1208\" height=\"680\" title=\"\" srcset=\"https:\/\/www.tgrthaber.com\/mavikadin\/wp-content\/uploads\/ARZU-2025-09-08T153858.676.jpg 1208w, https:\/\/www.tgrthaber.com\/mavikadin\/wp-content\/uploads\/ARZU-2025-09-08T153858.676-300x169.jpg 300w, https:\/\/www.tgrthaber.com\/mavikadin\/wp-content\/uploads\/ARZU-2025-09-08T153858.676-1024x576.jpg 1024w, https:\/\/www.tgrthaber.com\/mavikadin\/wp-content\/uploads\/ARZU-2025-09-08T153858.676-768x432.jpg 768w\" sizes=\"(max-width: 1208px) 100vw, 1208px\" \/><\/p>\n<hr \/>\n<ul>\n<li><strong>Terry Crews daha \u00f6nce T\u00fcrkiye\u2019ye gelmi\u015f miydi?<\/strong><\/li>\n<\/ul>\n<p>Terry Crews T\u00fcrkiye\u2019ye \u00e7e\u015fitli davetler i\u00e7in gelmi\u015fti. Ancak \u015fimdilerde Keremcem, d\u00fcnyaca \u00fcnl\u00fc star ile ayn\u0131 sahnede sunuculuk yaparak dikkatleri \u00fczerine \u00e7ekti.<\/p>\n","protected":false},"excerpt":{"rendered":"<p>\u00dcnl\u00fc \u015fark\u0131c\u0131 ve oyuncu Keremcem, d\u00fcnyaca \u00fcnl\u00fc Hollywood y\u0131ld\u0131z\u0131 Terry Crews\u2019le ayn\u0131 sahneyi payla\u015ft\u0131. \u00dcnl\u00fc isimler geceye damga vurdu. \u0130\u015fte detaylar\u2026<\/p>\n","protected":false},"author":34,"featured_media":232552,"comment_status":"closed","ping_status":"closed","sticky":false,"template":"","format":"standard","meta":{"rank_math_lock_modified_date":false,"footnotes":""},"categories":[76],"tags":[3685,2218,61762],"class_list":["post-232545","post","type-post","status-publish","format-standard","has-post-thumbnail","hentry","category-magazin","tag-keremcem","tag-magazin-haberleri","tag-terry-crews"],"_links":{"self":[{"href":"https:\/\/www.tgrthaber.com\/mavikadin\/wp-json\/wp\/v2\/posts\/232545"}],"collection":[{"href":"https:\/\/www.tgrthaber.com\/mavikadin\/wp-json\/wp\/v2\/posts"}],"about":[{"href":"https:\/\/www.tgrthaber.com\/mavikadin\/wp-json\/wp\/v2\/types\/post"}],"author":[{"embeddable":true,"href":"https:\/\/www.tgrthaber.com\/mavikadin\/wp-json\/wp\/v2\/users\/34"}],"replies":[{"embeddable":true,"href":"https:\/\/www.tgrthaber.com\/mavikadin\/wp-json\/wp\/v2\/comments?post=232545"}],"version-history":[{"count":2,"href":"https:\/\/www.tgrthaber.com\/mavikadin\/wp-json\/wp\/v2\/posts\/232545\/revisions"}],"predecessor-version":[{"id":232561,"href":"https:\/\/www.tgrthaber.com\/mavikadin\/wp-json\/wp\/v2\/posts\/232545\/revisions\/232561"}],"wp:featuredmedia":[{"embeddable":true,"href":"https:\/\/www.tgrthaber.com\/mavikadin\/wp-json\/wp\/v2\/media\/232552"}],"wp:attachment":[{"href":"https:\/\/www.tgrthaber.com\/mavikadin\/wp-json\/wp\/v2\/media?parent=232545"}],"wp:term":[{"taxonomy":"category","embeddable":true,"href":"https:\/\/www.tgrthaber.com\/mavikadin\/wp-json\/wp\/v2\/categories?post=232545"},{"taxonomy":"post_tag","embeddable":true,"href":"https:\/\/www.tgrthaber.com\/mavikadin\/wp-json\/wp\/v2\/tags?post=232545"}],"curies":[{"name":"wp","href":"https:\/\/api.w.org\/{rel}","templated":true}]}}