{"id":232648,"date":"2025-09-08T19:00:32","date_gmt":"2025-09-08T16:00:32","guid":{"rendered":"https:\/\/www.tgrthaber.com\/mavikadin\/?p=232648"},"modified":"2025-09-08T19:00:32","modified_gmt":"2025-09-08T16:00:32","slug":"zuhal-topalla-yemekteyiz-yunus-kimdir-kac-yasinda-sosyal-medyada-dikkat-cekti","status":"publish","type":"post","link":"https:\/\/www.tgrthaber.com\/mavikadin\/zuhal-topalla-yemekteyiz-yunus-kimdir-kac-yasinda-sosyal-medyada-dikkat-cekti\/","title":{"rendered":"Zuhal Topal&#8217;la Yemekteyiz Yunus kimdir ka\u00e7 ya\u015f\u0131nda? Sosyal medyada dikkat \u00e7ekti"},"content":{"rendered":"<p>Zuhal Topal&#8217;la yemekteyiz program\u0131 yepyeni bir haftaya yine dikkat \u00e7eken yar\u0131\u015fmac\u0131lar\u0131 a\u011f\u0131rl\u0131yor. Yemekteyiz 8 ila 12 Eyl\u00fcl haftas\u0131nda yar\u0131\u015fan ilk g\u00fcn yar\u0131\u015fmac\u0131s\u0131 Yunus Bey ise hem men\u00fcs\u00fcyle hem de esprili ki\u015fili\u011fiyle g\u00fcndem oldu. Program\u0131n ilk dakikalar\u0131ndan itibaren arama motorlar\u0131nda ara\u015ft\u0131r\u0131lan Yunus Bey&#8217;in kim oldu\u011fu, ya\u015f\u0131 ve mesle\u011fi merak edildi. Peki Zuhal Topal&#8217;la Yemekteyiz Yunus kimdir, ka\u00e7 ya\u015f\u0131nda? Yemekteyiz Yunus ne i\u015f yap\u0131yor? \u0130\u015fte Yemketeyiz ilk g\u00fcn yar\u0131\u015fmac\u0131s\u0131 Yunus Bey hakk\u0131nda merak edilenler&#8230;<\/p>\n<h3>ZUHAL TOPAL&#8217;LA YEMEKTEY\u0130Z YUNUS K\u0130MD\u0130R KA\u00c7 YA\u015eINDA?<\/h3>\n<p>Yemekteyiz&#8217;in yeni haftas\u0131nda ilk g\u00fcn mutfakta h\u00fcnerlerini sergileyen Yunus Bey merak konusu oldu. Programa karde\u015fiyle kat\u0131lan Yunus Bey hen\u00fcz 24 ya\u015f\u0131nda.<\/p>\n<p><img loading=\"lazy\" decoding=\"async\" class=\"alignnone wp-image-232673\" src=\"https:\/\/www.tgrthaber.com\/mavikadin\/wp-content\/uploads\/Adsiz-tasarim-25-22-300x169.png\" alt=\"\" width=\"1208\" height=\"680\" title=\"\" srcset=\"https:\/\/www.tgrthaber.com\/mavikadin\/wp-content\/uploads\/Adsiz-tasarim-25-22-300x169.png 300w, https:\/\/www.tgrthaber.com\/mavikadin\/wp-content\/uploads\/Adsiz-tasarim-25-22-1024x576.png 1024w, https:\/\/www.tgrthaber.com\/mavikadin\/wp-content\/uploads\/Adsiz-tasarim-25-22-768x432.png 768w, https:\/\/www.tgrthaber.com\/mavikadin\/wp-content\/uploads\/Adsiz-tasarim-25-22-1536x864.png 1536w, https:\/\/www.tgrthaber.com\/mavikadin\/wp-content\/uploads\/Adsiz-tasarim-25-22.png 1920w\" sizes=\"(max-width: 1208px) 100vw, 1208px\" \/><\/p>\n<hr \/>\n<p>Gen\u00e7 ya\u015f\u0131na ra\u011fmen yar\u0131\u015fmadaki performans\u0131yla dikkat \u00e7eken Yunus Bey evli ve \u00fcstelik 3 \u00e7ocuk sahibi. 19 ya\u015f\u0131nda evlenen Yunus Bey hem h\u0131zl\u0131 hem de olduk\u00e7a iddial\u0131 oldu\u011funu da belirtti. \u0130stanbul Fatih&#8217;te ya\u015fayan Yunus Bey aslen Vanl\u0131.<\/p>\n<p><img loading=\"lazy\" decoding=\"async\" class=\"alignnone wp-image-232675\" src=\"https:\/\/www.tgrthaber.com\/mavikadin\/wp-content\/uploads\/Ekran-goruntusu-2025-09-08-185337-300x173.png\" alt=\"\" width=\"1208\" height=\"697\" title=\"\" srcset=\"https:\/\/www.tgrthaber.com\/mavikadin\/wp-content\/uploads\/Ekran-goruntusu-2025-09-08-185337-300x173.png 300w, https:\/\/www.tgrthaber.com\/mavikadin\/wp-content\/uploads\/Ekran-goruntusu-2025-09-08-185337.png 754w\" sizes=\"(max-width: 1208px) 100vw, 1208px\" \/><\/p>\n<hr \/>\n<h3>YEMEKTEY\u0130Z YUNUS NE \u0130\u015e YAPIYOR?<\/h3>\n<p>24 ya\u015f\u0131ndaki Yemekteyiz Yunus Bey&#8217;in 3 tane restoran\u0131 bulunuyor. Yemekteyiz program\u0131na sadece yemekleriyle de\u011fil i\u015fletmeci kimli\u011fiyle de damga vuran Yunus Bey, man\u00fcs\u00fcyle de adeta g\u00f6z doldurdu.<\/p>\n<p><img loading=\"lazy\" decoding=\"async\" class=\"alignnone wp-image-232674\" src=\"https:\/\/www.tgrthaber.com\/mavikadin\/wp-content\/uploads\/Ekran-goruntusu-2025-09-08-182645-300x166.png\" alt=\"\" width=\"1208\" height=\"667\" title=\"\" srcset=\"https:\/\/www.tgrthaber.com\/mavikadin\/wp-content\/uploads\/Ekran-goruntusu-2025-09-08-182645-300x166.png 300w, https:\/\/www.tgrthaber.com\/mavikadin\/wp-content\/uploads\/Ekran-goruntusu-2025-09-08-182645-768x424.png 768w, https:\/\/www.tgrthaber.com\/mavikadin\/wp-content\/uploads\/Ekran-goruntusu-2025-09-08-182645.png 804w\" sizes=\"(max-width: 1208px) 100vw, 1208px\" \/><\/p>\n<hr \/>\n<h3>YEMEKTEY\u0130Z YUNUS BEY MEN\u00dcS\u00dcYLE D\u0130KKAT \u00c7EKT\u0130<\/h3>\n<p>Zuhal Topal&#8217;la Yemekteyiz 8-12 Eyl\u00fcl haftas\u0131nda yar\u0131\u015fan Yunus Bey sunum \u00f6ncesi baz\u0131 aksakl\u0131klar ya\u015fasa da moralini y\u00fcksek tutmaya \u00e7al\u0131\u015ft\u0131. K\u00fcnefesi yanan Yunus Bey men\u00fcs\u00fcnde \u015fu lezzetlere yer verdi;<\/p>\n<p><img loading=\"lazy\" decoding=\"async\" class=\"alignnone wp-image-232676\" src=\"https:\/\/www.tgrthaber.com\/mavikadin\/wp-content\/uploads\/Ekran-goruntusu-2025-09-08-185406-300x175.png\" alt=\"\" width=\"1208\" height=\"706\" title=\"\" srcset=\"https:\/\/www.tgrthaber.com\/mavikadin\/wp-content\/uploads\/Ekran-goruntusu-2025-09-08-185406-300x175.png 300w, https:\/\/www.tgrthaber.com\/mavikadin\/wp-content\/uploads\/Ekran-goruntusu-2025-09-08-185406.png 741w\" sizes=\"(max-width: 1208px) 100vw, 1208px\" \/><\/p>\n<hr \/>\n<p>Soslu lahana, ac\u0131l\u0131 ezme ve patl\u0131can ezme<\/p>\n<p>Ku\u015fba\u015f\u0131 ka\u015farl\u0131 pide<\/p>\n<p>Van usul\u00fc zirathan k\u0131yma kebab\u0131 ve bulgur pilav\u0131<\/p>\n<p><img loading=\"lazy\" decoding=\"async\" class=\"alignnone wp-image-232677\" src=\"https:\/\/www.tgrthaber.com\/mavikadin\/wp-content\/uploads\/Ekran-goruntusu-2025-09-08-185628-300x181.png\" alt=\"\" width=\"1208\" height=\"727\" title=\"\" srcset=\"https:\/\/www.tgrthaber.com\/mavikadin\/wp-content\/uploads\/Ekran-goruntusu-2025-09-08-185628-300x181.png 300w, https:\/\/www.tgrthaber.com\/mavikadin\/wp-content\/uploads\/Ekran-goruntusu-2025-09-08-185628.png 746w\" sizes=\"(max-width: 1208px) 100vw, 1208px\" \/><\/p>\n<hr \/>\n<p>Gavurda\u011f\u0131 salatas\u0131<\/p>\n<p>K\u00fcnefe<\/p>\n<p>Men\u00fcde \u00f6zellikle Van mutfa\u011f\u0131n\u0131n vazge\u00e7ilmezi kebap ve tatl\u0131 olarak k\u00fcnefe tercihi dikkat \u00e7ekti.<\/p>\n<p><img loading=\"lazy\" decoding=\"async\" class=\"alignnone wp-image-232678\" src=\"https:\/\/www.tgrthaber.com\/mavikadin\/wp-content\/uploads\/Ekran-goruntusu-2025-09-08-185710-300x178.png\" alt=\"\" width=\"1208\" height=\"715\" title=\"\" srcset=\"https:\/\/www.tgrthaber.com\/mavikadin\/wp-content\/uploads\/Ekran-goruntusu-2025-09-08-185710-300x178.png 300w, https:\/\/www.tgrthaber.com\/mavikadin\/wp-content\/uploads\/Ekran-goruntusu-2025-09-08-185710.png 755w\" sizes=\"(max-width: 1208px) 100vw, 1208px\" \/><\/p>\n<hr \/>\n<p>Zuhal Topal&#8217;\u0131n sunumuyla hafta i\u00e7i her g\u00fcn TV8 ekranlar\u0131nda olan Zuhal Topal&#8217;la Yemekteyiz program\u0131, izleyicisini ekran ba\u015f\u0131na kilitlemeye devam ediyor. Haftan\u0131n son g\u00fcn\u00fc olan Cuma g\u00fcn\u00fc, en y\u00fcksek puan\u0131 alan 200 bin TL olan b\u00fcy\u00fck \u00f6d\u00fcl\u00fc kaparak, evine g\u00f6t\u00fcr\u00fcyor. Hem Zuhal Topal&#8217;\u0131n hem de di\u011fer yar\u0131\u015fmac\u0131l\u015far\u0131n verdikleri puanlar ise haftan\u0131n birincisini belirliyor.<\/p>\n","protected":false},"excerpt":{"rendered":"<p>Zuhal Topal&#8217;la Yemekteyiz yeni bir haftaya start verdi. Program\u0131n ilk g\u00fcn\u00fc yar\u0131\u015fan Yunus Bey ise esprili tav\u0131rlar\u0131 ve enerjik halleriyle sosyal medyada dikkatleri \u00fczerine toplamay\u0131 ba\u015fard\u0131. Peki Yemekteyiz Yunus Bey kimdir, ka\u00e7 ya\u015f\u0131nda? Zuhal Topal&#8217;la Yemekteyiz Yunus evli mi, ne i\u015f yap\u0131yor? \u0130\u015fte Yemekteyiz Yunus Bey hakk\u0131nda merak edilen t\u00fcm detaylar&#8230;<\/p>\n","protected":false},"author":35,"featured_media":232663,"comment_status":"closed","ping_status":"closed","sticky":false,"template":"","format":"standard","meta":{"rank_math_lock_modified_date":false,"footnotes":""},"categories":[491],"tags":[3374,8465,61771,61770,17699],"class_list":["post-232648","post","type-post","status-publish","format-standard","has-post-thumbnail","hentry","category-biyografi","tag-biyografi","tag-yemekteyiz","tag-yemekteyiz-8-12-eylul-2025","tag-yemekteyiz-yunus-kimdir-kac-yasinda","tag-zuhal-topalla-yemekteyiz"],"_links":{"self":[{"href":"https:\/\/www.tgrthaber.com\/mavikadin\/wp-json\/wp\/v2\/posts\/232648"}],"collection":[{"href":"https:\/\/www.tgrthaber.com\/mavikadin\/wp-json\/wp\/v2\/posts"}],"about":[{"href":"https:\/\/www.tgrthaber.com\/mavikadin\/wp-json\/wp\/v2\/types\/post"}],"author":[{"embeddable":true,"href":"https:\/\/www.tgrthaber.com\/mavikadin\/wp-json\/wp\/v2\/users\/35"}],"replies":[{"embeddable":true,"href":"https:\/\/www.tgrthaber.com\/mavikadin\/wp-json\/wp\/v2\/comments?post=232648"}],"version-history":[{"count":2,"href":"https:\/\/www.tgrthaber.com\/mavikadin\/wp-json\/wp\/v2\/posts\/232648\/revisions"}],"predecessor-version":[{"id":232681,"href":"https:\/\/www.tgrthaber.com\/mavikadin\/wp-json\/wp\/v2\/posts\/232648\/revisions\/232681"}],"wp:featuredmedia":[{"embeddable":true,"href":"https:\/\/www.tgrthaber.com\/mavikadin\/wp-json\/wp\/v2\/media\/232663"}],"wp:attachment":[{"href":"https:\/\/www.tgrthaber.com\/mavikadin\/wp-json\/wp\/v2\/media?parent=232648"}],"wp:term":[{"taxonomy":"category","embeddable":true,"href":"https:\/\/www.tgrthaber.com\/mavikadin\/wp-json\/wp\/v2\/categories?post=232648"},{"taxonomy":"post_tag","embeddable":true,"href":"https:\/\/www.tgrthaber.com\/mavikadin\/wp-json\/wp\/v2\/tags?post=232648"}],"curies":[{"name":"wp","href":"https:\/\/api.w.org\/{rel}","templated":true}]}}