{"id":232729,"date":"2025-09-08T21:17:23","date_gmt":"2025-09-08T18:17:23","guid":{"rendered":"https:\/\/www.tgrthaber.com\/mavikadin\/?p=232729"},"modified":"2025-09-08T21:17:23","modified_gmt":"2025-09-08T18:17:23","slug":"galatasarayli-yunus-akgunun-nisanlisi-tugce-alaca-kimdir-ne-is-yapiyor","status":"publish","type":"post","link":"https:\/\/www.tgrthaber.com\/mavikadin\/galatasarayli-yunus-akgunun-nisanlisi-tugce-alaca-kimdir-ne-is-yapiyor\/","title":{"rendered":"Galatasarayl\u0131 Yunus Akg\u00fcn&#8217;\u00fcn ni\u015fanl\u0131s\u0131 Tu\u011f\u00e7e Alaca kimdir ne i\u015f yap\u0131yor?"},"content":{"rendered":"<p class=\"p1\">Galatasaray ve Milli Tak\u0131m&#8217;\u0131n ba\u015far\u0131l\u0131 futbolcusu Yunus Akg\u00fcn, sevgilisi Tu\u011f\u00e7e Alaca ile ni\u015fanland\u0131. Kariyerindeki y\u00fckseli\u015fi ile dikkatleri \u00fczerine \u00e7eken \u00fcnl\u00fc futbolcunun ni\u015fan haberinin ard\u0131ndan herkes ni\u015fanl\u0131s\u0131n\u0131n kim oldu\u011funu ara\u015ft\u0131rmaya ba\u015flad\u0131. Peki Galatasarayl\u0131 Yunus Akg\u00fcn&#8217;\u00fcn ni\u015fanl\u0131s\u0131 Tu\u011f\u00e7e Alaca kimdir ne i\u015f yap\u0131yor? \u0130\u015fte detaylar\u2026<\/p>\n<h3>GALATASARAYLI YUNUS AKG\u00dcN SEVG\u0130L\u0130S\u0130 TU\u011e\u00c7E ALACA \u0130LE N\u0130\u015eANLANDI<\/h3>\n<p class=\"p1\">Galatasaray\u2019\u0131n ba\u015far\u0131l\u0131 futbolcusu Yunus Akg\u00fcn<span class=\"Apple-converted-space\">\u00a0 <\/span>hayat\u0131n\u0131 birle\u015ftirmeye karar verdi\u011fi sevgilisiyle bug\u00fcn ni\u015fanland\u0131. Sade ve \u015f\u0131k ni\u015fan t\u00f6reni dikkat \u00e7ekerken, t\u00f6rene sadece aileler ve yak\u0131n dostlar kat\u0131ld\u0131.<\/p>\n<p><img loading=\"lazy\" decoding=\"async\" class=\"alignnone wp-image-232734 \" src=\"https:\/\/www.tgrthaber.com\/mavikadin\/wp-content\/uploads\/Ekran-Resmi-2025-09-08-21.10.23.png\" alt=\"\" width=\"988\" height=\"711\" title=\"\" srcset=\"https:\/\/www.tgrthaber.com\/mavikadin\/wp-content\/uploads\/Ekran-Resmi-2025-09-08-21.10.23.png 556w, https:\/\/www.tgrthaber.com\/mavikadin\/wp-content\/uploads\/Ekran-Resmi-2025-09-08-21.10.23-300x216.png 300w\" sizes=\"(max-width: 988px) 100vw, 988px\" \/><\/p>\n<hr \/>\n<p class=\"p1\">Mutluluklar\u0131 y\u00fczlerinden okunan \u00e7iftin ni\u015fan t\u00f6renine ait foto\u011fraflar sosyal medyada yay\u0131lmaya ba\u015flay\u0131nca tebrik mesajlar\u0131 ya\u011fmaya ba\u015flad\u0131. Galatasaray taraftarlar\u0131 da dahil olmak \u00fczere sosyal medyadan \u00e7ifte adeta yorum ya\u011fd\u0131. Yunus Akg\u00fcn\u2019\u00fcn ni\u015fan haberi sonras\u0131 ni\u015fanl\u0131s\u0131n\u0131n kim oldu\u011fuda merak edildi.<\/p>\n<p><img loading=\"lazy\" decoding=\"async\" class=\"alignnone wp-image-232732 \" src=\"https:\/\/www.tgrthaber.com\/mavikadin\/wp-content\/uploads\/Ekran-Resmi-2025-09-08-21.10.13.png\" alt=\"\" width=\"1001\" height=\"546\" title=\"\" srcset=\"https:\/\/www.tgrthaber.com\/mavikadin\/wp-content\/uploads\/Ekran-Resmi-2025-09-08-21.10.13.png 972w, https:\/\/www.tgrthaber.com\/mavikadin\/wp-content\/uploads\/Ekran-Resmi-2025-09-08-21.10.13-300x164.png 300w, https:\/\/www.tgrthaber.com\/mavikadin\/wp-content\/uploads\/Ekran-Resmi-2025-09-08-21.10.13-768x419.png 768w\" sizes=\"(max-width: 1001px) 100vw, 1001px\" \/><\/p>\n<hr \/>\n<h3 class=\"p1\">GALATASARAYLI YUNUS AKG\u00dcN\u2019\u00dcN N\u0130\u015eANLISI TU\u011e\u00c7E ALACA K\u0130MD\u0130R NE \u0130\u015e YAPIYOR?<\/h3>\n<p class=\"p1\">Yunus Akg\u00fcn\u2019\u00fcn ni\u015fanl\u0131s\u0131 Tu\u011f\u00e7e Alaca\u2019n\u0131n hayat\u0131na dair sosyal medyada pek fazla bilgi bulunmuyor. Sosyal medya hesaplar\u0131n\u0131 gizli tutan Tu\u011f\u00e7e Alaca, gen\u00e7 ve zarif duru\u015fuyla dikkatleri \u00fczerine \u00e7ekiyor. \u0130li\u015fkilerini g\u00f6zlerden uzak ya\u015fayan \u00e7iftin uyumu sosyal medyada en \u00e7ok konu\u015fulan konular aras\u0131nda yer al\u0131yor.<\/p>\n<p><img loading=\"lazy\" decoding=\"async\" class=\"alignnone wp-image-232740 size-full\" src=\"https:\/\/www.tgrthaber.com\/mavikadin\/wp-content\/uploads\/Ekran-Resmi-2025-09-08-21.10.44.png\" alt=\"\" width=\"996\" height=\"594\" title=\"\" srcset=\"https:\/\/www.tgrthaber.com\/mavikadin\/wp-content\/uploads\/Ekran-Resmi-2025-09-08-21.10.44.png 996w, https:\/\/www.tgrthaber.com\/mavikadin\/wp-content\/uploads\/Ekran-Resmi-2025-09-08-21.10.44-300x179.png 300w, https:\/\/www.tgrthaber.com\/mavikadin\/wp-content\/uploads\/Ekran-Resmi-2025-09-08-21.10.44-768x458.png 768w\" sizes=\"(max-width: 996px) 100vw, 996px\" \/><\/p>\n<hr \/>\n<h3>GALATASARAYLI FUTBOLCU YUNUS AKG\u00dcN K\u0130MD\u0130R?<\/h3>\n<p class=\"p1\">Yunus Akg\u00fcn 7 Temmuz 2000 tarihinde \u0130stanbul\u2019da d\u00fcnyaya gelmi\u015fti. Sa\u011f kanat mevkiinde oynayan Yunus Akg\u00fcn T\u00fcrk Milli formas\u0131n\u0131 giymektedir.<\/p>\n<p><img loading=\"lazy\" decoding=\"async\" class=\"alignnone wp-image-232741 \" src=\"https:\/\/www.tgrthaber.com\/mavikadin\/wp-content\/uploads\/Ekran-Resmi-2025-09-08-21.13.10.png\" alt=\"\" width=\"993\" height=\"555\" title=\"\" srcset=\"https:\/\/www.tgrthaber.com\/mavikadin\/wp-content\/uploads\/Ekran-Resmi-2025-09-08-21.13.10.png 948w, https:\/\/www.tgrthaber.com\/mavikadin\/wp-content\/uploads\/Ekran-Resmi-2025-09-08-21.13.10-300x168.png 300w, https:\/\/www.tgrthaber.com\/mavikadin\/wp-content\/uploads\/Ekran-Resmi-2025-09-08-21.13.10-768x429.png 768w\" sizes=\"(max-width: 993px) 100vw, 993px\" \/><\/p>\n<hr \/>\n<p class=\"p1\">S\u00fcper Lig tak\u0131mlar\u0131ndan Galatasaray\u2019da oynayan \u00fcnl\u00fc futbolcu ba\u015far\u0131l\u0131 ve y\u00fckselen kariyeri ile dikkatleri \u00fczerine \u00e7ekmektedir.<span class=\"Apple-converted-space\">\u00a0 <\/span>2011 y\u0131l\u0131nda Galatasaray Gen\u00e7lik Akademisine kat\u0131larak futbol hayat\u0131na ba\u015flam\u0131\u015ft\u0131r.<\/p>\n<p><img loading=\"lazy\" decoding=\"async\" class=\"alignnone wp-image-232742 \" src=\"https:\/\/www.tgrthaber.com\/mavikadin\/wp-content\/uploads\/Ekran-Resmi-2025-09-08-21.13.15.png\" alt=\"\" width=\"1000\" height=\"601\" title=\"\" srcset=\"https:\/\/www.tgrthaber.com\/mavikadin\/wp-content\/uploads\/Ekran-Resmi-2025-09-08-21.13.15.png 948w, https:\/\/www.tgrthaber.com\/mavikadin\/wp-content\/uploads\/Ekran-Resmi-2025-09-08-21.13.15-300x180.png 300w, https:\/\/www.tgrthaber.com\/mavikadin\/wp-content\/uploads\/Ekran-Resmi-2025-09-08-21.13.15-768x462.png 768w\" sizes=\"(max-width: 1000px) 100vw, 1000px\" \/><\/p>\n<hr \/>\n<p class=\"p1\">Alt yap\u0131da g\u00f6sterdi\u011fi ba\u015far\u0131l\u0131 performansla dikkatleri \u00fczerine \u00e7eken isim 2017 y\u0131l\u0131nda Galatasaray\u2019la 3 y\u0131ll\u0131k resmi s\u00f6zle\u015fme imzalam\u0131\u015ft\u0131r. Profesyonel olarak ilk ma\u00e7\u0131na, 5 A\u011fustos 2018 tarihinde Akhisar Belediyespor&#8217;la oynanan T\u00fcrkiye S\u00fcper Kupas\u0131 finalinde \u00e7\u0131km\u0131\u015ft\u0131r.<span class=\"Apple-converted-space\">\u00a0<\/span><\/p>\n<p><img loading=\"lazy\" decoding=\"async\" class=\"alignnone wp-image-232743 size-full\" src=\"https:\/\/www.tgrthaber.com\/mavikadin\/wp-content\/uploads\/Ekran-Resmi-2025-09-08-21.13.21.png\" alt=\"\" width=\"984\" height=\"588\" title=\"\" srcset=\"https:\/\/www.tgrthaber.com\/mavikadin\/wp-content\/uploads\/Ekran-Resmi-2025-09-08-21.13.21.png 984w, https:\/\/www.tgrthaber.com\/mavikadin\/wp-content\/uploads\/Ekran-Resmi-2025-09-08-21.13.21-300x179.png 300w, https:\/\/www.tgrthaber.com\/mavikadin\/wp-content\/uploads\/Ekran-Resmi-2025-09-08-21.13.21-768x459.png 768w\" sizes=\"(max-width: 984px) 100vw, 984px\" \/><\/p>\n<hr \/>\n<p class=\"p1\">S\u00fcper Lig&#8217;de Galatasaray formas\u0131yla ilk lig ma\u00e7\u0131na 27 A\u011fustos 2018&#8217;de Alanyaspor&#8217;la oynanan ve 6-0 kazan\u0131lan ma\u00e7ta \u00e7\u0131kan gen\u00e7 oyuncu ayn\u0131 zamanda ligdeki ilk asistini de bu ma\u00e7ta yapm\u0131\u015f ve g\u00f6sterdi\u011fi ba\u015far\u0131l\u0131 performansla ad\u0131ndan s\u00f6z ettirmi\u015ftir.<\/p>\n","protected":false},"excerpt":{"rendered":"<p>Galatasaray&#8217;\u0131n ba\u015far\u0131l\u0131 oyuncular\u0131ndan biri olan Yunus Akg\u00fcn, uzun s\u00fcredir birlikte oldu\u011fu sevgilisi Tu\u011f\u00e7e Alaca ile ni\u015fanland\u0131. Ni\u015fan haberinin ard\u0131ndan sosyal medya kullan\u0131c\u0131lar\u0131 Yunus Akg\u00fcn&#8217;\u00fcn ni\u015fanl\u0131s\u0131n\u0131n hayat\u0131n\u0131 ara\u015ft\u0131rmaya ba\u015flad\u0131. PekiYunus Akg\u00fcn&#8217;\u00fcn ni\u015fanl\u0131s\u0131 Tu\u011f\u00e7e Alaca kimdir ne i\u015f yap\u0131yor? \u0130\u015fte detaylar.. <\/p>\n","protected":false},"author":16,"featured_media":232745,"comment_status":"closed","ping_status":"closed","sticky":false,"template":"","format":"standard","meta":{"rank_math_lock_modified_date":false,"footnotes":""},"categories":[491],"tags":[3374,16521,61780,61781,61782],"class_list":["post-232729","post","type-post","status-publish","format-standard","has-post-thumbnail","hentry","category-biyografi","tag-biyografi","tag-biyografi-haberleri","tag-galatasarayli-yunus-akgunun-nisanlisi-tugce-alaca-kimdir","tag-yunus-akgun-nisanlisi-tugce-alaca-ne-is-yapiyor","tag-yunus-akgun-tugce-alaca-nisan"],"_links":{"self":[{"href":"https:\/\/www.tgrthaber.com\/mavikadin\/wp-json\/wp\/v2\/posts\/232729"}],"collection":[{"href":"https:\/\/www.tgrthaber.com\/mavikadin\/wp-json\/wp\/v2\/posts"}],"about":[{"href":"https:\/\/www.tgrthaber.com\/mavikadin\/wp-json\/wp\/v2\/types\/post"}],"author":[{"embeddable":true,"href":"https:\/\/www.tgrthaber.com\/mavikadin\/wp-json\/wp\/v2\/users\/16"}],"replies":[{"embeddable":true,"href":"https:\/\/www.tgrthaber.com\/mavikadin\/wp-json\/wp\/v2\/comments?post=232729"}],"version-history":[{"count":1,"href":"https:\/\/www.tgrthaber.com\/mavikadin\/wp-json\/wp\/v2\/posts\/232729\/revisions"}],"predecessor-version":[{"id":232746,"href":"https:\/\/www.tgrthaber.com\/mavikadin\/wp-json\/wp\/v2\/posts\/232729\/revisions\/232746"}],"wp:featuredmedia":[{"embeddable":true,"href":"https:\/\/www.tgrthaber.com\/mavikadin\/wp-json\/wp\/v2\/media\/232745"}],"wp:attachment":[{"href":"https:\/\/www.tgrthaber.com\/mavikadin\/wp-json\/wp\/v2\/media?parent=232729"}],"wp:term":[{"taxonomy":"category","embeddable":true,"href":"https:\/\/www.tgrthaber.com\/mavikadin\/wp-json\/wp\/v2\/categories?post=232729"},{"taxonomy":"post_tag","embeddable":true,"href":"https:\/\/www.tgrthaber.com\/mavikadin\/wp-json\/wp\/v2\/tags?post=232729"}],"curies":[{"name":"wp","href":"https:\/\/api.w.org\/{rel}","templated":true}]}}