{"id":232787,"date":"2025-09-09T09:56:22","date_gmt":"2025-09-09T06:56:22","guid":{"rendered":"https:\/\/www.tgrthaber.com\/mavikadin\/?p=232787"},"modified":"2025-09-09T09:56:22","modified_gmt":"2025-09-09T06:56:22","slug":"burak-ates-kimdir-kac-yasinda-burak-ates-meslegi-nedir","status":"publish","type":"post","link":"https:\/\/www.tgrthaber.com\/mavikadin\/burak-ates-kimdir-kac-yasinda-burak-ates-meslegi-nedir\/","title":{"rendered":"Burak Ate\u015f kimdir ka\u00e7 ya\u015f\u0131nda? Burak Ate\u015f mesle\u011fi nedir?"},"content":{"rendered":"<p>Magazin g\u00fcndemine bomba gibi d\u00fc\u015fen Burak Ate\u015f, \u015eevval \u015eahin ile ili\u015fkisi ile dikkatleri \u00fczerine \u00e7ekti. \u00d6zel hayat\u0131yla kamuoyunun ilgisini \u00e7eken Burak Ate\u015f. Arama motorlar\u0131nda ismi aranan ki\u015filer aras\u0131nda yer ald\u0131. Peki, Burak Ate\u015f kimdir ka\u00e7 ya\u015f\u0131nda? Burak Ate\u015f mesle\u011fi nedir? sorular\u0131n\u0131 sizin i\u00e7in ara\u015ft\u0131rd\u0131k. \u0130\u015fte detaylar\u2026<\/p>\n<h3>BURAK ATE\u015e K\u0130MD\u0130R?<\/h3>\n<p>B\u0131rak Ate\u015f, 7 \u015eubat 1988 tarihinde Trabzon\u2019da d\u00fcnyaya geldi. \u00c7ocuklu\u011funun bir k\u0131sm\u0131n\u0131 Hatay\u2019\u0131n \u0130skenderun il\u00e7esinde ge\u00e7iren Burak Ate\u015f, \u0130lkokul ve ortaokul e\u011fitimlerini burada tamamlad\u0131.<\/p>\n<p><img loading=\"lazy\" decoding=\"async\" class=\"alignnone size-full wp-image-232806\" src=\"https:\/\/www.tgrthaber.com\/mavikadin\/wp-content\/uploads\/ARZU-2025-09-09T095303.715.jpg\" alt=\"Burak Ate\u015f kimdir ka\u00e7 ya\u015f\u0131nda? Burak Ate\u015f mesle\u011fi nedir?\" width=\"1208\" height=\"680\" title=\"\" srcset=\"https:\/\/www.tgrthaber.com\/mavikadin\/wp-content\/uploads\/ARZU-2025-09-09T095303.715.jpg 1208w, https:\/\/www.tgrthaber.com\/mavikadin\/wp-content\/uploads\/ARZU-2025-09-09T095303.715-300x169.jpg 300w, https:\/\/www.tgrthaber.com\/mavikadin\/wp-content\/uploads\/ARZU-2025-09-09T095303.715-1024x576.jpg 1024w, https:\/\/www.tgrthaber.com\/mavikadin\/wp-content\/uploads\/ARZU-2025-09-09T095303.715-768x432.jpg 768w\" sizes=\"(max-width: 1208px) 100vw, 1208px\" \/><\/p>\n<hr \/>\n<p>Bilinene g\u00f6re lise y\u0131llar\u0131nda ABD ve Kanada\u2019da \u0130ngilizce e\u011fitimi ald\u0131ktan sonra 2007-2011 y\u0131llar\u0131 aras\u0131nda Maltepe \u00dcniversitesi\u2019nde \u0130ktisadi ve \u0130dari Bilimler Fak\u00fcltesi \u0130ktisat B\u00f6l\u00fcm\u00fc\u2019nden mezun oldu. Ayr\u0131ca 2006-2007 d\u00f6nemin de ABD\u2019de Notre Dame of Maryland University\u2019de de\u011fi\u015fim program\u0131na kat\u0131lm\u0131\u015ft\u0131r.<\/p>\n<p><img loading=\"lazy\" decoding=\"async\" class=\"alignnone size-full wp-image-232807\" src=\"https:\/\/www.tgrthaber.com\/mavikadin\/wp-content\/uploads\/ARZU-2025-09-09T095250.627.jpg\" alt=\"Burak Ate\u015f kimdir ka\u00e7 ya\u015f\u0131nda? Burak Ate\u015f mesle\u011fi nedir? \" width=\"1208\" height=\"680\" title=\"\" srcset=\"https:\/\/www.tgrthaber.com\/mavikadin\/wp-content\/uploads\/ARZU-2025-09-09T095250.627.jpg 1208w, https:\/\/www.tgrthaber.com\/mavikadin\/wp-content\/uploads\/ARZU-2025-09-09T095250.627-300x169.jpg 300w, https:\/\/www.tgrthaber.com\/mavikadin\/wp-content\/uploads\/ARZU-2025-09-09T095250.627-1024x576.jpg 1024w, https:\/\/www.tgrthaber.com\/mavikadin\/wp-content\/uploads\/ARZU-2025-09-09T095250.627-768x432.jpg 768w\" sizes=\"(max-width: 1208px) 100vw, 1208px\" \/><\/p>\n<hr \/>\n<p>Ayr\u0131ca gen\u00e7 ya\u015f\u0131nda i\u015f d\u00fcnyas\u0131nda ad\u0131n\u0131 duyurmay\u0131 ba\u015faran isimler aras\u0131nda yer alm\u0131\u015ft\u0131r. Ge\u00e7ti\u011fimiz saatler de ise Bar\u0131\u015f Ate\u015f ile 2018 y\u0131l\u0131nda Miss Turkey g\u00fczeli \u015eevval \u015eahin aras\u0131ndaki ili\u015fki iddialar\u0131 g\u00fcndeme geldi.<\/p>\n<p><img loading=\"lazy\" decoding=\"async\" class=\"alignnone size-full wp-image-232808\" src=\"https:\/\/www.tgrthaber.com\/mavikadin\/wp-content\/uploads\/ARZU-2025-09-09T095236.487.jpg\" alt=\"Burak Ate\u015f kimdir ka\u00e7 ya\u015f\u0131nda? Burak Ate\u015f mesle\u011fi nedir?\" width=\"1208\" height=\"680\" title=\"\" srcset=\"https:\/\/www.tgrthaber.com\/mavikadin\/wp-content\/uploads\/ARZU-2025-09-09T095236.487.jpg 1208w, https:\/\/www.tgrthaber.com\/mavikadin\/wp-content\/uploads\/ARZU-2025-09-09T095236.487-300x169.jpg 300w, https:\/\/www.tgrthaber.com\/mavikadin\/wp-content\/uploads\/ARZU-2025-09-09T095236.487-1024x576.jpg 1024w, https:\/\/www.tgrthaber.com\/mavikadin\/wp-content\/uploads\/ARZU-2025-09-09T095236.487-768x432.jpg 768w\" sizes=\"(max-width: 1208px) 100vw, 1208px\" \/><\/p>\n<hr \/>\n<p>Hatta iddia edilen o ki ikili yaz aylar\u0131ndan beri beraber olduklar\u0131 belirtiliyor. Haziran 2025 y\u0131l\u0131nda \u0130talya\u2019da ili\u015fkilerini birinci y\u0131l\u0131n\u0131 kutlad\u0131klar\u0131n\u0131 \u015eevval \u015eahin\u2019in sosyal medyada payla\u015ft\u0131\u011f\u0131 \u201c365 g\u00fcn a\u015fk, kahkaha ve birbirimizi \u00f6\u011frenme\u201d mesaj\u0131yla kamuoyuna gelmi\u015fti.<\/p>\n<h3><img loading=\"lazy\" decoding=\"async\" class=\"alignnone size-full wp-image-232809\" src=\"https:\/\/www.tgrthaber.com\/mavikadin\/wp-content\/uploads\/ARZU-2025-09-09T095222.815.jpg\" alt=\"Burak Ate\u015f kimdir ka\u00e7 ya\u015f\u0131nda? Burak Ate\u015f mesle\u011fi nedir?\" width=\"1208\" height=\"680\" title=\"\" srcset=\"https:\/\/www.tgrthaber.com\/mavikadin\/wp-content\/uploads\/ARZU-2025-09-09T095222.815.jpg 1208w, https:\/\/www.tgrthaber.com\/mavikadin\/wp-content\/uploads\/ARZU-2025-09-09T095222.815-300x169.jpg 300w, https:\/\/www.tgrthaber.com\/mavikadin\/wp-content\/uploads\/ARZU-2025-09-09T095222.815-1024x576.jpg 1024w, https:\/\/www.tgrthaber.com\/mavikadin\/wp-content\/uploads\/ARZU-2025-09-09T095222.815-768x432.jpg 768w\" sizes=\"(max-width: 1208px) 100vw, 1208px\" \/><\/h3>\n<hr \/>\n<h3>BURAK ATE\u015e KA\u00c7 YA\u015eINDA?<\/h3>\n<p>\u00dcnl\u00fc i\u015f insan\u0131 Burak Ate\u015f, \u015eevval \u015eahin ile sevgili iddialar\u0131yla g\u00fcndeme geldi. \u0130kilin hemen hemen yaz ay\u0131n\u0131n ba\u015f\u0131ndan beri sevgili olduklar\u0131 iddia ediliyor. Magazin g\u00fcndemine de bomba gibi d\u00fc\u015fen bu iddialar sonunda Bura Ate\u015f\u2019te arama motorlar\u0131nda ad\u0131 en \u00e7ok aranan ki\u015filer aras\u0131nda yer ald\u0131. \u00d6zellikle \u201cya\u015f\u0131 ka\u00e7\u201d gibi sorular merakla takip edilmeye ba\u015fland\u0131. \u015eimdilerde 37 ya\u015f\u0131nda olan Burak Ate\u015f, i\u015f d\u00fcnyas\u0131n\u0131 \u00f6nde gelen isimleri aras\u0131nda da yer al\u0131yor.<\/p>\n<h3><img loading=\"lazy\" decoding=\"async\" class=\"alignnone size-full wp-image-232810\" src=\"https:\/\/www.tgrthaber.com\/mavikadin\/wp-content\/uploads\/ARZU-2025-09-09T095139.240.jpg\" alt=\"Burak Ate\u015f kimdir ka\u00e7 ya\u015f\u0131nda? Burak Ate\u015f mesle\u011fi nedir?\" width=\"1208\" height=\"680\" title=\"\" srcset=\"https:\/\/www.tgrthaber.com\/mavikadin\/wp-content\/uploads\/ARZU-2025-09-09T095139.240.jpg 1208w, https:\/\/www.tgrthaber.com\/mavikadin\/wp-content\/uploads\/ARZU-2025-09-09T095139.240-300x169.jpg 300w, https:\/\/www.tgrthaber.com\/mavikadin\/wp-content\/uploads\/ARZU-2025-09-09T095139.240-1024x576.jpg 1024w, https:\/\/www.tgrthaber.com\/mavikadin\/wp-content\/uploads\/ARZU-2025-09-09T095139.240-768x432.jpg 768w\" sizes=\"(max-width: 1208px) 100vw, 1208px\" \/><\/h3>\n<hr \/>\n<h3>BURAK ATE\u015e MESLE\u011e\u0130 NED\u0130R?<\/h3>\n<p>T\u00fcrkiye\u2019nin \u00f6nde gelen i\u015f insanlar\u0131n\u0131n aras\u0131nda yer alan Burak Ate\u015f, mesle\u011fi ile de merak edilmeye ba\u015fland\u0131. \u00d6zellikle Alt\u0131n Ate\u015f Group\u2019ta Y\u00f6netim Kurulu Ba\u015fkan Yard\u0131mc\u0131s\u0131 olarak g\u00f6rev alan isim 2013 y\u0131l\u0131nda kurulmu\u015ftur.<\/p>\n<p><img loading=\"lazy\" decoding=\"async\" class=\"alignnone size-full wp-image-232806\" src=\"https:\/\/www.tgrthaber.com\/mavikadin\/wp-content\/uploads\/ARZU-2025-09-09T095303.715.jpg\" alt=\"Burak Ate\u015f kimdir ka\u00e7 ya\u015f\u0131nda? Burak Ate\u015f mesle\u011fi nedir?\" width=\"1208\" height=\"680\" title=\"\" srcset=\"https:\/\/www.tgrthaber.com\/mavikadin\/wp-content\/uploads\/ARZU-2025-09-09T095303.715.jpg 1208w, https:\/\/www.tgrthaber.com\/mavikadin\/wp-content\/uploads\/ARZU-2025-09-09T095303.715-300x169.jpg 300w, https:\/\/www.tgrthaber.com\/mavikadin\/wp-content\/uploads\/ARZU-2025-09-09T095303.715-1024x576.jpg 1024w, https:\/\/www.tgrthaber.com\/mavikadin\/wp-content\/uploads\/ARZU-2025-09-09T095303.715-768x432.jpg 768w\" sizes=\"(max-width: 1208px) 100vw, 1208px\" \/><\/p>\n<hr \/>\n<p>Plastik hammadde, kimya, g\u00fcbre, tar\u0131m ve lojistik gibi \u00e7e\u015fitli sekt\u00f6rlerde faaliyet g\u00f6stermi\u015ftir. Ayn\u0131 zamanda Burak Ate\u015f, Standart Do\u011falgaz Ticaret A,\u015e\u2019de y\u00f6netim Kurulu \u00dcyesidir. Ge\u00e7mi\u015fte Smart Technology\u2019nin CEO\u2019su olarak da \u00e7al\u0131\u015ft\u0131\u011f\u0131 iddia edilmektedir.<\/p>\n<p><img loading=\"lazy\" decoding=\"async\" class=\"alignnone size-full wp-image-232805\" src=\"https:\/\/www.tgrthaber.com\/mavikadin\/wp-content\/uploads\/ARZU-2025-09-09T095308.464.jpg\" alt=\"Burak Ate\u015f kimdir ka\u00e7 ya\u015f\u0131nda? Burak Ate\u015f mesle\u011fi nedir?\" width=\"1208\" height=\"680\" title=\"\" srcset=\"https:\/\/www.tgrthaber.com\/mavikadin\/wp-content\/uploads\/ARZU-2025-09-09T095308.464.jpg 1208w, https:\/\/www.tgrthaber.com\/mavikadin\/wp-content\/uploads\/ARZU-2025-09-09T095308.464-300x169.jpg 300w, https:\/\/www.tgrthaber.com\/mavikadin\/wp-content\/uploads\/ARZU-2025-09-09T095308.464-1024x576.jpg 1024w, https:\/\/www.tgrthaber.com\/mavikadin\/wp-content\/uploads\/ARZU-2025-09-09T095308.464-768x432.jpg 768w\" sizes=\"(max-width: 1208px) 100vw, 1208px\" \/><\/p>\n<hr \/>\n<p>2022 y\u0131l\u0131nda \u201cT\u00fcrkiye\u2019nin 40 ya\u015f Alt\u0131 En \u00fc\u00e7l\u00fc CEO\u2019lar\u0131\u201d listesinde de yer alarak i\u015f anlam\u0131nda da aktif bir rol oynamaktad\u0131r. Burak Ate\u015f hakk\u0131nda kamuoyuna yans\u0131yan bilgiler bu \u015fekildedir.<\/p>\n","protected":false},"excerpt":{"rendered":"<p>Son d\u00f6nemde magazin d\u00fcnyas\u0131nda da s\u0131k\u00e7a yer alan i\u015f insan\u0131 Burak Ate\u015f hem i\u015f d\u00fcnyas\u0131 hem de \u00f6zel hayat\u0131yla g\u00fcndeme gelmeye devam ediyor. Peki, Burak Ate\u015f kimdir ka\u00e7 ya\u015f\u0131nda? Burak Ate\u015f mesle\u011fi nedir? \u0130\u015fte detaylar\u2026<\/p>\n","protected":false},"author":34,"featured_media":232805,"comment_status":"closed","ping_status":"closed","sticky":false,"template":"","format":"standard","meta":{"rank_math_lock_modified_date":false,"footnotes":""},"categories":[491],"tags":[16521,54636,61792,8658],"class_list":["post-232787","post","type-post","status-publish","format-standard","has-post-thumbnail","hentry","category-biyografi","tag-biyografi-haberleri","tag-burak-ates","tag-burak-ates-kimdir","tag-sevval-sahin"],"_links":{"self":[{"href":"https:\/\/www.tgrthaber.com\/mavikadin\/wp-json\/wp\/v2\/posts\/232787"}],"collection":[{"href":"https:\/\/www.tgrthaber.com\/mavikadin\/wp-json\/wp\/v2\/posts"}],"about":[{"href":"https:\/\/www.tgrthaber.com\/mavikadin\/wp-json\/wp\/v2\/types\/post"}],"author":[{"embeddable":true,"href":"https:\/\/www.tgrthaber.com\/mavikadin\/wp-json\/wp\/v2\/users\/34"}],"replies":[{"embeddable":true,"href":"https:\/\/www.tgrthaber.com\/mavikadin\/wp-json\/wp\/v2\/comments?post=232787"}],"version-history":[{"count":2,"href":"https:\/\/www.tgrthaber.com\/mavikadin\/wp-json\/wp\/v2\/posts\/232787\/revisions"}],"predecessor-version":[{"id":232815,"href":"https:\/\/www.tgrthaber.com\/mavikadin\/wp-json\/wp\/v2\/posts\/232787\/revisions\/232815"}],"wp:featuredmedia":[{"embeddable":true,"href":"https:\/\/www.tgrthaber.com\/mavikadin\/wp-json\/wp\/v2\/media\/232805"}],"wp:attachment":[{"href":"https:\/\/www.tgrthaber.com\/mavikadin\/wp-json\/wp\/v2\/media?parent=232787"}],"wp:term":[{"taxonomy":"category","embeddable":true,"href":"https:\/\/www.tgrthaber.com\/mavikadin\/wp-json\/wp\/v2\/categories?post=232787"},{"taxonomy":"post_tag","embeddable":true,"href":"https:\/\/www.tgrthaber.com\/mavikadin\/wp-json\/wp\/v2\/tags?post=232787"}],"curies":[{"name":"wp","href":"https:\/\/api.w.org\/{rel}","templated":true}]}}