{"id":232915,"date":"2025-09-09T14:44:16","date_gmt":"2025-09-09T11:44:16","guid":{"rendered":"https:\/\/www.tgrthaber.com\/mavikadin\/?p=232915"},"modified":"2025-09-09T14:44:16","modified_gmt":"2025-09-09T11:44:16","slug":"typhoon-family-dizisinin-yayin-tarihi-belli-oldu-junhonun-afis-cekimleri-dikkat-cekti","status":"publish","type":"post","link":"https:\/\/www.tgrthaber.com\/mavikadin\/typhoon-family-dizisinin-yayin-tarihi-belli-oldu-junhonun-afis-cekimleri-dikkat-cekti\/","title":{"rendered":"Typhoon Family dizisinin yay\u0131n tarihi belli oldu! Junho\u2019nun afi\u015f \u00e7ekimleri dikkat \u00e7ekti"},"content":{"rendered":"<p>Yeni gen\u00e7lik dizilerinden biri olacak olan Typhoon Family, yay\u0131n tarihini ve afi\u015fi ile dikkatleri \u00fczerine \u00e7ekti. Junho\u2019nun ba\u015frol\u00fcnde oldu\u011fu dizi Ekim ay\u0131nda izleyicisi ile bulu\u015facak.<\/p>\n<h3>TYPHOON FAM\u0130LY D\u0130Z\u0130S\u0130N\u0130N YAYIN TAR\u0130H\u0130 BELL\u0130 OLDU!<\/h3>\n<p>Ba\u015far\u0131l\u0131 oyuncu Junho\u2019nunu ba\u015frol\u00fcnde oldu\u011fu Typhoon Family dizisi, yay\u0131n tarihinin onaylanmas\u0131 ile dikkatleri \u00fczerine \u00e7ekti. Afi\u015finde 1997 y\u0131l\u0131n\u0131n gen\u00e7lik ruhunu ortaya \u00e7\u0131karan Typhoon Family dizisi, konusu ve oyuncular\u0131 ile g\u00fcndem oldu.<\/p>\n<p><img loading=\"lazy\" decoding=\"async\" class=\"alignnone size-full wp-image-232928\" src=\"https:\/\/www.tgrthaber.com\/mavikadin\/wp-content\/uploads\/ARZU-2025-09-09T144210.924.jpg\" alt=\"Typhoon Family dizisinin yay\u0131n tarihi belli oldu! Junho\u2019nun afi\u015f \u00e7ekimleri dikkat \u00e7ekti\" width=\"1208\" height=\"680\" title=\"\" srcset=\"https:\/\/www.tgrthaber.com\/mavikadin\/wp-content\/uploads\/ARZU-2025-09-09T144210.924.jpg 1208w, https:\/\/www.tgrthaber.com\/mavikadin\/wp-content\/uploads\/ARZU-2025-09-09T144210.924-300x169.jpg 300w, https:\/\/www.tgrthaber.com\/mavikadin\/wp-content\/uploads\/ARZU-2025-09-09T144210.924-1024x576.jpg 1024w, https:\/\/www.tgrthaber.com\/mavikadin\/wp-content\/uploads\/ARZU-2025-09-09T144210.924-768x432.jpg 768w\" sizes=\"(max-width: 1208px) 100vw, 1208px\" \/><\/p>\n<hr \/>\n<p>Typhoon Family dizisinin konusunda 1997 IMF krizi s\u0131ras\u0131nda, deneyimsiz bir gen\u00e7 adam olan Kang Tae Poong\u2019un bir anda iflas e\u015fi\u011finde olan bir \u015firketin ba\u015fkan\u0131 olarak \u00e7al\u0131\u015fmas\u0131n\u0131 konu al\u0131yor. Kang Tae Poong\u2019un \u015firkette ne \u00e7al\u0131\u015fan\u0131 ne de alacak, satacak bir durumu vard\u0131r.<\/p>\n<p><img loading=\"lazy\" decoding=\"async\" class=\"alignnone size-full wp-image-232929\" src=\"https:\/\/www.tgrthaber.com\/mavikadin\/wp-content\/uploads\/ARZU-2025-09-09T144158.741.jpg\" alt=\"Typhoon Family dizisinin yay\u0131n tarihi belli oldu! Junho\u2019nun afi\u015f \u00e7ekimleri dikkat \u00e7ekti\" width=\"1208\" height=\"680\" title=\"\" srcset=\"https:\/\/www.tgrthaber.com\/mavikadin\/wp-content\/uploads\/ARZU-2025-09-09T144158.741.jpg 1208w, https:\/\/www.tgrthaber.com\/mavikadin\/wp-content\/uploads\/ARZU-2025-09-09T144158.741-300x169.jpg 300w, https:\/\/www.tgrthaber.com\/mavikadin\/wp-content\/uploads\/ARZU-2025-09-09T144158.741-1024x576.jpg 1024w, https:\/\/www.tgrthaber.com\/mavikadin\/wp-content\/uploads\/ARZU-2025-09-09T144158.741-768x432.jpg 768w\" sizes=\"(max-width: 1208px) 100vw, 1208px\" \/><\/p>\n<hr \/>\n<p>Dizi, Kang Tae Poong\u2019un rahat hayat\u0131nda bir anda ortaya \u00e7\u0131kan sorunlar\u0131 \u00e7\u00f6zmeye ve hayatta kalma m\u00fccadelesini izleyiciye aktaracak. Typhoon Family hafta sonu dizisi olarak tvN\u2019in de yay\u0131nlanacak.<\/p>\n<h3><img loading=\"lazy\" decoding=\"async\" class=\"alignnone size-full wp-image-232930\" src=\"https:\/\/www.tgrthaber.com\/mavikadin\/wp-content\/uploads\/ARZU-2025-09-09T144147.877.jpg\" alt=\"Typhoon Family dizisinin yay\u0131n tarihi belli oldu! Junho\u2019nun afi\u015f \u00e7ekimleri dikkat \u00e7ekti\" width=\"1208\" height=\"680\" title=\"\" srcset=\"https:\/\/www.tgrthaber.com\/mavikadin\/wp-content\/uploads\/ARZU-2025-09-09T144147.877.jpg 1208w, https:\/\/www.tgrthaber.com\/mavikadin\/wp-content\/uploads\/ARZU-2025-09-09T144147.877-300x169.jpg 300w, https:\/\/www.tgrthaber.com\/mavikadin\/wp-content\/uploads\/ARZU-2025-09-09T144147.877-1024x576.jpg 1024w, https:\/\/www.tgrthaber.com\/mavikadin\/wp-content\/uploads\/ARZU-2025-09-09T144147.877-768x432.jpg 768w\" sizes=\"(max-width: 1208px) 100vw, 1208px\" \/><\/h3>\n<hr \/>\n<h3>JUNHO\u2019NUN AF\u0130\u015e \u00c7EK\u0130MLER\u0130 D\u0130KKAT \u00c7EKT\u0130<\/h3>\n<p>Typhoon Family dizisi d\u00fcnyan\u0131n sonu gibi g\u00f6r\u00fcnen bir d\u00f6nemin umutsuzlu\u011funu izleyiciye aktar\u0131rken pes etmeyen ve ilerlemeye devam eden insanlar\u0131n hayatta kalma \u00f6yk\u00fclerini anlatacak. G\u00fcn\u00fcm\u00fcz de insanlar\u0131n ya\u015fad\u0131klar\u0131 zorluklar dizi de birer birer i\u015flenecek.<\/p>\n<p><img loading=\"lazy\" decoding=\"async\" class=\"alignnone size-full wp-image-232932\" src=\"https:\/\/www.tgrthaber.com\/mavikadin\/wp-content\/uploads\/ARZU-2025-09-09T144111.749.jpg\" alt=\"Typhoon Family dizisinin yay\u0131n tarihi belli oldu! Junho\u2019nun afi\u015f \u00e7ekimleri dikkat \u00e7ekti\" width=\"1208\" height=\"680\" title=\"\" srcset=\"https:\/\/www.tgrthaber.com\/mavikadin\/wp-content\/uploads\/ARZU-2025-09-09T144111.749.jpg 1208w, https:\/\/www.tgrthaber.com\/mavikadin\/wp-content\/uploads\/ARZU-2025-09-09T144111.749-300x169.jpg 300w, https:\/\/www.tgrthaber.com\/mavikadin\/wp-content\/uploads\/ARZU-2025-09-09T144111.749-1024x576.jpg 1024w, https:\/\/www.tgrthaber.com\/mavikadin\/wp-content\/uploads\/ARZU-2025-09-09T144111.749-768x432.jpg 768w\" sizes=\"(max-width: 1208px) 100vw, 1208px\" \/><\/p>\n<hr \/>\n<p>Dizinin yeni yay\u0131nlanan afi\u015fi de olduk\u00e7a dikkat \u00e7ekti. Kang Tae Poong karakteriyle oynayacak olan Junho, giyim tarz\u0131 ve araba cam\u0131ndan sarkm\u0131\u015f bir halde verdi\u011fi pozu ile adeta gen\u00e7li\u011fin enerjisini izleyenlere yans\u0131tacak.<\/p>\n<p><img loading=\"lazy\" decoding=\"async\" class=\"alignnone size-full wp-image-232933\" src=\"https:\/\/www.tgrthaber.com\/mavikadin\/wp-content\/uploads\/ARZU-2025-09-09T143941.852.jpg\" alt=\"Typhoon Family dizisinin yay\u0131n tarihi belli oldu! Junho\u2019nun afi\u015f \u00e7ekimleri dikkat \u00e7ekti\" width=\"1208\" height=\"680\" title=\"\" srcset=\"https:\/\/www.tgrthaber.com\/mavikadin\/wp-content\/uploads\/ARZU-2025-09-09T143941.852.jpg 1208w, https:\/\/www.tgrthaber.com\/mavikadin\/wp-content\/uploads\/ARZU-2025-09-09T143941.852-300x169.jpg 300w, https:\/\/www.tgrthaber.com\/mavikadin\/wp-content\/uploads\/ARZU-2025-09-09T143941.852-1024x576.jpg 1024w, https:\/\/www.tgrthaber.com\/mavikadin\/wp-content\/uploads\/ARZU-2025-09-09T143941.852-768x432.jpg 768w\" sizes=\"(max-width: 1208px) 100vw, 1208px\" \/><\/p>\n<hr \/>\n<p>Babas\u0131 sayesinde zenginli\u011fin tad\u0131n\u0131 \u00e7\u0131karan Kang Tae Poong, hayat\u0131n bir di\u011fer y\u00fcz\u00fc ile kar\u015f\u0131la\u015facak. Paras\u0131n\u0131 istedi\u011fi gibi kullanabilirken IMF krizi ile art\u0131k \u00e7ok da rahat bir ya\u015fam s\u00fcremeyecek. Hayatta kalma sorumlu\u011funu \u00fcstlenmek zorunda kalan sorumsuz gen\u00e7ten kararl\u0131 bir lidere d\u00f6n\u00fc\u015fecek.<\/p>\n<p><img loading=\"lazy\" decoding=\"async\" class=\"alignnone size-full wp-image-232934\" src=\"https:\/\/www.tgrthaber.com\/mavikadin\/wp-content\/uploads\/ARZU-2025-09-09T144259.011.jpg\" alt=\"Typhoon Family dizisinin yay\u0131n tarihi belli oldu! Junho\u2019nun afi\u015f \u00e7ekimleri dikkat \u00e7ekti\" width=\"1208\" height=\"680\" title=\"\" srcset=\"https:\/\/www.tgrthaber.com\/mavikadin\/wp-content\/uploads\/ARZU-2025-09-09T144259.011.jpg 1208w, https:\/\/www.tgrthaber.com\/mavikadin\/wp-content\/uploads\/ARZU-2025-09-09T144259.011-300x169.jpg 300w, https:\/\/www.tgrthaber.com\/mavikadin\/wp-content\/uploads\/ARZU-2025-09-09T144259.011-1024x576.jpg 1024w, https:\/\/www.tgrthaber.com\/mavikadin\/wp-content\/uploads\/ARZU-2025-09-09T144259.011-768x432.jpg 768w\" sizes=\"(max-width: 1208px) 100vw, 1208px\" \/><\/p>\n<hr \/>\n<p>Typhoon Family dizisinin ilk yay\u0131n tarihi 11 Ekim olarak a\u00e7\u0131kland\u0131. Ancak dizi dijital platformlarda yay\u0131nlanacak m\u0131 hen\u00fcz tam olarak bilinmiyor. Dizi \u015fimdilik tvN\u2019de ba\u015flayacak.<\/p>\n","protected":false},"excerpt":{"rendered":"<p>G\u00fcney Kore\u2019de \u00e7\u0131kacak olan yeni dizilerden biri Typhoon Family, yay\u0131n tarihi a\u00e7\u0131kland\u0131. \u00dcnl\u00fc oyuncu Junho\u2019nun ba\u015frol oldu\u011fu dizi, afi\u015fini yay\u0131nlayarak dikkatleri \u00fczerine \u00e7ekti. <\/p>\n","protected":false},"author":34,"featured_media":232931,"comment_status":"closed","ping_status":"closed","sticky":false,"template":"","format":"standard","meta":{"rank_math_lock_modified_date":false,"footnotes":""},"categories":[602],"tags":[2628,61805,61803,61804],"class_list":["post-232915","post","type-post","status-publish","format-standard","has-post-thumbnail","hentry","category-diziler","tag-dizi-haberleri","tag-junho","tag-typhoon-family","tag-typhoon-family-dizisi"],"_links":{"self":[{"href":"https:\/\/www.tgrthaber.com\/mavikadin\/wp-json\/wp\/v2\/posts\/232915"}],"collection":[{"href":"https:\/\/www.tgrthaber.com\/mavikadin\/wp-json\/wp\/v2\/posts"}],"about":[{"href":"https:\/\/www.tgrthaber.com\/mavikadin\/wp-json\/wp\/v2\/types\/post"}],"author":[{"embeddable":true,"href":"https:\/\/www.tgrthaber.com\/mavikadin\/wp-json\/wp\/v2\/users\/34"}],"replies":[{"embeddable":true,"href":"https:\/\/www.tgrthaber.com\/mavikadin\/wp-json\/wp\/v2\/comments?post=232915"}],"version-history":[{"count":2,"href":"https:\/\/www.tgrthaber.com\/mavikadin\/wp-json\/wp\/v2\/posts\/232915\/revisions"}],"predecessor-version":[{"id":232936,"href":"https:\/\/www.tgrthaber.com\/mavikadin\/wp-json\/wp\/v2\/posts\/232915\/revisions\/232936"}],"wp:featuredmedia":[{"embeddable":true,"href":"https:\/\/www.tgrthaber.com\/mavikadin\/wp-json\/wp\/v2\/media\/232931"}],"wp:attachment":[{"href":"https:\/\/www.tgrthaber.com\/mavikadin\/wp-json\/wp\/v2\/media?parent=232915"}],"wp:term":[{"taxonomy":"category","embeddable":true,"href":"https:\/\/www.tgrthaber.com\/mavikadin\/wp-json\/wp\/v2\/categories?post=232915"},{"taxonomy":"post_tag","embeddable":true,"href":"https:\/\/www.tgrthaber.com\/mavikadin\/wp-json\/wp\/v2\/tags?post=232915"}],"curies":[{"name":"wp","href":"https:\/\/api.w.org\/{rel}","templated":true}]}}