{"id":232962,"date":"2025-09-09T15:46:17","date_gmt":"2025-09-09T12:46:17","guid":{"rendered":"https:\/\/www.tgrthaber.com\/mavikadin\/?p=232962"},"modified":"2025-09-09T15:46:17","modified_gmt":"2025-09-09T12:46:17","slug":"asli-gungor-yillara-meydan-okuyor-son-opucuk-sarkisiyla-hafizalara-kazinmisti","status":"publish","type":"post","link":"https:\/\/www.tgrthaber.com\/mavikadin\/asli-gungor-yillara-meydan-okuyor-son-opucuk-sarkisiyla-hafizalara-kazinmisti\/","title":{"rendered":"Asl\u0131 G\u00fcng\u00f6r y\u0131llara meydan okuyor! Son \u00d6p\u00fcc\u00fck \u015fark\u0131s\u0131yla haf\u0131zalara kaz\u0131nm\u0131\u015ft\u0131"},"content":{"rendered":"<p>Asl\u0131 G\u00fcng\u00f6r, pop m\u00fczi\u011fin sevilen isimleri aras\u0131nda yer al\u0131yor. G\u00fc\u00e7l\u00fc sesiyle y\u0131llara meydan okuyan Asl\u0131 G\u00fcng\u00f6r, \u2018Son \u00d6p\u00fcc\u00fck\u2019 \u015fark\u0131s\u0131yla haf\u0131zlara yer edinmi\u015fti. Ba\u015far\u0131l\u0131 m\u00fczik kariyeriyle ad\u0131n\u0131 geni\u015f kitlelere duyuran \u00fcnl\u00fc \u015fark\u0131c\u0131, son haliyle de herkesi \u015fa\u015f\u0131rtt\u0131. Sadece sesiyle de\u011fil g\u00fczelli\u011fi ve gen\u00e7 duru\u015fuyla da y\u0131llara meydan okuyan Asl\u0131 G\u00fcng\u00f6r, hit \u015fark\u0131lar\u0131yla dinlenmeye devam ediyor.<\/p>\n<h3>ASLI G\u00dcNG\u00d6R YILLARA MEYDAN OKUYOR!<\/h3>\n<p>Asl\u0131 G\u00fcng\u00f6r, T\u00fcrk pop m\u00fczi\u011fin ba\u015far\u0131l\u0131 isimleri aras\u0131nda yer al\u0131yor. Ses sanat\u00e7\u0131s\u0131, besteci ve s\u00f6z yazar\u0131 olarak kariyerini s\u00fcrd\u00fcren G\u00fcng\u00f6r, hit \u015fark\u0131lar\u0131yla g\u00fcn\u00fcm\u00fczde dinlenmeye devam ediyor. G\u00fc\u00e7l\u00fc sesi ve \u015fark\u0131lar\u0131yla pop m\u00fczi\u011fin unutulmaz isimleri aras\u0131nda yer alan G\u00fcng\u00f6r, adeta y\u0131llara meydan okuyor.<\/p>\n<p><img loading=\"lazy\" decoding=\"async\" class=\"alignnone wp-image-232964\" src=\"https:\/\/www.tgrthaber.com\/mavikadin\/wp-content\/uploads\/Asli-Gungor-9-1024x576.jpg\" alt=\"Asl\u0131 G\u00fcng\u00f6r y\u0131llara meydan okuyor! Son \u00d6p\u00fcc\u00fck \u015fark\u0131s\u0131yla haf\u0131zalara kaz\u0131nm\u0131\u015ft\u0131\" width=\"1208\" height=\"680\" title=\"\" srcset=\"https:\/\/www.tgrthaber.com\/mavikadin\/wp-content\/uploads\/Asli-Gungor-9-1024x576.jpg 1024w, https:\/\/www.tgrthaber.com\/mavikadin\/wp-content\/uploads\/Asli-Gungor-9-300x169.jpg 300w, https:\/\/www.tgrthaber.com\/mavikadin\/wp-content\/uploads\/Asli-Gungor-9-768x432.jpg 768w, https:\/\/www.tgrthaber.com\/mavikadin\/wp-content\/uploads\/Asli-Gungor-9.jpg 1208w\" sizes=\"(max-width: 1208px) 100vw, 1208px\" \/><\/p>\n<hr \/>\n<p>Yaln\u0131zca g\u00fc\u00e7l\u00fc sesi ve sahne performans\u0131yla de\u011fil ayn\u0131 zamanda gen\u00e7 duru\u015fu ve g\u00fczelli\u011fiyle de y\u0131llara meydan okuyan Asl\u0131 G\u00fcng\u00f6r\u2019\u00fcn son haline g\u00f6renler g\u00f6zlerine inanam\u0131yor. \u015eark\u0131lar\u0131yla bir d\u00f6neme damga vuran G\u00fcng\u00f6r, \u015fimdilerde de\u011fi\u015fimiyle de sevenlerini \u015fa\u015f\u0131rt\u0131yor.<\/p>\n<p><img loading=\"lazy\" decoding=\"async\" class=\"alignnone wp-image-232965\" src=\"https:\/\/www.tgrthaber.com\/mavikadin\/wp-content\/uploads\/Asli-Gungor-1-1024x576.jpg\" alt=\"Asl\u0131 G\u00fcng\u00f6r y\u0131llara meydan okuyor! Son \u00d6p\u00fcc\u00fck \u015fark\u0131s\u0131yla haf\u0131zalara kaz\u0131nm\u0131\u015ft\u0131\" width=\"1208\" height=\"680\" title=\"\" srcset=\"https:\/\/www.tgrthaber.com\/mavikadin\/wp-content\/uploads\/Asli-Gungor-1-1024x576.jpg 1024w, https:\/\/www.tgrthaber.com\/mavikadin\/wp-content\/uploads\/Asli-Gungor-1-300x169.jpg 300w, https:\/\/www.tgrthaber.com\/mavikadin\/wp-content\/uploads\/Asli-Gungor-1-768x432.jpg 768w, https:\/\/www.tgrthaber.com\/mavikadin\/wp-content\/uploads\/Asli-Gungor-1.jpg 1208w\" sizes=\"(max-width: 1208px) 100vw, 1208px\" \/><\/p>\n<hr \/>\n<p>G\u00fc\u00e7l\u00fc sesi ve yenilenen imaj\u0131yla y\u0131llara meydan okuyan Asl\u0131 G\u00fcng\u00f6r, ge\u00e7ti\u011fimiz g\u00fcnlerde Manisa Salihli\u2019de konser verdi. Salihli Belediyesi\u2019nin Kurtulu\u015f Haftas\u0131 etkinlikleri kapsam\u0131nda sahne alan G\u00fcng\u00f6r, m\u00fczikseverlere co\u015fku dolu bir gece ya\u015fatt\u0131. Sevilen ve unutulmaz \u015fark\u0131lar\u0131n\u0131 seslendirerek dinleyicilere unutulmaz bir ak\u015fam ya\u015fatan G\u00fcng\u00f6r, yeniden g\u00fcndeme geldi.<\/p>\n<p><img loading=\"lazy\" decoding=\"async\" class=\"alignnone wp-image-232968\" src=\"https:\/\/www.tgrthaber.com\/mavikadin\/wp-content\/uploads\/Asli-Gungor-2-1024x576.jpg\" alt=\"Asl\u0131 G\u00fcng\u00f6r y\u0131llara meydan okuyor! Son \u00d6p\u00fcc\u00fck \u015fark\u0131s\u0131yla haf\u0131zalara kaz\u0131nm\u0131\u015ft\u0131\" width=\"1208\" height=\"680\" title=\"\" srcset=\"https:\/\/www.tgrthaber.com\/mavikadin\/wp-content\/uploads\/Asli-Gungor-2-1024x576.jpg 1024w, https:\/\/www.tgrthaber.com\/mavikadin\/wp-content\/uploads\/Asli-Gungor-2-300x169.jpg 300w, https:\/\/www.tgrthaber.com\/mavikadin\/wp-content\/uploads\/Asli-Gungor-2-768x432.jpg 768w, https:\/\/www.tgrthaber.com\/mavikadin\/wp-content\/uploads\/Asli-Gungor-2.jpg 1208w\" sizes=\"(max-width: 1208px) 100vw, 1208px\" \/><\/p>\n<hr \/>\n<h3>ASLI G\u00dcNG\u00d6R SON \u00d6P\u00dcC\u00dcK \u015eARKISIYLA HAFIZALARA KAZINMI\u015eTI!<\/h3>\n<p>Asl\u0131 G\u00fcng\u00f6r, 2000\u2019li y\u0131llarda \u00e7\u0131kard\u0131\u011f\u0131 &#8216;Kalp Kalbe Kar\u015f\u0131&#8217;, &#8216;\u0130zmir Bilir Ya&#8217;, &#8216;Son \u00d6p\u00fcc\u00fck&#8217; gibi \u015fark\u0131larla haf\u0131zalara kaz\u0131nm\u0131\u015ft\u0131. \u00c7\u0131karm\u0131\u015f oldu\u011fu alb\u00fcmlerin ba\u015far\u0131s\u0131yla 35. Alt\u0131n Kelebek \u00d6d\u00fclleri&#8217;nde \u2018En \u0130yi \u00c7\u0131k\u0131\u015f Yapan Kad\u0131n Sanat\u00e7\u0131\u2019 \u00f6d\u00fcl\u00fcn\u00fc kazanan G\u00fcng\u00f6r, son zamanlarda de\u011fi\u015fimiyle herkesi \u015fa\u015fk\u0131na \u00e7eviriyor.<\/p>\n<p><img loading=\"lazy\" decoding=\"async\" class=\"alignnone wp-image-232978\" src=\"https:\/\/www.tgrthaber.com\/mavikadin\/wp-content\/uploads\/Asli-Gungor-7-1024x576.jpg\" alt=\"Asl\u0131 G\u00fcng\u00f6r y\u0131llara meydan okuyor! Son \u00d6p\u00fcc\u00fck \u015fark\u0131s\u0131yla haf\u0131zalara kaz\u0131nm\u0131\u015ft\u0131\" width=\"1208\" height=\"680\" title=\"\" srcset=\"https:\/\/www.tgrthaber.com\/mavikadin\/wp-content\/uploads\/Asli-Gungor-7-1024x576.jpg 1024w, https:\/\/www.tgrthaber.com\/mavikadin\/wp-content\/uploads\/Asli-Gungor-7-300x169.jpg 300w, https:\/\/www.tgrthaber.com\/mavikadin\/wp-content\/uploads\/Asli-Gungor-7-768x432.jpg 768w, https:\/\/www.tgrthaber.com\/mavikadin\/wp-content\/uploads\/Asli-Gungor-7.jpg 1208w\" sizes=\"(max-width: 1208px) 100vw, 1208px\" \/><\/p>\n<hr \/>\n<p>Pop m\u00fczi\u011fin sevilen isimleri aras\u0131nda yer alan Asl\u0131 G\u00fcng\u00f6r, ba\u015far\u0131l\u0131 m\u00fczik kariyerine kald\u0131\u011f\u0131 yerden t\u00fcm h\u0131z\u0131yla devam ediyor. Y\u0131llara meydan okuyan g\u00fczelli\u011fi ve sesiyle dikkatleri \u00fczerine \u00e7eken G\u00fcng\u00f6r, son haliyle herkesi \u015fa\u015fk\u0131na \u00e7evirdi. Bir d\u00f6neme damga vuran \u00fcnl\u00fc \u015fark\u0131c\u0131, \u2018D\u00f6n Gel Yeter\u2019, \u2018G\u00f6zya\u015flar\u0131mla\u2019, \u2018Beni Tan\u0131\u2019 gibi \u015fark\u0131larla da ad\u0131ndan s\u00f6z ettirmi\u015fti.<\/p>\n<p><img loading=\"lazy\" decoding=\"async\" class=\"alignnone wp-image-232976\" src=\"https:\/\/www.tgrthaber.com\/mavikadin\/wp-content\/uploads\/Asli-Gungor-6-1024x576.jpg\" alt=\"Asl\u0131 G\u00fcng\u00f6r y\u0131llara meydan okuyor! Son \u00d6p\u00fcc\u00fck \u015fark\u0131s\u0131yla haf\u0131zalara kaz\u0131nm\u0131\u015ft\u0131\" width=\"1208\" height=\"680\" title=\"\" srcset=\"https:\/\/www.tgrthaber.com\/mavikadin\/wp-content\/uploads\/Asli-Gungor-6-1024x576.jpg 1024w, https:\/\/www.tgrthaber.com\/mavikadin\/wp-content\/uploads\/Asli-Gungor-6-300x169.jpg 300w, https:\/\/www.tgrthaber.com\/mavikadin\/wp-content\/uploads\/Asli-Gungor-6-768x432.jpg 768w, https:\/\/www.tgrthaber.com\/mavikadin\/wp-content\/uploads\/Asli-Gungor-6.jpg 1208w\" sizes=\"(max-width: 1208px) 100vw, 1208px\" \/><\/p>\n<hr \/>\n<p>Uzun s\u00fcredir ekranlardan uzak kalan Asl\u0131 G\u00fcng\u00f6r, \u015fimdilerde konserlerine kald\u0131\u011f\u0131 yerden devam ediyor. \u00dcnl\u00fc \u015fark\u0131c\u0131n\u0131n de\u011fi\u015fimini g\u00f6renlerse g\u00f6zlerine inanam\u0131yor.<\/p>\n<h3>ASLI G\u00dcNG\u00d6R K\u0130MD\u0130R?<\/h3>\n<p>Asl\u0131 G\u00fcng\u00f6r, 27 Eyl\u00fcl 1979 tarihinde \u0130zmir\u2019de d\u00fcnyaya geldi. \u00c7ok erken ya\u015flarda m\u00fczik yolculu\u011funa ad\u0131m atan G\u00fcng\u00f6r, TRT \u0130zmir Gen\u00e7lik Korosu ile kariyerine ba\u015flad\u0131. \u0130lkokul, ortaokul ve lise e\u011fitimini ba\u015far\u0131yla tamamlayan G\u00fcng\u00f6r, Dokuz Eyl\u00fcl \u00dcniversitesi G\u00fczel Sanatlar Fak\u00fcltesi M\u00fczik Bilimleri B\u00f6l\u00fcm\u00fc\u2019n\u00fc tamamlayarak \u00fcniversiteyi noktalad\u0131.<\/p>\n<p><img loading=\"lazy\" decoding=\"async\" class=\"alignnone wp-image-232971\" src=\"https:\/\/www.tgrthaber.com\/mavikadin\/wp-content\/uploads\/Asli-Gungor-4-1024x576.jpg\" alt=\"Asl\u0131 G\u00fcng\u00f6r y\u0131llara meydan okuyor! Son \u00d6p\u00fcc\u00fck \u015fark\u0131s\u0131yla haf\u0131zalara kaz\u0131nm\u0131\u015ft\u0131\" width=\"1208\" height=\"680\" title=\"\" srcset=\"https:\/\/www.tgrthaber.com\/mavikadin\/wp-content\/uploads\/Asli-Gungor-4-1024x576.jpg 1024w, https:\/\/www.tgrthaber.com\/mavikadin\/wp-content\/uploads\/Asli-Gungor-4-300x169.jpg 300w, https:\/\/www.tgrthaber.com\/mavikadin\/wp-content\/uploads\/Asli-Gungor-4-768x432.jpg 768w, https:\/\/www.tgrthaber.com\/mavikadin\/wp-content\/uploads\/Asli-Gungor-4.jpg 1208w\" sizes=\"(max-width: 1208px) 100vw, 1208px\" \/><\/p>\n<hr \/>\n<p>Kalp Kalbe Kar\u015f\u0131 \u015fark\u0131s\u0131yla pop\u00fclerli\u011fini art\u0131ran ve 2000\u2019li y\u0131llara damga vuran Asl\u0131 G\u00fcng\u00f6r, birbirinden ba\u015far\u0131l\u0131 projelere imza att\u0131. \u015eimdilerde \u015fark\u0131lar\u0131 kadar \u00f6zel hayat\u0131 ve d\u0131\u015f g\u00f6r\u00fcn\u00fc\u015f\u00fcyle de s\u0131k s\u0131k g\u00fcndeme gelen 45 ya\u015f\u0131ndaki G\u00fcng\u00f6r, magazin d\u00fcnyas\u0131nda zaman zaman yer almaya devam ediyor.<\/p>\n","protected":false},"excerpt":{"rendered":"<p>Asl\u0131 G\u00fcng\u00f6r, \u015fark\u0131lar\u0131 ve gen\u00e7 g\u00f6r\u00fcn\u00fcm\u00fcyle y\u0131llara meydan okuyor. Pop m\u00fczi\u011fin ba\u015far\u0131l\u0131 isimleri aras\u0131nda yer alan Asl\u0131 G\u00fcng\u00f6r, \u2018Son \u00d6p\u00fcc\u00fck\u2019 \u015fark\u0131s\u0131yla haf\u0131zalara kaz\u0131nm\u0131\u015ft\u0131. \u0130\u015fte detaylar\u2026<\/p>\n","protected":false},"author":26,"featured_media":232963,"comment_status":"closed","ping_status":"closed","sticky":false,"template":"","format":"standard","meta":{"rank_math_lock_modified_date":false,"footnotes":""},"categories":[76],"tags":[11077,61811,11078,133,2218],"class_list":["post-232962","post","type-post","status-publish","format-standard","has-post-thumbnail","hentry","category-magazin","tag-asli-gungor","tag-asli-gungor-kimdir","tag-asli-gungorun-simdiki-hali","tag-magazin","tag-magazin-haberleri"],"_links":{"self":[{"href":"https:\/\/www.tgrthaber.com\/mavikadin\/wp-json\/wp\/v2\/posts\/232962"}],"collection":[{"href":"https:\/\/www.tgrthaber.com\/mavikadin\/wp-json\/wp\/v2\/posts"}],"about":[{"href":"https:\/\/www.tgrthaber.com\/mavikadin\/wp-json\/wp\/v2\/types\/post"}],"author":[{"embeddable":true,"href":"https:\/\/www.tgrthaber.com\/mavikadin\/wp-json\/wp\/v2\/users\/26"}],"replies":[{"embeddable":true,"href":"https:\/\/www.tgrthaber.com\/mavikadin\/wp-json\/wp\/v2\/comments?post=232962"}],"version-history":[{"count":2,"href":"https:\/\/www.tgrthaber.com\/mavikadin\/wp-json\/wp\/v2\/posts\/232962\/revisions"}],"predecessor-version":[{"id":232982,"href":"https:\/\/www.tgrthaber.com\/mavikadin\/wp-json\/wp\/v2\/posts\/232962\/revisions\/232982"}],"wp:featuredmedia":[{"embeddable":true,"href":"https:\/\/www.tgrthaber.com\/mavikadin\/wp-json\/wp\/v2\/media\/232963"}],"wp:attachment":[{"href":"https:\/\/www.tgrthaber.com\/mavikadin\/wp-json\/wp\/v2\/media?parent=232962"}],"wp:term":[{"taxonomy":"category","embeddable":true,"href":"https:\/\/www.tgrthaber.com\/mavikadin\/wp-json\/wp\/v2\/categories?post=232962"},{"taxonomy":"post_tag","embeddable":true,"href":"https:\/\/www.tgrthaber.com\/mavikadin\/wp-json\/wp\/v2\/tags?post=232962"}],"curies":[{"name":"wp","href":"https:\/\/api.w.org\/{rel}","templated":true}]}}