{"id":232991,"date":"2025-09-09T16:30:54","date_gmt":"2025-09-09T13:30:54","guid":{"rendered":"https:\/\/www.tgrthaber.com\/mavikadin\/?p=232991"},"modified":"2025-09-09T16:30:55","modified_gmt":"2025-09-09T13:30:55","slug":"kenan-imirzalioglu-togg-yuzu-oldu-yerli-milli-destek","status":"publish","type":"post","link":"https:\/\/www.tgrthaber.com\/mavikadin\/kenan-imirzalioglu-togg-yuzu-oldu-yerli-milli-destek\/","title":{"rendered":"Kenan \u0130mirzal\u0131o\u011flu Togg y\u00fcz\u00fc oldu! Yerli milli destek"},"content":{"rendered":"<p>Kenan \u0130mirzal\u0131o\u011flu, bu kez reklam y\u00fcz\u00fc oldu\u011fu Togg markas\u0131yla g\u00fcndeme geldi. Ba\u015far\u0131l\u0131 ve yak\u0131\u015f\u0131kl\u0131 oyuncu, T\u00fcrkiye&#8217;nin Otomobili Giri\u015fim Grubu (Togg) y\u00fcz\u00fc oldu. Uzun s\u00fcredir televizyon ekranlar\u0131nda boy g\u00f6stermeyen Kenan \u0130mirzal\u0131o\u011flu, \u015fimdilerde ATV ekranlar\u0131nda yay\u0131nlanacak A.B.\u0130 dizisiyle ekranlara d\u00f6nmeye haz\u0131rlan\u0131yor. Uzun bir aran\u0131n ard\u0131ndan izleyiciyle bulu\u015facak olan Kenan \u0130mirzal\u0131o\u011flu, reklam projeleriyle de ad\u0131ndan s\u00f6z ettiriyor.<\/p>\n<h3>KENAN \u0130M\u0130RZALIO\u011eLU TOGG Y\u00dcZ\u00dc OLDU!<\/h3>\n<p>Kenan \u0130mirzal\u0131o\u011flu, T\u00fcrkiye&#8217;nin Otomobili Giri\u015fim Grubu\u2019nun (Togg) reklam y\u00fcz\u00fc oldu. T\u00fcrkiye\u2019nin yerli ve milli markas\u0131 Togg, Almanya&#8217;n\u0131n M\u00fcnih \u015fehrinde bug\u00fcn ba\u015flayan, otomobil \u00fcreticileri, teknoloji \u015firketleri, startup&#8217;lar ve s\u00fcrd\u00fcr\u00fclebilir ula\u015f\u0131m alan\u0131ndaki \u00f6nc\u00fclerin bir araya geldi\u011fi IAA Mobility 2025&#8217;te yerini ald\u0131.<\/p>\n<p><img loading=\"lazy\" decoding=\"async\" class=\"alignnone wp-image-232993\" src=\"https:\/\/www.tgrthaber.com\/mavikadin\/wp-content\/uploads\/Kenan-Imirzalioglu-Togg-2-1024x576.jpg\" alt=\"Kenan \u0130mirzal\u0131o\u011flu Togg y\u00fcz\u00fc oldu! Yerli milli destek\" width=\"1208\" height=\"680\" title=\"\" srcset=\"https:\/\/www.tgrthaber.com\/mavikadin\/wp-content\/uploads\/Kenan-Imirzalioglu-Togg-2-1024x576.jpg 1024w, https:\/\/www.tgrthaber.com\/mavikadin\/wp-content\/uploads\/Kenan-Imirzalioglu-Togg-2-300x169.jpg 300w, https:\/\/www.tgrthaber.com\/mavikadin\/wp-content\/uploads\/Kenan-Imirzalioglu-Togg-2-768x432.jpg 768w, https:\/\/www.tgrthaber.com\/mavikadin\/wp-content\/uploads\/Kenan-Imirzalioglu-Togg-2.jpg 1208w\" sizes=\"(max-width: 1208px) 100vw, 1208px\" \/><\/p>\n<hr \/>\n<p>Togg&#8217;un yenilik\u00e7i \u00fcr\u00fcn gam\u0131 ve mobilite ekosistemi, d\u00fcnyan\u0131n \u00f6nde gelen t\u00fcm otomotiv \u015firketlerinin yer ald\u0131\u011f\u0131 fuar\u0131n bas\u0131n g\u00f6steriminde yerli ve yabanc\u0131 gazetecilere tan\u0131t\u0131ld\u0131. \u2018Bir otomobilden fazlas\u0131\u2019 i\u00e7in yola \u00e7\u0131kan Togg, bug\u00fcn k\u00fcresel vizyonunu peki\u015ftiren \u00f6nemli bir projeye imza att\u0131. Avrupa sahnesine \u00e7\u0131kan Togg, do\u011fu\u015ftan elektrikli T10X ve T10F modelleriyle Almanya pazar\u0131na girdi\u011fini duyurdu.<\/p>\n<p><img loading=\"lazy\" decoding=\"async\" class=\"alignnone wp-image-232998\" src=\"https:\/\/www.tgrthaber.com\/mavikadin\/wp-content\/uploads\/Kenan-Imirzalioglu-Togg-7-1024x576.jpg\" alt=\"Kenan \u0130mirzal\u0131o\u011flu Togg y\u00fcz\u00fc oldu! Yerli milli destek\" width=\"1208\" height=\"680\" title=\"\" srcset=\"https:\/\/www.tgrthaber.com\/mavikadin\/wp-content\/uploads\/Kenan-Imirzalioglu-Togg-7-1024x576.jpg 1024w, https:\/\/www.tgrthaber.com\/mavikadin\/wp-content\/uploads\/Kenan-Imirzalioglu-Togg-7-300x169.jpg 300w, https:\/\/www.tgrthaber.com\/mavikadin\/wp-content\/uploads\/Kenan-Imirzalioglu-Togg-7-768x432.jpg 768w, https:\/\/www.tgrthaber.com\/mavikadin\/wp-content\/uploads\/Kenan-Imirzalioglu-Togg-7.jpg 1208w\" sizes=\"(max-width: 1208px) 100vw, 1208px\" \/><\/p>\n<hr \/>\n<p>Son zamanlarda ekranlardan uzak kalan, son olarak \u2018Milyoner\u2019 yar\u0131\u015fmas\u0131n\u0131n sunuculu\u011funu yapan Kenan \u0130mirzal\u0131o\u011flu, Togg\u2019un marka y\u00fcz\u00fc oldu. ATV ekranlar\u0131nda yay\u0131nlanacak A.B.\u0130 dizisiyle ekranlara d\u00f6nmeye haz\u0131rlanan \u0130mirzal\u0131o\u011flu, kat\u0131ld\u0131\u011f\u0131 program dahilinde gazeteci Adem Metan\u2019\u0131n sorular\u0131n\u0131 cevaplad\u0131.<\/p>\n<p><img loading=\"lazy\" decoding=\"async\" class=\"alignnone wp-image-232995\" src=\"https:\/\/www.tgrthaber.com\/mavikadin\/wp-content\/uploads\/Kenan-Imirzalioglu-Togg-4-1024x576.jpg\" alt=\"Kenan \u0130mirzal\u0131o\u011flu Togg y\u00fcz\u00fc oldu! Yerli milli destek\" width=\"1208\" height=\"680\" title=\"\" srcset=\"https:\/\/www.tgrthaber.com\/mavikadin\/wp-content\/uploads\/Kenan-Imirzalioglu-Togg-4-1024x576.jpg 1024w, https:\/\/www.tgrthaber.com\/mavikadin\/wp-content\/uploads\/Kenan-Imirzalioglu-Togg-4-300x169.jpg 300w, https:\/\/www.tgrthaber.com\/mavikadin\/wp-content\/uploads\/Kenan-Imirzalioglu-Togg-4-768x432.jpg 768w, https:\/\/www.tgrthaber.com\/mavikadin\/wp-content\/uploads\/Kenan-Imirzalioglu-Togg-4.jpg 1208w\" sizes=\"(max-width: 1208px) 100vw, 1208px\" \/><\/p>\n<hr \/>\n<p>Kenan \u0130mirzal\u0131o\u011flu, gazeteci Adem Metan&#8217;a yapt\u0131\u011f\u0131 a\u00e7\u0131klamada, T\u00fcrkiye&#8217;nin kendi arabas\u0131n\u0131n tan\u0131t\u0131m\u0131nda olman\u0131n ba\u015fl\u0131 ba\u015f\u0131na \u00e7ok gurur verici oldu\u011funu ifade ederek, \u201cBuran\u0131n bilinen, \u00f6nde gelen markalar\u0131n\u0131n aras\u0131nda kendi arabam\u0131za gururla bak\u0131yor olmak b\u00fcy\u00fck k\u0131van\u00e7. Benim i\u00e7in de ayr\u0131ca gururland\u0131r\u0131c\u0131. \u00c7ok k\u0131van\u00e7 duyuyorum, \u00e7ok mutluyum.\u201d \u015feklinde konu\u015ftu.<\/p>\n<p><img loading=\"lazy\" decoding=\"async\" class=\"alignnone wp-image-233001\" src=\"https:\/\/www.tgrthaber.com\/mavikadin\/wp-content\/uploads\/Kenan-Imirzalioglu-Togg-10-1024x576.jpg\" alt=\"Kenan \u0130mirzal\u0131o\u011flu Togg y\u00fcz\u00fc oldu! Yerli milli destek\" width=\"1208\" height=\"680\" title=\"\" srcset=\"https:\/\/www.tgrthaber.com\/mavikadin\/wp-content\/uploads\/Kenan-Imirzalioglu-Togg-10-1024x576.jpg 1024w, https:\/\/www.tgrthaber.com\/mavikadin\/wp-content\/uploads\/Kenan-Imirzalioglu-Togg-10-300x169.jpg 300w, https:\/\/www.tgrthaber.com\/mavikadin\/wp-content\/uploads\/Kenan-Imirzalioglu-Togg-10-768x432.jpg 768w, https:\/\/www.tgrthaber.com\/mavikadin\/wp-content\/uploads\/Kenan-Imirzalioglu-Togg-10.jpg 1208w\" sizes=\"(max-width: 1208px) 100vw, 1208px\" \/><\/p>\n<hr \/>\n<h3>\u201cT\u00dcRK\u0130YE&#8217;N\u0130N 60 YILDIR HAYAL\u0130\u201d<\/h3>\n<p>Yerli ve milli Togg markas\u0131yla \u00f6zde\u015fle\u015fmenin kendisi i\u00e7in \u00e7ok gurur verici oldu\u011funu dile getiren Kenan \u0130mirzal\u0131o\u011flu, yapt\u0131\u011f\u0131 a\u00e7\u0131klamalarda \u015fu ifadelere yer verdi:<\/p>\n<p><img loading=\"lazy\" decoding=\"async\" class=\"alignnone wp-image-233000\" src=\"https:\/\/www.tgrthaber.com\/mavikadin\/wp-content\/uploads\/Kenan-Imirzalioglu-Togg-9-1024x576.jpg\" alt=\"Kenan \u0130mirzal\u0131o\u011flu Togg y\u00fcz\u00fc oldu! Yerli milli destek\" width=\"1208\" height=\"680\" title=\"\" srcset=\"https:\/\/www.tgrthaber.com\/mavikadin\/wp-content\/uploads\/Kenan-Imirzalioglu-Togg-9-1024x576.jpg 1024w, https:\/\/www.tgrthaber.com\/mavikadin\/wp-content\/uploads\/Kenan-Imirzalioglu-Togg-9-300x169.jpg 300w, https:\/\/www.tgrthaber.com\/mavikadin\/wp-content\/uploads\/Kenan-Imirzalioglu-Togg-9-768x432.jpg 768w, https:\/\/www.tgrthaber.com\/mavikadin\/wp-content\/uploads\/Kenan-Imirzalioglu-Togg-9.jpg 1208w\" sizes=\"(max-width: 1208px) 100vw, 1208px\" \/><\/p>\n<hr \/>\n<p>\u201cBu, T\u00fcrkiye&#8217;nin 60 y\u0131ld\u0131r hayali. 1960&#8217;larda ba\u015flayan Devrim arabalar\u0131 projesi benzinsiz \u00e7al\u0131\u015fam\u0131yor diye \u00e7ok basit gerek\u00e7eyle iptal edildi. Bunun gibi devrim yapacak teknoloji, sanayi at\u0131l\u0131mlar\u0131m\u0131z\u0131n \u00f6n\u00fcne ge\u00e7ilen baz\u0131 takozlar oldu. Fakat bug\u00fcn bu iradeyle Togg&#8217;un ger\u00e7ekten T\u00fcrkiye&#8217;de \u00fcretiliyor olmas\u0131, bug\u00fcn ikinci modelinin tan\u0131t\u0131m\u0131n\u0131n yap\u0131lmas\u0131 \u00e7ok \u00f6nemli.\u201d<\/p>\n<h3>\u201cTOGG&#8217;UN YOLU A\u00c7IK OLSUN\u201d<\/h3>\n<p>Ba\u015far\u0131l\u0131 ve yak\u0131\u015f\u0131kl\u0131 oyuncu Kenan \u0130mirzal\u0131o\u011flu, reklam y\u00fcz\u00fc oldu\u011fu Togg&#8217;un teknoloji d\u00fcnyas\u0131yla bir ekosistem olu\u015fturaca\u011f\u0131n\u0131, k\u00fc\u00e7\u00fck \u00fcreticileri destekleyece\u011fini ve bununla beraber ba\u015fka \u00fcretimlerin de olaca\u011f\u0131n\u0131 ifade ederek \u015funlar\u0131 kaydetti:<\/p>\n<p><img loading=\"lazy\" decoding=\"async\" class=\"alignnone wp-image-232999\" src=\"https:\/\/www.tgrthaber.com\/mavikadin\/wp-content\/uploads\/Kenan-Imirzalioglu-Togg-8-1024x576.jpg\" alt=\"Kenan \u0130mirzal\u0131o\u011flu Togg y\u00fcz\u00fc oldu! Yerli milli destekKenan \u0130mirzal\u0131o\u011flu Togg y\u00fcz\u00fc oldu! Yerli milli destek\" width=\"1208\" height=\"680\" title=\"\" srcset=\"https:\/\/www.tgrthaber.com\/mavikadin\/wp-content\/uploads\/Kenan-Imirzalioglu-Togg-8-1024x576.jpg 1024w, https:\/\/www.tgrthaber.com\/mavikadin\/wp-content\/uploads\/Kenan-Imirzalioglu-Togg-8-300x169.jpg 300w, https:\/\/www.tgrthaber.com\/mavikadin\/wp-content\/uploads\/Kenan-Imirzalioglu-Togg-8-768x432.jpg 768w, https:\/\/www.tgrthaber.com\/mavikadin\/wp-content\/uploads\/Kenan-Imirzalioglu-Togg-8.jpg 1208w\" sizes=\"(max-width: 1208px) 100vw, 1208px\" \/><\/p>\n<hr \/>\n<p>\u201cEn \u00f6nemlisi g\u00fcvenlik konusunda da Togg&#8217;umuzun iki modeli de y\u00fcksek seviyede be\u015f y\u0131ld\u0131z ald\u0131. Yak\u0131\u015ft\u0131k bence birbirimize. Togg&#8217;un yolu a\u00e7\u0131k olsun, esas \u00f6nemli olan o.\u201d<\/p>\n<h3>\u201cGER\u00c7EKTEN GURUR DUYUYORUM\u201d<\/h3>\n<p>Togg ile gurur duydu\u011funun alt\u0131n\u0131 \u00e7izen Kenan \u0130mirzal\u0131o\u011flu, konu\u015fmas\u0131nda \u015fu ifadelere yer verdi:<\/p>\n<p><img loading=\"lazy\" decoding=\"async\" class=\"alignnone wp-image-232996\" src=\"https:\/\/www.tgrthaber.com\/mavikadin\/wp-content\/uploads\/Kenan-Imirzalioglu-Togg-5-1024x576.jpg\" alt=\"Kenan \u0130mirzal\u0131o\u011flu Togg y\u00fcz\u00fc oldu! Yerli milli destek\" width=\"1208\" height=\"680\" title=\"\" srcset=\"https:\/\/www.tgrthaber.com\/mavikadin\/wp-content\/uploads\/Kenan-Imirzalioglu-Togg-5-1024x576.jpg 1024w, https:\/\/www.tgrthaber.com\/mavikadin\/wp-content\/uploads\/Kenan-Imirzalioglu-Togg-5-300x169.jpg 300w, https:\/\/www.tgrthaber.com\/mavikadin\/wp-content\/uploads\/Kenan-Imirzalioglu-Togg-5-768x432.jpg 768w, https:\/\/www.tgrthaber.com\/mavikadin\/wp-content\/uploads\/Kenan-Imirzalioglu-Togg-5.jpg 1208w\" sizes=\"(max-width: 1208px) 100vw, 1208px\" \/><\/p>\n<hr \/>\n<p>\u201cDevrim arabalar\u0131 ilk \u00e7\u0131kt\u0131\u011f\u0131nda o zaman \u00fclkenin \u00fcnl\u00fcs\u00fc, tan\u0131nan\u0131 veya g\u00fcvenilir insan\u0131yla bir reklam oldu\u011funu d\u00fc\u015f\u00fcn\u00fcn. 60 y\u0131l sonra bakt\u0131\u011f\u0131m\u0131zda o ki\u015fi diyecektik. \u015eimdi kendimi d\u00fc\u015f\u00fcn\u00fcyorum, ileride \u00e7ocuklar\u0131m bakt\u0131\u011f\u0131 zaman Togg&#8217;un ilk reklam y\u00fcz\u00fc benim babam olmu\u015ftu diyecek. Bu tarihe ge\u00e7en bir durum oldu\u011fu i\u00e7in ger\u00e7ekten gurur duyuyorum.\u201d<\/p>\n","protected":false},"excerpt":{"rendered":"<p>Kenan \u0130mirzal\u0131o\u011flu, T\u00fcrkiye&#8217;nin Otomobili Giri\u015fim Grubu (Togg) y\u00fcz\u00fc oldu. \u015eimdilerde ATV ekranlar\u0131nda A.B.\u0130 dizisiyle ekranlara d\u00f6nmeye haz\u0131rlanan Kenan \u0130mirzal\u0131o\u011flu\u2019ndan yerli ve milli destek geldi. \u0130\u015fte detaylar\u2026<\/p>\n","protected":false},"author":26,"featured_media":232992,"comment_status":"closed","ping_status":"closed","sticky":false,"template":"","format":"standard","meta":{"rank_math_lock_modified_date":false,"footnotes":""},"categories":[76],"tags":[3163,61818,133,2218,40410],"class_list":["post-232991","post","type-post","status-publish","format-standard","has-post-thumbnail","hentry","category-magazin","tag-kenan-imirzalioglu","tag-kenan-imirzalioglu-togg-reklam-yuzu","tag-magazin","tag-magazin-haberleri","tag-togg"],"_links":{"self":[{"href":"https:\/\/www.tgrthaber.com\/mavikadin\/wp-json\/wp\/v2\/posts\/232991"}],"collection":[{"href":"https:\/\/www.tgrthaber.com\/mavikadin\/wp-json\/wp\/v2\/posts"}],"about":[{"href":"https:\/\/www.tgrthaber.com\/mavikadin\/wp-json\/wp\/v2\/types\/post"}],"author":[{"embeddable":true,"href":"https:\/\/www.tgrthaber.com\/mavikadin\/wp-json\/wp\/v2\/users\/26"}],"replies":[{"embeddable":true,"href":"https:\/\/www.tgrthaber.com\/mavikadin\/wp-json\/wp\/v2\/comments?post=232991"}],"version-history":[{"count":1,"href":"https:\/\/www.tgrthaber.com\/mavikadin\/wp-json\/wp\/v2\/posts\/232991\/revisions"}],"predecessor-version":[{"id":233003,"href":"https:\/\/www.tgrthaber.com\/mavikadin\/wp-json\/wp\/v2\/posts\/232991\/revisions\/233003"}],"wp:featuredmedia":[{"embeddable":true,"href":"https:\/\/www.tgrthaber.com\/mavikadin\/wp-json\/wp\/v2\/media\/232992"}],"wp:attachment":[{"href":"https:\/\/www.tgrthaber.com\/mavikadin\/wp-json\/wp\/v2\/media?parent=232991"}],"wp:term":[{"taxonomy":"category","embeddable":true,"href":"https:\/\/www.tgrthaber.com\/mavikadin\/wp-json\/wp\/v2\/categories?post=232991"},{"taxonomy":"post_tag","embeddable":true,"href":"https:\/\/www.tgrthaber.com\/mavikadin\/wp-json\/wp\/v2\/tags?post=232991"}],"curies":[{"name":"wp","href":"https:\/\/api.w.org\/{rel}","templated":true}]}}