{"id":233018,"date":"2025-09-09T17:56:55","date_gmt":"2025-09-09T14:56:55","guid":{"rendered":"https:\/\/www.tgrthaber.com\/mavikadin\/?p=233018"},"modified":"2025-09-09T17:58:22","modified_gmt":"2025-09-09T14:58:22","slug":"kizilcik-serbeti-dizisine-4-flas-transfer-yeni-sezon-bombasi-ortaya-cikti","status":"publish","type":"post","link":"https:\/\/www.tgrthaber.com\/mavikadin\/kizilcik-serbeti-dizisine-4-flas-transfer-yeni-sezon-bombasi-ortaya-cikti\/","title":{"rendered":"K\u0131z\u0131lc\u0131k \u015eerbeti dizisine 4 fla\u015f transfer! Yeni sezon bombas\u0131 ortaya \u00e7\u0131kt\u0131"},"content":{"rendered":"<p>Show TV&#8217;nin her Cuma be\u011fenilerek izlenen dizisi K\u0131z\u0131lc\u0131k \u015eerbeti, yeni sezon de\u011fi\u015fiklikleriyle g\u00fcndemden d\u00fc\u015fm\u00fcyor. G\u00fc\u00e7l\u00fc oyuncu kadrosunu daha da geni\u015fleten ekip, 4 fla\u015f oyuncuyu kadrosuna dahil ederek ad\u0131ndan yeniden s\u00f6z ettirmeyi ba\u015fard\u0131. Peki K\u0131z\u0131lc\u0131k \u015eerbeti dizisi yeni sezonda hangi oyuncular kadroya dahil oldu? \u0130\u015fte yeni sezon \u00f6ncesi K\u0131z\u0131lc\u0131k \u015eerbeti dizisi oyuncu kadrosuna kat\u0131lan 4 fla\u015f oyuncu&#8230;<\/p>\n<h3>KIZILCIK \u015eERBET\u0130 D\u0130Z\u0130S\u0130NE 4 FLA\u015e TRANSFER!<\/h3>\n<p>Cuma ak\u015famlar\u0131 zirveyi kimseye b\u0131rakmayan K\u0131z\u0131lc\u0131k \u015eerbeti, yeni sezona adeta bomba bir giri\u015f yapmaya haz\u0131rlan\u0131yor. Kartlar\u0131n yeniden da\u011f\u0131t\u0131ld\u0131\u011f\u0131 K\u0131z\u0131lc\u0131k \u015eerbeti dizisine \u015fimdi de <a href=\"https:\/\/www.tgrthaber.com\/mavikadin\/erkan-avci-evli-mi-erkan-avci-kac-yasinda\/\">Erkan Avc\u0131<\/a>, A\u00e7elya Akkoyun, Serkan Rutkay Ay\u0131k\u00f6z ve Sibel \u015ei\u015fman&#8217;da dahil edildi.<\/p>\n<p><img loading=\"lazy\" decoding=\"async\" class=\"alignnone wp-image-233052\" src=\"https:\/\/www.tgrthaber.com\/mavikadin\/wp-content\/uploads\/Erkan-Avci1-1024x682-1-300x200.jpg\" alt=\"\" width=\"1208\" height=\"805\" title=\"\" srcset=\"https:\/\/www.tgrthaber.com\/mavikadin\/wp-content\/uploads\/Erkan-Avci1-1024x682-1-300x200.jpg 300w, https:\/\/www.tgrthaber.com\/mavikadin\/wp-content\/uploads\/Erkan-Avci1-1024x682-1-768x512.jpg 768w, https:\/\/www.tgrthaber.com\/mavikadin\/wp-content\/uploads\/Erkan-Avci1-1024x682-1.jpg 1023w\" sizes=\"(max-width: 1208px) 100vw, 1208px\" \/><\/p>\n<hr \/>\n<p>Bu geli\u015fmenin ya\u015fanmas\u0131yla birlikte, seyirciyi bekleyen s\u00fcrpriz geli\u015fmeler de merak konusu oldu. Yeni karakterlerin, yeni sezon b\u00f6l\u00fcmlerinde ta\u015flar\u0131 yerinden oynataca\u011f\u0131 da gelen kulis bilgileri aras\u0131nda.<\/p>\n<p><img loading=\"lazy\" decoding=\"async\" class=\"alignnone wp-image-233058\" src=\"https:\/\/www.tgrthaber.com\/mavikadin\/wp-content\/uploads\/Erkan-Avci2-300x200.jpg\" alt=\"\" width=\"1208\" height=\"806\" title=\"\" srcset=\"https:\/\/www.tgrthaber.com\/mavikadin\/wp-content\/uploads\/Erkan-Avci2-300x200.jpg 300w, https:\/\/www.tgrthaber.com\/mavikadin\/wp-content\/uploads\/Erkan-Avci2-1024x683.jpg 1024w, https:\/\/www.tgrthaber.com\/mavikadin\/wp-content\/uploads\/Erkan-Avci2-768x513.jpg 768w, https:\/\/www.tgrthaber.com\/mavikadin\/wp-content\/uploads\/Erkan-Avci2-1536x1025.jpg 1536w, https:\/\/www.tgrthaber.com\/mavikadin\/wp-content\/uploads\/Erkan-Avci2.jpg 1807w\" sizes=\"(max-width: 1208px) 100vw, 1208px\" \/><\/p>\n<hr \/>\n<h3>YEN\u0130 SEZON BOMBASI ORTAYA \u00c7IKTI<\/h3>\n<p>Yeni sezonda bomba detaylar g\u00fcn ge\u00e7tik\u00e7e yap\u0131m ekibi taraf\u0131ndan payla\u015f\u0131lmaya devam ediliyor. Diziye dagil olan Erkan Avc\u0131, K\u0131z\u0131lc\u0131k \u015eerbeti Asude&#8217;nin \u00fcvey o\u011flu olan Asil&#8217;i oynayacak. Para ve g\u00fc\u00e7 sahibi olan Asil karakteri, yenis ezonda \u00dcnal Holding&#8217;e giri\u015f yaparak dizideki dengeleri de\u011fi\u015ftirecek.<\/p>\n<p><img loading=\"lazy\" decoding=\"async\" class=\"alignnone wp-image-233060\" src=\"https:\/\/www.tgrthaber.com\/mavikadin\/wp-content\/uploads\/yasak-elmanin-emiri-serkan-rutkay-ayikoz-kizilcik-serbeti-dizisinin-kadrosuna-dahil-oldu-wpbd_cover-300x169.webp\" alt=\"\" width=\"1208\" height=\"680\" title=\"\" srcset=\"https:\/\/www.tgrthaber.com\/mavikadin\/wp-content\/uploads\/yasak-elmanin-emiri-serkan-rutkay-ayikoz-kizilcik-serbeti-dizisinin-kadrosuna-dahil-oldu-wpbd_cover-300x169.webp 300w, https:\/\/www.tgrthaber.com\/mavikadin\/wp-content\/uploads\/yasak-elmanin-emiri-serkan-rutkay-ayikoz-kizilcik-serbeti-dizisinin-kadrosuna-dahil-oldu-wpbd_cover-1024x576.webp 1024w, https:\/\/www.tgrthaber.com\/mavikadin\/wp-content\/uploads\/yasak-elmanin-emiri-serkan-rutkay-ayikoz-kizilcik-serbeti-dizisinin-kadrosuna-dahil-oldu-wpbd_cover-768x432.webp 768w, https:\/\/www.tgrthaber.com\/mavikadin\/wp-content\/uploads\/yasak-elmanin-emiri-serkan-rutkay-ayikoz-kizilcik-serbeti-dizisinin-kadrosuna-dahil-oldu-wpbd_cover.webp 1280w\" sizes=\"(max-width: 1208px) 100vw, 1208px\" \/><\/p>\n<hr \/>\n<p>Asil&#8217;in en g\u00fcvendi\u011fi isim ise diziye dahil olan Serkan Rutkay Ay\u0131k\u00f6z&#8217;\u00fcn oynad\u0131\u011f\u0131 Abidin olacak. Sadakat ve g\u00fcven veren Abidin, Asil ile olan ba\u011flant\u0131s\u0131 \u015fimdiden merak ediliyor. K\u0131v\u0131lc\u0131m ailesine de yans\u0131yacak bu ili\u015fkinin diziye farkl\u0131 bir y\u00f6n verece\u011fi konu\u015fuluyor.<\/p>\n<p><img loading=\"lazy\" decoding=\"async\" class=\"alignnone wp-image-233059\" src=\"https:\/\/www.tgrthaber.com\/mavikadin\/wp-content\/uploads\/3821078_9b9a4c75fe44a5884f8284fe33eacc24.jpg\" alt=\"\" width=\"1208\" height=\"805\" title=\"\"><\/p>\n<hr \/>\n<p>A\u00e7elya Akkoyun ise K\u0131v\u0131lc\u0131m&#8217;\u0131n hamilelik s\u00fcresi boyunca yan\u0131nda yer alacak bir karakterle sevenlerinin kar\u015f\u0131s\u0131nda olacak. Nilg\u00fcn rol\u00fcyle daha \u015fimdiden ilgi g\u00f6ren A\u00e7elya Akkoyun, \u00f6nce bir doktor olarak diziye dahil olacak. Daha sonra zamanla K\u0131v\u0131lc\u0131m&#8217;la aralar\u0131nda dostane bir ili\u015fki ba\u015flayacak. Nilg\u00fcn&#8217;\u00fcn ge\u00e7mi\u015fi ve aile s\u0131rlar\u0131, K\u0131z\u0131lc\u0131k \u015eerbeti yeni b\u00f6l\u00fcmlerinde izleyiciyi ekrana kilitleyecek.<\/p>\n<p><img loading=\"lazy\" decoding=\"async\" class=\"alignnone wp-image-233061\" src=\"https:\/\/www.tgrthaber.com\/mavikadin\/wp-content\/uploads\/Sibel-Sisman-1200x801-1-300x200.jpg\" alt=\"\" width=\"1208\" height=\"806\" title=\"\" srcset=\"https:\/\/www.tgrthaber.com\/mavikadin\/wp-content\/uploads\/Sibel-Sisman-1200x801-1-300x200.jpg 300w, https:\/\/www.tgrthaber.com\/mavikadin\/wp-content\/uploads\/Sibel-Sisman-1200x801-1-1024x684.jpg 1024w, https:\/\/www.tgrthaber.com\/mavikadin\/wp-content\/uploads\/Sibel-Sisman-1200x801-1-768x513.jpg 768w, https:\/\/www.tgrthaber.com\/mavikadin\/wp-content\/uploads\/Sibel-Sisman-1200x801-1.jpg 1200w\" sizes=\"(max-width: 1208px) 100vw, 1208px\" \/><\/p>\n<hr \/>\n<p>K\u0131z\u0131lc\u0131k \u015eerbeti dizisine dahil olan Sibel \u015ei\u015fman ise Birsen rol\u00fcyle ekranlarda bulunacak. \u00dcnallar k\u00f6\u015fk\u00fcnde Birsen rol\u00fcn\u00fcn dahil olmas\u0131yla yepyeni bir d\u00f6nem ba\u015flayacak. Birsen&#8217;in k\u00f6\u015fke gelmesiyle ailenin t\u00fcm dengeleri sars\u0131lacak.<\/p>\n<p><img loading=\"lazy\" decoding=\"async\" class=\"alignnone wp-image-233056\" src=\"https:\/\/www.tgrthaber.com\/mavikadin\/wp-content\/uploads\/Serkan-Ayikoz-1536x1025-1-300x200.jpg\" alt=\"\" width=\"1208\" height=\"806\" title=\"\" srcset=\"https:\/\/www.tgrthaber.com\/mavikadin\/wp-content\/uploads\/Serkan-Ayikoz-1536x1025-1-300x200.jpg 300w, https:\/\/www.tgrthaber.com\/mavikadin\/wp-content\/uploads\/Serkan-Ayikoz-1536x1025-1-1024x683.jpg 1024w, https:\/\/www.tgrthaber.com\/mavikadin\/wp-content\/uploads\/Serkan-Ayikoz-1536x1025-1-768x513.jpg 768w, https:\/\/www.tgrthaber.com\/mavikadin\/wp-content\/uploads\/Serkan-Ayikoz-1536x1025-1.jpg 1536w\" sizes=\"(max-width: 1208px) 100vw, 1208px\" \/><\/p>\n<hr \/>\n<h3>KIZILCIK \u015eERBET\u0130 4. SEZON OYUNCULARI VE YAYIN TAR\u0130H\u0130 ARA\u015eTIRILIYOR<\/h3>\n<p>K\u0131z\u0131lc\u0131k \u015eerbeti yeni sezonda oyuncu kadrosuyla olduk\u00e7a dikkatleri \u00e7ekiyor. Dizinin kadrosunda Evrim Alasya, Bar\u0131\u015f K\u0131l\u0131\u00e7, S\u0131la T\u00fcrko\u011flu, Do\u011fukan G\u00fcng\u00f6r, Ceren Karako\u00e7, Ahmet M\u00fcmtaz Taylan, Aliye Uuznata\u011fan, Batuhan Bozkurt Y\u00fczg\u00fcle\u00e7 ve Emrah Alt\u0131ntoprak yer almaya devam ediyor.<\/p>\n<p><img loading=\"lazy\" decoding=\"async\" class=\"alignnone wp-image-233055\" src=\"https:\/\/www.tgrthaber.com\/mavikadin\/wp-content\/uploads\/3819835-59d31eb07909cbc940e4238c250979d3-640x640-1-300x169.webp\" alt=\"\" width=\"1208\" height=\"680\" title=\"\" srcset=\"https:\/\/www.tgrthaber.com\/mavikadin\/wp-content\/uploads\/3819835-59d31eb07909cbc940e4238c250979d3-640x640-1-300x169.webp 300w, https:\/\/www.tgrthaber.com\/mavikadin\/wp-content\/uploads\/3819835-59d31eb07909cbc940e4238c250979d3-640x640-1-1024x576.webp 1024w, https:\/\/www.tgrthaber.com\/mavikadin\/wp-content\/uploads\/3819835-59d31eb07909cbc940e4238c250979d3-640x640-1-768x432.webp 768w, https:\/\/www.tgrthaber.com\/mavikadin\/wp-content\/uploads\/3819835-59d31eb07909cbc940e4238c250979d3-640x640-1.webp 1280w\" sizes=\"(max-width: 1208px) 100vw, 1208px\" \/><\/p>\n<hr \/>\n<p>Bununla birlikte gen\u00e7 oyunculardan yeni sezonda Mert Karaku\u015f ve Ceylin \u00dcst\u00fcnda\u011f&#8217;da bulunuyor. Yeni sezona say\u0131l\u0131 g\u00fcnler kala ya\u015fanan bir di\u011fer \u00f6nemli detay ise Selin T\u00fcrkmen&#8217;in \u00c7imen karakteriyle yeniden diziye dahil olmas\u0131 oldu.<\/p>\n<p><img loading=\"lazy\" decoding=\"async\" class=\"alignnone wp-image-233057\" src=\"https:\/\/www.tgrthaber.com\/mavikadin\/wp-content\/uploads\/t25_kizilcik-serbeti-yeni-sez-456-300x169.webp\" alt=\"\" width=\"1208\" height=\"678\" title=\"\" srcset=\"https:\/\/www.tgrthaber.com\/mavikadin\/wp-content\/uploads\/t25_kizilcik-serbeti-yeni-sez-456-300x169.webp 300w, https:\/\/www.tgrthaber.com\/mavikadin\/wp-content\/uploads\/t25_kizilcik-serbeti-yeni-sez-456-1024x575.webp 1024w, https:\/\/www.tgrthaber.com\/mavikadin\/wp-content\/uploads\/t25_kizilcik-serbeti-yeni-sez-456-768x431.webp 768w, https:\/\/www.tgrthaber.com\/mavikadin\/wp-content\/uploads\/t25_kizilcik-serbeti-yeni-sez-456.webp 1200w\" sizes=\"(max-width: 1208px) 100vw, 1208px\" \/><\/p>\n<hr \/>\n<p>K\u0131z\u0131lc\u0131k \u015eerbeti \u00e7ok beklenen yeni sezona 12 Eyl\u00fcl Cuma saat 20:00&#8217;de giri\u015f yap\u0131yor. Y\u00f6netmen koltu\u011funda \u00d6zg\u00fcr Sevimli&#8217;nin oldu\u011fu K\u0131z\u0131lc\u0131k \u015eerbeti Show TV ekranlar\u0131nda olmak i\u00e7in geri say\u0131ma ge\u00e7ti.<\/p>\n","protected":false},"excerpt":{"rendered":"<p>Show TV ekranlar\u0131n\u0131n fenomen dizisi K\u0131z\u0131lc\u0131k \u015eerbeti, yeni sezon \u00f6ncesi kadrosuna katt\u0131\u011f\u0131 fla\u015f isimlerle g\u00fcndeme bomba gibi d\u00fc\u015ft\u00fc. Yeni sezonda ekranlarda g\u00f6rece\u011fimiz 4 g\u00fc\u00e7l\u00fc isim, diziye dair t\u00fcm heyecan\u0131 zirve yapm\u0131\u015f durumda. \u0130\u015fte K\u0131z\u0131lc\u0131k \u015eerbeti dizisine dahil olan 4 fla\u015f transfer listesi&#8230;<\/p>\n","protected":false},"author":35,"featured_media":233020,"comment_status":"closed","ping_status":"closed","sticky":false,"template":"","format":"standard","meta":{"rank_math_lock_modified_date":false,"footnotes":""},"categories":[602],"tags":[3602,61824,60546,61825,38294],"class_list":["post-233018","post","type-post","status-publish","format-standard","has-post-thumbnail","hentry","category-diziler","tag-diziler","tag-kiizlcik-serbeti","tag-kizilcik-serbeti-yeni-sezon","tag-kizilcik-serbetine-4-oyuncu","tag-show-tv-dizileri"],"_links":{"self":[{"href":"https:\/\/www.tgrthaber.com\/mavikadin\/wp-json\/wp\/v2\/posts\/233018"}],"collection":[{"href":"https:\/\/www.tgrthaber.com\/mavikadin\/wp-json\/wp\/v2\/posts"}],"about":[{"href":"https:\/\/www.tgrthaber.com\/mavikadin\/wp-json\/wp\/v2\/types\/post"}],"author":[{"embeddable":true,"href":"https:\/\/www.tgrthaber.com\/mavikadin\/wp-json\/wp\/v2\/users\/35"}],"replies":[{"embeddable":true,"href":"https:\/\/www.tgrthaber.com\/mavikadin\/wp-json\/wp\/v2\/comments?post=233018"}],"version-history":[{"count":3,"href":"https:\/\/www.tgrthaber.com\/mavikadin\/wp-json\/wp\/v2\/posts\/233018\/revisions"}],"predecessor-version":[{"id":233064,"href":"https:\/\/www.tgrthaber.com\/mavikadin\/wp-json\/wp\/v2\/posts\/233018\/revisions\/233064"}],"wp:featuredmedia":[{"embeddable":true,"href":"https:\/\/www.tgrthaber.com\/mavikadin\/wp-json\/wp\/v2\/media\/233020"}],"wp:attachment":[{"href":"https:\/\/www.tgrthaber.com\/mavikadin\/wp-json\/wp\/v2\/media?parent=233018"}],"wp:term":[{"taxonomy":"category","embeddable":true,"href":"https:\/\/www.tgrthaber.com\/mavikadin\/wp-json\/wp\/v2\/categories?post=233018"},{"taxonomy":"post_tag","embeddable":true,"href":"https:\/\/www.tgrthaber.com\/mavikadin\/wp-json\/wp\/v2\/tags?post=233018"}],"curies":[{"name":"wp","href":"https:\/\/api.w.org\/{rel}","templated":true}]}}