{"id":233019,"date":"2025-09-09T17:29:30","date_gmt":"2025-09-09T14:29:30","guid":{"rendered":"https:\/\/www.tgrthaber.com\/mavikadin\/?p=233019"},"modified":"2025-09-09T17:29:30","modified_gmt":"2025-09-09T14:29:30","slug":"asli-enver-ayna-dizisinin-kadrosuna-dahil-oldu-basarili-oyuncu-karakteri-ile-dikkatleri-uzerine-cekti","status":"publish","type":"post","link":"https:\/\/www.tgrthaber.com\/mavikadin\/asli-enver-ayna-dizisinin-kadrosuna-dahil-oldu-basarili-oyuncu-karakteri-ile-dikkatleri-uzerine-cekti\/","title":{"rendered":"Asl\u0131 Enver Ayna dizisinin kadrosuna dahil oldu! Ba\u015far\u0131l\u0131 oyuncu karakteri ile dikkatleri \u00fczerine \u00e7ekti"},"content":{"rendered":"<p>Ba\u015far\u0131l\u0131 oyuncu Asl\u0131 Enver, uzun bir aradan sonra ekranlara d\u00f6n\u00fcyor. Disney\u2019de yay\u0131nlanacak olan \u2018Ayna\u2019 dizi i\u00e7in el s\u0131k\u0131\u015fan Asl\u0131 Enver, \u2018Serra\u2019 rol\u00fc ile izleyici kar\u015f\u0131s\u0131na \u00e7\u0131kacak.<\/p>\n<h3>ASLI ENVER AYNA D\u0130Z\u0130S\u0130N\u0130N KADROSUNA DAH\u0130L OLDU!<\/h3>\n<p>Unutulmaz dizilerin ba\u015frol oyuncusu olan Asl\u0131 Enver, uzun s\u00fcredir ekranlardan uzak bir hayat ya\u015f\u0131yordu. Ancak, Birsen Altunta\u015f\u2019\u0131n haberine g\u00f6re, Asl\u0131 Enver dijital platforma yay\u0131nlanacak olan Ayna dizisi i\u00e7in anla\u015fmaya gitti.<\/p>\n<p><img loading=\"lazy\" decoding=\"async\" class=\"alignnone size-full wp-image-233022\" src=\"https:\/\/www.tgrthaber.com\/mavikadin\/wp-content\/uploads\/ARZU-2025-09-09T172743.599.jpg\" alt=\"Asl\u0131 Enver Ayna dizisinin kadrosuna dahil oldu! Ba\u015far\u0131l\u0131 oyuncu karakteri ile dikkatleri \u00fczerine \u00e7ekti\" width=\"1208\" height=\"680\" title=\"\" srcset=\"https:\/\/www.tgrthaber.com\/mavikadin\/wp-content\/uploads\/ARZU-2025-09-09T172743.599.jpg 1208w, https:\/\/www.tgrthaber.com\/mavikadin\/wp-content\/uploads\/ARZU-2025-09-09T172743.599-300x169.jpg 300w, https:\/\/www.tgrthaber.com\/mavikadin\/wp-content\/uploads\/ARZU-2025-09-09T172743.599-1024x576.jpg 1024w, https:\/\/www.tgrthaber.com\/mavikadin\/wp-content\/uploads\/ARZU-2025-09-09T172743.599-768x432.jpg 768w\" sizes=\"(max-width: 1208px) 100vw, 1208px\" \/><\/p>\n<hr \/>\n<p>Serkan Y\u00f6r\u00fck ve Ceylan G\u00fcle\u00e7\u2019in kaleme ald\u0131\u011f\u0131 diziyi ba\u015far\u0131l\u0131 isim H\u00fclya Gezer y\u00f6netecek. Asl\u0131 Enver, \u0130stanbullu Gelin, Kavak Yelleri ve Suskunlar dizileri gibi ba\u015far\u0131l\u0131 yap\u0131mlar ile ekranlara gelmi\u015fti.<\/p>\n<h3><img loading=\"lazy\" decoding=\"async\" class=\"alignnone size-full wp-image-233028\" src=\"https:\/\/www.tgrthaber.com\/mavikadin\/wp-content\/uploads\/ARZU-2025-09-09T172434.958.jpg\" alt=\"Asl\u0131 Enver Ayna dizisinin kadrosuna dahil oldu! Ba\u015far\u0131l\u0131 oyuncu karakteri ile dikkatleri \u00fczerine \u00e7ekti\" width=\"1208\" height=\"680\" title=\"\" srcset=\"https:\/\/www.tgrthaber.com\/mavikadin\/wp-content\/uploads\/ARZU-2025-09-09T172434.958.jpg 1208w, https:\/\/www.tgrthaber.com\/mavikadin\/wp-content\/uploads\/ARZU-2025-09-09T172434.958-300x169.jpg 300w, https:\/\/www.tgrthaber.com\/mavikadin\/wp-content\/uploads\/ARZU-2025-09-09T172434.958-1024x576.jpg 1024w, https:\/\/www.tgrthaber.com\/mavikadin\/wp-content\/uploads\/ARZU-2025-09-09T172434.958-768x432.jpg 768w\" sizes=\"(max-width: 1208px) 100vw, 1208px\" \/><\/h3>\n<hr \/>\n<h3>BA\u015eARILI OYUNCU KARAKTER\u0130 \u0130LE D\u0130KKATLER\u0130 \u00dcZER\u0130NE \u00c7EKT\u0130<\/h3>\n<p>Asl\u0131 Enver 8 b\u00f6l\u00fcmden olu\u015fan dizi de \u0130brahim \u00c7elikkol ile ba\u015frol\u00fc payla\u015facak. Avukat Sarp\u2019la evli olan Serra\u2019n\u0131n hayat\u0131n gitti sergide de\u011fi\u015fmesiyle hayatlar\u0131 de\u011fi\u015fecek. Diziyi heyecanl\u0131 bir \u015fekilde bekleyen izleyiciler Asl\u0131 Enver\u2019in oyunculu\u011fu i\u00e7in \u015fimdiden mutlular.<\/p>\n<p><img loading=\"lazy\" decoding=\"async\" class=\"alignnone size-full wp-image-233025\" src=\"https:\/\/www.tgrthaber.com\/mavikadin\/wp-content\/uploads\/ARZU-2025-09-09T172507.586.jpg\" alt=\"Asl\u0131 Enver Ayna dizisinin kadrosuna dahil oldu! Ba\u015far\u0131l\u0131 oyuncu karakteri ile dikkatleri \u00fczerine \u00e7ekti\" width=\"1208\" height=\"680\" title=\"\" srcset=\"https:\/\/www.tgrthaber.com\/mavikadin\/wp-content\/uploads\/ARZU-2025-09-09T172507.586.jpg 1208w, https:\/\/www.tgrthaber.com\/mavikadin\/wp-content\/uploads\/ARZU-2025-09-09T172507.586-300x169.jpg 300w, https:\/\/www.tgrthaber.com\/mavikadin\/wp-content\/uploads\/ARZU-2025-09-09T172507.586-1024x576.jpg 1024w, https:\/\/www.tgrthaber.com\/mavikadin\/wp-content\/uploads\/ARZU-2025-09-09T172507.586-768x432.jpg 768w\" sizes=\"(max-width: 1208px) 100vw, 1208px\" \/><\/p>\n<hr \/>\n<p>Ge\u00e7ti\u011fimiz haftalarda ilk etapta Burcu Biricik\u2019e teklif gitmi\u015f ancak \u015fartlar sa\u011flanamam\u0131\u015ft\u0131. Bu haberlerden sonra \u0130brahim \u00c7elikkol\u2019un rol arkada\u015f\u0131n\u0131n kim olaca\u011f\u0131 merak edilmi\u015fti. \u015eimdilerde Asl\u0131 Enver Ayna dizisi i\u00e7in el s\u0131k\u0131\u015ft\u0131.<\/p>\n<h3><img loading=\"lazy\" decoding=\"async\" class=\"alignnone size-full wp-image-233023\" src=\"https:\/\/www.tgrthaber.com\/mavikadin\/wp-content\/uploads\/ARZU-2025-09-09T172732.442.jpg\" alt=\"Asl\u0131 Enver Ayna dizisinin kadrosuna dahil oldu! Ba\u015far\u0131l\u0131 oyuncu karakteri ile dikkatleri \u00fczerine \u00e7ekti\" width=\"1208\" height=\"680\" title=\"\" srcset=\"https:\/\/www.tgrthaber.com\/mavikadin\/wp-content\/uploads\/ARZU-2025-09-09T172732.442.jpg 1208w, https:\/\/www.tgrthaber.com\/mavikadin\/wp-content\/uploads\/ARZU-2025-09-09T172732.442-300x169.jpg 300w, https:\/\/www.tgrthaber.com\/mavikadin\/wp-content\/uploads\/ARZU-2025-09-09T172732.442-1024x576.jpg 1024w, https:\/\/www.tgrthaber.com\/mavikadin\/wp-content\/uploads\/ARZU-2025-09-09T172732.442-768x432.jpg 768w\" sizes=\"(max-width: 1208px) 100vw, 1208px\" \/><\/h3>\n<hr \/>\n<h3>ASLI ENVER K\u0130MD\u0130R?<\/h3>\n<p>T\u00fcrk televizyon ve sinema d\u00fcnyas\u0131n\u0131n \u00f6nde gelen isimlerinden biri olan Asl\u0131 Enver, 10 May\u0131s 1984 y\u0131l\u0131nda Londra\u2019da d\u00fcnyaya geldi. Be\u015f ya\u015f\u0131na kadar \u0130ngiltere\u2019de ya\u015fayan Asl\u0131 Enver daha sonra ailesi ile T\u00fcrkiye\u2019ye d\u00f6nm\u00fc\u015ft\u00fcr.<\/p>\n<p><img loading=\"lazy\" decoding=\"async\" class=\"alignnone size-full wp-image-233024\" src=\"https:\/\/www.tgrthaber.com\/mavikadin\/wp-content\/uploads\/ARZU-2025-09-09T172519.254.jpg\" alt=\"Asl\u0131 Enver Ayna dizisinin kadrosuna dahil oldu! Ba\u015far\u0131l\u0131 oyuncu karakteri ile dikkatleri \u00fczerine \u00e7ekti\" width=\"1208\" height=\"680\" title=\"\" srcset=\"https:\/\/www.tgrthaber.com\/mavikadin\/wp-content\/uploads\/ARZU-2025-09-09T172519.254.jpg 1208w, https:\/\/www.tgrthaber.com\/mavikadin\/wp-content\/uploads\/ARZU-2025-09-09T172519.254-300x169.jpg 300w, https:\/\/www.tgrthaber.com\/mavikadin\/wp-content\/uploads\/ARZU-2025-09-09T172519.254-1024x576.jpg 1024w, https:\/\/www.tgrthaber.com\/mavikadin\/wp-content\/uploads\/ARZU-2025-09-09T172519.254-768x432.jpg 768w\" sizes=\"(max-width: 1208px) 100vw, 1208px\" \/><\/p>\n<hr \/>\n<p>\u0130lk ve orta \u00f6\u011frenimini burada tamamlayan Asl\u0131 Enver daha sonra sanata ilgi duymas\u0131yla kariyerinde ilk ad\u0131mlar\u0131 atm\u0131\u015ft\u0131r. Akademik anlamda e\u011fitimini \u0130stanbul Hali\u00e7 \u00dcniversitesi G\u00fczel Sanatlar Fak\u00fcltesi Tiyatro B\u00f6l\u00fcm\u00fc\u2019nden alm\u0131\u015ft\u0131r.<\/p>\n<p><img loading=\"lazy\" decoding=\"async\" class=\"alignnone size-full wp-image-233027\" src=\"https:\/\/www.tgrthaber.com\/mavikadin\/wp-content\/uploads\/ARZU-2025-09-09T172442.351.jpg\" alt=\"Asl\u0131 Enver Ayna dizisinin kadrosuna dahil oldu! Ba\u015far\u0131l\u0131 oyuncu karakteri ile dikkatleri \u00fczerine \u00e7ekti\" width=\"1208\" height=\"680\" title=\"\" srcset=\"https:\/\/www.tgrthaber.com\/mavikadin\/wp-content\/uploads\/ARZU-2025-09-09T172442.351.jpg 1208w, https:\/\/www.tgrthaber.com\/mavikadin\/wp-content\/uploads\/ARZU-2025-09-09T172442.351-300x169.jpg 300w, https:\/\/www.tgrthaber.com\/mavikadin\/wp-content\/uploads\/ARZU-2025-09-09T172442.351-1024x576.jpg 1024w, https:\/\/www.tgrthaber.com\/mavikadin\/wp-content\/uploads\/ARZU-2025-09-09T172442.351-768x432.jpg 768w\" sizes=\"(max-width: 1208px) 100vw, 1208px\" \/><\/p>\n<hr \/>\n<p>\u00d6\u011frencilik y\u0131llar\u0131nda k\u0131sa filmlerde rol alarak kamera kar\u015f\u0131s\u0131na \u00e7\u0131kan Asl\u0131 Enver, ilk b\u00fcy\u00fck \u00e7\u0131k\u0131\u015f\u0131n\u0131 \u2018Kavak Yelleri\u2019 dizisi ile yapm\u0131\u015ft\u0131r. D\u00f6rt sezon s\u00fcren yap\u0131m ile geni\u015f kitlelerce tan\u0131nm\u0131\u015ft\u0131r. Daha sonra \u0130stanbullu Gelin dizisi ile uluslararas\u0131 arena da ba\u015far\u0131lar da elde etmi\u015ftir.<\/p>\n","protected":false},"excerpt":{"rendered":"<p>\u00dcnl\u00fc oyuncu Asl\u0131 Enver, yeni projesi ile izleyici kar\u015f\u0131s\u0131na \u00e7\u0131kmaya haz\u0131rlan\u0131yor. Ba\u015far\u0131l\u0131 oyuncu O3 Medya\u2019n\u0131n Disney i\u00e7in \u00e7ekece\u011fi \u2018Ayna\u2019 dizisi ile anla\u015fmaya gitti.<\/p>\n","protected":false},"author":34,"featured_media":233026,"comment_status":"closed","ping_status":"closed","sticky":false,"template":"","format":"standard","meta":{"rank_math_lock_modified_date":false,"footnotes":""},"categories":[602],"tags":[2984,61821,3374,3602,133],"class_list":["post-233019","post","type-post","status-publish","format-standard","has-post-thumbnail","hentry","category-diziler","tag-asli-enver","tag-ayna-dizisi","tag-biyografi","tag-diziler","tag-magazin"],"_links":{"self":[{"href":"https:\/\/www.tgrthaber.com\/mavikadin\/wp-json\/wp\/v2\/posts\/233019"}],"collection":[{"href":"https:\/\/www.tgrthaber.com\/mavikadin\/wp-json\/wp\/v2\/posts"}],"about":[{"href":"https:\/\/www.tgrthaber.com\/mavikadin\/wp-json\/wp\/v2\/types\/post"}],"author":[{"embeddable":true,"href":"https:\/\/www.tgrthaber.com\/mavikadin\/wp-json\/wp\/v2\/users\/34"}],"replies":[{"embeddable":true,"href":"https:\/\/www.tgrthaber.com\/mavikadin\/wp-json\/wp\/v2\/comments?post=233019"}],"version-history":[{"count":2,"href":"https:\/\/www.tgrthaber.com\/mavikadin\/wp-json\/wp\/v2\/posts\/233019\/revisions"}],"predecessor-version":[{"id":233030,"href":"https:\/\/www.tgrthaber.com\/mavikadin\/wp-json\/wp\/v2\/posts\/233019\/revisions\/233030"}],"wp:featuredmedia":[{"embeddable":true,"href":"https:\/\/www.tgrthaber.com\/mavikadin\/wp-json\/wp\/v2\/media\/233026"}],"wp:attachment":[{"href":"https:\/\/www.tgrthaber.com\/mavikadin\/wp-json\/wp\/v2\/media?parent=233019"}],"wp:term":[{"taxonomy":"category","embeddable":true,"href":"https:\/\/www.tgrthaber.com\/mavikadin\/wp-json\/wp\/v2\/categories?post=233019"},{"taxonomy":"post_tag","embeddable":true,"href":"https:\/\/www.tgrthaber.com\/mavikadin\/wp-json\/wp\/v2\/tags?post=233019"}],"curies":[{"name":"wp","href":"https:\/\/api.w.org\/{rel}","templated":true}]}}