{"id":233095,"date":"2025-09-09T19:18:13","date_gmt":"2025-09-09T16:18:13","guid":{"rendered":"https:\/\/www.tgrthaber.com\/mavikadin\/?p=233095"},"modified":"2025-09-09T19:18:14","modified_gmt":"2025-09-09T16:18:14","slug":"sevinc-kiranli-kurulus-orhan-dizisinin-kadrosuna-dahil-oldu","status":"publish","type":"post","link":"https:\/\/www.tgrthaber.com\/mavikadin\/sevinc-kiranli-kurulus-orhan-dizisinin-kadrosuna-dahil-oldu\/","title":{"rendered":"Sevin\u00e7 K\u0131ranl\u0131 Kurulu\u015f Orhan dizisinin kadrosuna dahil oldu!"},"content":{"rendered":"<p class=\"p1\">Yeni sezona heyecanla haz\u0131rlanan Kurulu\u015f Osman dizisi Orhan Beyle d\u00f6n\u00fc\u015f yap\u0131yor.<span class=\"Apple-converted-space\">\u00a0 <\/span>20 Eyl\u00fcl\u2019de sete \u00e7\u0131kmas\u0131 planlanan dizinin oyuncu kadrosu geni\u015flemeye devam ediyor. Son olarak diziye ba\u015far\u0131l\u0131 oyuncu Sevin\u00e7 K\u0131ranl\u0131\u2019da dahil oldu. K\u0131ranl\u0131, dizide \u015eahin\u015fah\u2019\u0131n e\u015fi Didar\u2019\u0131 oynayacak.<\/p>\n<h3>SEV\u0130N\u00c7 KIRANLI KURULU\u015e ORHAN D\u0130Z\u0130S\u0130N\u0130N KADROSUNA DAH\u0130L OLDU<\/h3>\n<p class=\"p1\">Yeni sezona heyecanla haz\u0131rlanan <a href=\"https:\/\/www.tgrthaber.com\/mavikadin\/kurulus-osman-7-sezon-ne-zaman-kurulus-osman-yeni-sezonda-surpriz-gelisme\/\">Kurulu\u015f Osman<\/a>, Orhan bey rol\u00fcne Mert Yaz\u0131c\u0131o\u011flu ile devam etmeye karar verdi. &#8220;Kurulu\u015f Osman&#8221;\u0131n yap\u0131m \u015firketi Bozda\u011f Film Mert Yaz\u0131c\u0131o\u011flu\u2019nun ekibe dahil olu\u015funu \u015f\u00f6yle a\u00e7\u0131klam\u0131\u015ft\u0131:<span class=\"Apple-converted-space\">\u00a0 <\/span>Yeni d\u00f6nem ba\u015fl\u0131yor! Osman Bey o\u011flu Orhan Bey\u2019i Mert Yaz\u0131c\u0131o\u011flu canland\u0131racakt\u0131r, hay\u0131rl\u0131 u\u011furlu olsun.<\/p>\n<p><img loading=\"lazy\" decoding=\"async\" class=\"alignnone wp-image-233096 size-large\" src=\"https:\/\/www.tgrthaber.com\/mavikadin\/wp-content\/uploads\/Ekran-Resmi-2025-09-09-19.05.19-1024x575.png\" alt=\"\" width=\"1024\" height=\"575\" title=\"\" srcset=\"https:\/\/www.tgrthaber.com\/mavikadin\/wp-content\/uploads\/Ekran-Resmi-2025-09-09-19.05.19-1024x575.png 1024w, https:\/\/www.tgrthaber.com\/mavikadin\/wp-content\/uploads\/Ekran-Resmi-2025-09-09-19.05.19-300x168.png 300w, https:\/\/www.tgrthaber.com\/mavikadin\/wp-content\/uploads\/Ekran-Resmi-2025-09-09-19.05.19-768x431.png 768w, https:\/\/www.tgrthaber.com\/mavikadin\/wp-content\/uploads\/Ekran-Resmi-2025-09-09-19.05.19.png 1030w\" sizes=\"(max-width: 1024px) 100vw, 1024px\" \/><\/p>\n<hr \/>\n<p class=\"p1\">Ho\u015f geldin, Mert Yaz\u0131c\u0131o\u011flu!\u201d 20 Eyl\u00fcl\u2019de sete \u00e7\u0131kmas\u0131 planlanan dizi zengin oyuncu kadrosuyla dikkat \u00e7ekiyor. Dizide Osman Bey\u2019i Cihan \u00dcnal, Bennu Y\u0131ld\u0131r\u0131mlar Malhun Hatun\u2019\u0131, Bar\u0131\u015f Falay \u015eahin\u015fah Bey\u2019i, Burak Sergen Tekfur Saroz\u2019u oynayacak. Birsen Altunta\u015f\u2019\u0131n haberine g\u00f6re, son olarak diziye Sevin\u00e7 K\u0131ranl\u0131 kat\u0131ld\u0131. K\u0131ranl\u0131 dizide \u015eahin\u015fah\u2019\u0131n e\u015fi Didar\u2019\u0131 oynayacak.<\/p>\n<p><img loading=\"lazy\" decoding=\"async\" class=\"alignnone wp-image-233097 \" src=\"https:\/\/www.tgrthaber.com\/mavikadin\/wp-content\/uploads\/Ekran-Resmi-2025-09-09-19.04.32.png\" alt=\"\" width=\"995\" height=\"597\" title=\"\" srcset=\"https:\/\/www.tgrthaber.com\/mavikadin\/wp-content\/uploads\/Ekran-Resmi-2025-09-09-19.04.32.png 980w, https:\/\/www.tgrthaber.com\/mavikadin\/wp-content\/uploads\/Ekran-Resmi-2025-09-09-19.04.32-300x180.png 300w, https:\/\/www.tgrthaber.com\/mavikadin\/wp-content\/uploads\/Ekran-Resmi-2025-09-09-19.04.32-768x461.png 768w\" sizes=\"(max-width: 995px) 100vw, 995px\" \/><\/p>\n<hr \/>\n<h3>SEV\u0130N\u00c7 KIRANLI K\u0130MD\u0130R?<\/h3>\n<p class=\"p1\">Sevin\u00e7 G\u00fcr\u015fen K\u0131ranl\u0131 23 Ocak 1979 tarihinde \u0130stanbul\u2019da do\u011fmu\u015ftur. T\u00fcrk oyuncudur. \u0130stanbul \u00dcniversitesi Devlet Konservatuvar\u0131 Tiyatro b\u00f6l\u00fcm\u00fcnden mezun olmu\u015ftur. E\u015fk\u0131ya D\u00fcnyaya H\u00fck\u00fcmdar Olmaz adl\u0131 dizide Hatice karakterini oynayarak b\u00fcy\u00fck be\u011feni kazanm\u0131\u015ft\u0131r. Bu diziden sonra yine pek \u00e7ok dizide yer alm\u0131\u015f ba\u015far\u0131l\u0131 oyunculuk performans\u0131yla dikkatleri \u00fczerine \u00e7ekmi\u015ftir.<\/p>\n<p><img loading=\"lazy\" decoding=\"async\" class=\"alignnone wp-image-233098 \" src=\"https:\/\/www.tgrthaber.com\/mavikadin\/wp-content\/uploads\/Ekran-Resmi-2025-09-09-19.04.41.png\" alt=\"\" width=\"999\" height=\"631\" title=\"\" srcset=\"https:\/\/www.tgrthaber.com\/mavikadin\/wp-content\/uploads\/Ekran-Resmi-2025-09-09-19.04.41.png 982w, https:\/\/www.tgrthaber.com\/mavikadin\/wp-content\/uploads\/Ekran-Resmi-2025-09-09-19.04.41-300x189.png 300w, https:\/\/www.tgrthaber.com\/mavikadin\/wp-content\/uploads\/Ekran-Resmi-2025-09-09-19.04.41-768x485.png 768w\" sizes=\"(max-width: 999px) 100vw, 999px\" \/><\/p>\n<hr \/>\n<h3>SEV\u0130N\u00c7 KIRANLI HANG\u0130 D\u0130Z\u0130LERDE OYNADI?<\/h3>\n<p class=\"p1\">\u2022 E\u015fk\u0131ya D\u00fcnyaya H\u00fck\u00fcmdar Olmaz &#8211; Hatice Kalkandere (2015-)<\/p>\n<p class=\"p1\">\u2022 Ve \u0130nsan Aldand\u0131 &#8211; Feryal (2012)<\/p>\n<p class=\"p1\">\u2022 Doktorlar &#8211; Asl\u0131 (2011)<\/p>\n<p class=\"p1\">\u2022 G\u00fcm\u00fc\u015f &#8211; Bahar (2005-2007)<\/p>\n<p class=\"p1\">\u2022 Can\u0131m Annem &#8211; Deniz (2004)<\/p>\n<p><img loading=\"lazy\" decoding=\"async\" class=\"alignnone wp-image-233099 \" src=\"https:\/\/www.tgrthaber.com\/mavikadin\/wp-content\/uploads\/Ekran-Resmi-2025-09-09-19.04.23.png\" alt=\"\" width=\"1009\" height=\"621\" title=\"\" srcset=\"https:\/\/www.tgrthaber.com\/mavikadin\/wp-content\/uploads\/Ekran-Resmi-2025-09-09-19.04.23.png 972w, https:\/\/www.tgrthaber.com\/mavikadin\/wp-content\/uploads\/Ekran-Resmi-2025-09-09-19.04.23-300x185.png 300w, https:\/\/www.tgrthaber.com\/mavikadin\/wp-content\/uploads\/Ekran-Resmi-2025-09-09-19.04.23-768x472.png 768w\" sizes=\"(max-width: 1009px) 100vw, 1009px\" \/><\/p>\n<hr \/>\n<p class=\"p1\">\u2022 Metro Palas &#8211; Gaye (2004)<\/p>\n<p class=\"p1\">\u2022 Asl\u0131 ile Kerem (2002)<\/p>\n<p class=\"p1\">\u2022 Mihriban &#8211; Deniz (2002)<\/p>\n<p class=\"p1\">\u2022 Biz Size A\u015f\u0131k Olduk &#8211; Sinem (2002)<\/p>\n<p><img loading=\"lazy\" decoding=\"async\" class=\"alignnone wp-image-233100 \" src=\"https:\/\/www.tgrthaber.com\/mavikadin\/wp-content\/uploads\/Ekran-Resmi-2025-09-09-19.07.24.png\" alt=\"\" width=\"1000\" height=\"649\" title=\"\" srcset=\"https:\/\/www.tgrthaber.com\/mavikadin\/wp-content\/uploads\/Ekran-Resmi-2025-09-09-19.07.24.png 952w, https:\/\/www.tgrthaber.com\/mavikadin\/wp-content\/uploads\/Ekran-Resmi-2025-09-09-19.07.24-300x195.png 300w, https:\/\/www.tgrthaber.com\/mavikadin\/wp-content\/uploads\/Ekran-Resmi-2025-09-09-19.07.24-768x499.png 768w\" sizes=\"(max-width: 1000px) 100vw, 1000px\" \/><\/p>\n<hr \/>\n<p class=\"p1\">\u2022 Kuzenlerim &#8211; Asya (2002)<\/p>\n<p class=\"p1\">\u2022 Evdeki Yabanc\u0131 &#8211; Pelin (2000)<\/p>\n<p class=\"p1\">\u2022 G\u00fcnayd\u0131n \u0130stanbul Karde\u015f (1999)<\/p>\n<p class=\"p1\">\u2022 Demir Leblebi (1999)<\/p>\n<p class=\"p1\">\u2022 Ah Bir Zengin Olsam &#8211; Buket (1999)<\/p>\n<p><img loading=\"lazy\" decoding=\"async\" class=\"alignnone wp-image-233101 size-full\" src=\"https:\/\/www.tgrthaber.com\/mavikadin\/wp-content\/uploads\/Ekran-Resmi-2025-09-09-19.07.31.png\" alt=\"\" width=\"1004\" height=\"678\" title=\"\" srcset=\"https:\/\/www.tgrthaber.com\/mavikadin\/wp-content\/uploads\/Ekran-Resmi-2025-09-09-19.07.31.png 1004w, https:\/\/www.tgrthaber.com\/mavikadin\/wp-content\/uploads\/Ekran-Resmi-2025-09-09-19.07.31-300x203.png 300w, https:\/\/www.tgrthaber.com\/mavikadin\/wp-content\/uploads\/Ekran-Resmi-2025-09-09-19.07.31-768x519.png 768w\" sizes=\"(max-width: 1004px) 100vw, 1004px\" \/><\/p>\n<hr \/>\n<p class=\"p1\">\u2022 Y\u0131lan Hikayesi (1999)<\/p>\n<p class=\"p1\">\u2022 Ate\u015f Dans\u0131 &#8211; Bahar 1998<\/p>\n<p class=\"p1\">\u2022 Bask\u00fcl Ailesi (1997)<\/p>\n<p class=\"p1\">\u2022 Ruhsar (1997)<\/p>\n<p class=\"p1\">\u2022 Mahallenin Muhtarlar\u0131 (1992)<\/p>\n<p><img loading=\"lazy\" decoding=\"async\" class=\"alignnone wp-image-233102 \" src=\"https:\/\/www.tgrthaber.com\/mavikadin\/wp-content\/uploads\/Ekran-Resmi-2025-09-09-19.07.37.png\" alt=\"\" width=\"1002\" height=\"561\" title=\"\" srcset=\"https:\/\/www.tgrthaber.com\/mavikadin\/wp-content\/uploads\/Ekran-Resmi-2025-09-09-19.07.37.png 904w, https:\/\/www.tgrthaber.com\/mavikadin\/wp-content\/uploads\/Ekran-Resmi-2025-09-09-19.07.37-300x168.png 300w, https:\/\/www.tgrthaber.com\/mavikadin\/wp-content\/uploads\/Ekran-Resmi-2025-09-09-19.07.37-768x430.png 768w\" sizes=\"(max-width: 1002px) 100vw, 1002px\" \/><\/p>\n<hr \/>\n<p class=\"p1\">\u2022 \u00d6tesiz \u0130nsanlar-Rana (2013)<\/p>\n<p class=\"p1\">\u2022 \u00c7akallarla Dans (2010)<\/p>\n<p class=\"p1\">\u2022 Reaksiyon-Sedef Arslan (2014)<\/p>\n","protected":false},"excerpt":{"rendered":"<p>ATV&#8217;nin b\u00fcy\u00fck ilgiyle takip edilen dizisi Kurulu\u015f Osman 7. sezon i\u00e7in heyecan dorukta. Dizinin sevenleri Kurulu\u015f Osman yeni sezonunu heyecanla beklerken diziye kat\u0131lan yeni oyuncularda g\u00fcndem olmaya devam ediyor. Son olarak ba\u015far\u0131l\u0131 oyuncu Sevin\u00e7 K\u0131ranl\u0131 dizinin kadrosuna dahil oldu. Bak\u0131n hangi rol\u00fc oynayacak. \u0130\u015fte detaylar.. <\/p>\n","protected":false},"author":16,"featured_media":233105,"comment_status":"closed","ping_status":"closed","sticky":false,"template":"","format":"standard","meta":{"rank_math_lock_modified_date":false,"footnotes":""},"categories":[602],"tags":[32159,2628,61829,61830,61831],"class_list":["post-233095","post","type-post","status-publish","format-standard","has-post-thumbnail","hentry","category-diziler","tag-dizi","tag-dizi-haberleri","tag-kurulus-osman-didar-sevinc-kiranli","tag-sevinc-kiranli-kimdir","tag-sevinc-kiranli-kurulus-osman-kadrosunda"],"_links":{"self":[{"href":"https:\/\/www.tgrthaber.com\/mavikadin\/wp-json\/wp\/v2\/posts\/233095"}],"collection":[{"href":"https:\/\/www.tgrthaber.com\/mavikadin\/wp-json\/wp\/v2\/posts"}],"about":[{"href":"https:\/\/www.tgrthaber.com\/mavikadin\/wp-json\/wp\/v2\/types\/post"}],"author":[{"embeddable":true,"href":"https:\/\/www.tgrthaber.com\/mavikadin\/wp-json\/wp\/v2\/users\/16"}],"replies":[{"embeddable":true,"href":"https:\/\/www.tgrthaber.com\/mavikadin\/wp-json\/wp\/v2\/comments?post=233095"}],"version-history":[{"count":1,"href":"https:\/\/www.tgrthaber.com\/mavikadin\/wp-json\/wp\/v2\/posts\/233095\/revisions"}],"predecessor-version":[{"id":233107,"href":"https:\/\/www.tgrthaber.com\/mavikadin\/wp-json\/wp\/v2\/posts\/233095\/revisions\/233107"}],"wp:featuredmedia":[{"embeddable":true,"href":"https:\/\/www.tgrthaber.com\/mavikadin\/wp-json\/wp\/v2\/media\/233105"}],"wp:attachment":[{"href":"https:\/\/www.tgrthaber.com\/mavikadin\/wp-json\/wp\/v2\/media?parent=233095"}],"wp:term":[{"taxonomy":"category","embeddable":true,"href":"https:\/\/www.tgrthaber.com\/mavikadin\/wp-json\/wp\/v2\/categories?post=233095"},{"taxonomy":"post_tag","embeddable":true,"href":"https:\/\/www.tgrthaber.com\/mavikadin\/wp-json\/wp\/v2\/tags?post=233095"}],"curies":[{"name":"wp","href":"https:\/\/api.w.org\/{rel}","templated":true}]}}