{"id":233104,"date":"2025-09-09T19:46:33","date_gmt":"2025-09-09T16:46:33","guid":{"rendered":"https:\/\/www.tgrthaber.com\/mavikadin\/?p=233104"},"modified":"2025-09-09T19:46:33","modified_gmt":"2025-09-09T16:46:33","slug":"zuhal-topalla-yemekteyiz-gamze-kimdir-kac-yasinda-duygusal-aciklamalariyla-dikkat-cekti","status":"publish","type":"post","link":"https:\/\/www.tgrthaber.com\/mavikadin\/zuhal-topalla-yemekteyiz-gamze-kimdir-kac-yasinda-duygusal-aciklamalariyla-dikkat-cekti\/","title":{"rendered":"Zuhal Topal&#8217;la Yemekteyiz Gamze kimdir ka\u00e7 ya\u015f\u0131nda? Duygusal a\u00e7\u0131klamalar\u0131yla dikkat \u00e7ekti!"},"content":{"rendered":"<p>TV8 ekranlar\u0131n\u0131n vazge\u00e7ilmez yar\u0131\u015fma program\u0131 Yemekteyiz, bu haftada ad\u0131ndan s\u00f6z ettiriyor. 8- 12 Eyl\u00fcl haftas\u0131nda yar\u0131\u015fan 2. g\u00fcn yar\u0131\u015fmac\u0131s\u0131 Gamze Han\u0131m sosyal medyada ara\u015ft\u0131r\u0131l\u0131yor. Yar\u0131\u015fmaya kat\u0131lma amac\u0131n\u0131n k\u0131zlar\u0131 oldu\u011funu s\u00f6yleyen Gamze Han\u0131m yapt\u0131\u011f\u0131 duygusal a\u00e7\u0131klamalarla Yemekteyiz izleyicilerinin dikkatini \u00e7ekti. Peki Yemekteyiz Gamze Han\u0131m kimdir? Zuhal Topal&#8217;la Yemekteyiz Gamze ka\u00e7 ya\u015f\u0131nda ve ne i\u015f yap\u0131yor? \u0130\u015fte merak edilenler&#8230;<\/p>\n<h3>ZUHAL TOPAL&#8217;LA YEMEKTEY\u0130Z GAMZE K\u0130MD\u0130R KA\u00c7 YA\u015eINDA?<\/h3>\n<p>Zuhal Topal&#8217;la 2. g\u00fcn yar\u0131\u015fmac\u0131s\u0131 olan Gamze Han\u0131m Yemekteyiz program\u0131na olduk\u00e7a iddial\u0131 gelmi\u015f. Aslen Vanl\u0131 olan Gamze Han\u0131m, evli ve \u0130stanbul&#8217;da ya\u015f\u0131yor.<\/p>\n<p><img loading=\"lazy\" decoding=\"async\" class=\"alignnone wp-image-233114\" src=\"https:\/\/www.tgrthaber.com\/mavikadin\/wp-content\/uploads\/Ekran-goruntusu-2025-09-09-193959-300x173.png\" alt=\"\" width=\"1208\" height=\"696\" title=\"\" srcset=\"https:\/\/www.tgrthaber.com\/mavikadin\/wp-content\/uploads\/Ekran-goruntusu-2025-09-09-193959-300x173.png 300w, https:\/\/www.tgrthaber.com\/mavikadin\/wp-content\/uploads\/Ekran-goruntusu-2025-09-09-193959.png 736w\" sizes=\"(max-width: 1208px) 100vw, 1208px\" \/><\/p>\n<hr \/>\n<p>Yemekteyiz program\u0131nda dikkatleri \u00fczerine \u00e7eken Gamze Han\u0131m, 27 ya\u015f\u0131nda. Gamze Han\u0131m&#8217;\u0131n Nisan ve Emre ad\u0131nda 2 \u00e7ocu\u011fu bulunuyor. Yar\u0131\u015fmaya da \u00e7ocuklar\u0131 i\u00e7in kat\u0131ld\u0131\u011f\u0131n\u0131 dile getirdi.<\/p>\n<p><img loading=\"lazy\" decoding=\"async\" class=\"alignnone wp-image-233111\" src=\"https:\/\/www.tgrthaber.com\/mavikadin\/wp-content\/uploads\/Adsiz-tasarim-47-11-300x169.png\" alt=\"\" width=\"1208\" height=\"680\" title=\"\" srcset=\"https:\/\/www.tgrthaber.com\/mavikadin\/wp-content\/uploads\/Adsiz-tasarim-47-11-300x169.png 300w, https:\/\/www.tgrthaber.com\/mavikadin\/wp-content\/uploads\/Adsiz-tasarim-47-11-1024x576.png 1024w, https:\/\/www.tgrthaber.com\/mavikadin\/wp-content\/uploads\/Adsiz-tasarim-47-11-768x432.png 768w, https:\/\/www.tgrthaber.com\/mavikadin\/wp-content\/uploads\/Adsiz-tasarim-47-11-1536x864.png 1536w, https:\/\/www.tgrthaber.com\/mavikadin\/wp-content\/uploads\/Adsiz-tasarim-47-11.png 1920w\" sizes=\"(max-width: 1208px) 100vw, 1208px\" \/><\/p>\n<hr \/>\n<h3>DUYGUSAL A\u00c7IKLAMALARIYLA D\u0130KKAT \u00c7EKT\u0130<\/h3>\n<p>Gamze Han\u0131m yar\u0131\u015fmaya kat\u0131lma nedeninin \u00e7ocuklar\u0131 oldu\u011funu ifade etti. \u00d6d\u00fcl\u00fc kazan\u0131rsa \u00e7ocuklar\u0131n\u0131 uzun s\u00fcre hayalini kurduklar\u0131 tatile g\u00f6t\u00fcrece\u011fini belirten Gamze Han\u0131m o an g\u00f6zya\u015flar\u0131n\u0131 da tutamad\u0131.<\/p>\n<p><img loading=\"lazy\" decoding=\"async\" class=\"alignnone wp-image-233113\" src=\"https:\/\/www.tgrthaber.com\/mavikadin\/wp-content\/uploads\/Ekran-goruntusu-2025-09-09-193946-300x176.png\" alt=\"\" width=\"1208\" height=\"710\" title=\"\" srcset=\"https:\/\/www.tgrthaber.com\/mavikadin\/wp-content\/uploads\/Ekran-goruntusu-2025-09-09-193946-300x176.png 300w, https:\/\/www.tgrthaber.com\/mavikadin\/wp-content\/uploads\/Ekran-goruntusu-2025-09-09-193946.png 743w\" sizes=\"(max-width: 1208px) 100vw, 1208px\" \/><\/p>\n<hr \/>\n<p>&nbsp;<\/p>\n<p>Yemekteyiz Gamze Han\u0131m &#8216;Buraya \u00e7ocuklar\u0131m i\u00e7in geldim, imzam\u0131 ataca\u011f\u0131m ve b\u00fcy\u00fck \u00f6d\u00fcl\u00fc ben kazanaca\u011f\u0131m&#8217; diyerek yar\u0131\u015fmadaki iddias\u0131n\u0131 da ortaya koydu.<\/p>\n<p><img loading=\"lazy\" decoding=\"async\" class=\"alignnone wp-image-233112\" src=\"https:\/\/www.tgrthaber.com\/mavikadin\/wp-content\/uploads\/Ekran-goruntusu-2025-09-09-185528-300x167.png\" alt=\"\" width=\"1208\" height=\"673\" title=\"\" srcset=\"https:\/\/www.tgrthaber.com\/mavikadin\/wp-content\/uploads\/Ekran-goruntusu-2025-09-09-185528-300x167.png 300w, https:\/\/www.tgrthaber.com\/mavikadin\/wp-content\/uploads\/Ekran-goruntusu-2025-09-09-185528-768x428.png 768w, https:\/\/www.tgrthaber.com\/mavikadin\/wp-content\/uploads\/Ekran-goruntusu-2025-09-09-185528.png 801w\" sizes=\"(max-width: 1208px) 100vw, 1208px\" \/><\/p>\n<hr \/>\n<h3>YEMEKTEY\u0130Z GAMZE HANIM&#8217;IN MEN\u00dcS\u00dcNDE NELER VAR?<\/h3>\n<p>\u0130kinci g\u00fcn yar\u0131\u015fmac\u0131s\u0131 Gamze Kiak\u2019\u0131n men\u00fcs\u00fc olduk\u00e7a iddial\u0131yd\u0131:<\/p>\n<p>Yo\u011furtlu tavuklu yuvarlama \u00e7orbas\u0131<\/p>\n<p>Yo\u011furt e\u015fli\u011finde \u015f\u0131hl\u0131 mah\u015fi<\/p>\n<p><img loading=\"lazy\" decoding=\"async\" class=\"alignnone wp-image-233115\" src=\"https:\/\/www.tgrthaber.com\/mavikadin\/wp-content\/uploads\/Ekran-goruntusu-2025-09-09-194012-300x175.png\" alt=\"\" width=\"1208\" height=\"706\" title=\"\" srcset=\"https:\/\/www.tgrthaber.com\/mavikadin\/wp-content\/uploads\/Ekran-goruntusu-2025-09-09-194012-300x175.png 300w, https:\/\/www.tgrthaber.com\/mavikadin\/wp-content\/uploads\/Ekran-goruntusu-2025-09-09-194012.png 749w\" sizes=\"(max-width: 1208px) 100vw, 1208px\" \/><\/p>\n<hr \/>\n<p>Dubai \u00e7ikolatal\u0131 cheesecake<\/p>\n<p>Ezmeli kebab\u0131 \u00fcst\u00fcnde el a\u00e7mas\u0131 yufka ve f\u0131st\u0131kl\u0131 firik pilav\u0131<\/p>\n<p>Semizotlu salata<\/p>\n<p><img loading=\"lazy\" decoding=\"async\" class=\"alignnone wp-image-233116\" src=\"https:\/\/www.tgrthaber.com\/mavikadin\/wp-content\/uploads\/Ekran-goruntusu-2025-09-09-194029-300x175.png\" alt=\"\" width=\"1208\" height=\"706\" title=\"\" srcset=\"https:\/\/www.tgrthaber.com\/mavikadin\/wp-content\/uploads\/Ekran-goruntusu-2025-09-09-194029-300x175.png 300w, https:\/\/www.tgrthaber.com\/mavikadin\/wp-content\/uploads\/Ekran-goruntusu-2025-09-09-194029.png 755w\" sizes=\"(max-width: 1208px) 100vw, 1208px\" \/><\/p>\n<hr \/>\n<h3>ZUHAL TOPAL YEMEKTEY\u0130Z&#8217;DE B\u00dcY\u00dcK \u00d6D\u00dcL HEYECANI<\/h3>\n<p>TV8&#8217;in her sezon be\u011fenilerek izlenilen program\u0131 Zuhal Topal&#8217;la Yemekteyiz&#8217;de b\u00fcy\u00fck \u00f6d\u00fcl art\u0131k 200 bin TL! Ge\u00e7en sezonlarda her Cuma Yemekteyiz kazanan\u0131na verilen 150 bin TL&#8217;lik b\u00fcy\u00fck \u00f6d\u00fcl, yeni sezon itibar\u0131yla 200 bin TL olarak belirlendi.<\/p>\n<p>Programda ya\u015fanan bu de\u011fi\u015fiklikle beraber, heyecan da daha artm\u0131\u015f durumda. Hafta i\u00e7i her g\u00fcn 5 farkl\u0131 yar\u0131\u015fmac\u0131 kendi g\u00fcn\u00fcnde Yemekteyiz mutfa\u011f\u0131na girerken, Cuma g\u00fcn\u00fc yap\u0131lan puan oylamas\u0131yla, birincili\u011fi kazanan b\u00fcy\u00fck \u00f6d\u00fcl\u00fcn de sahibi oluyor.<\/p>\n","protected":false},"excerpt":{"rendered":"<p>Zuhal Topal&#8217;la Yemekteyiz&#8217;in 8 ila 12 Eyl\u00fcl haftas\u0131nda yar\u0131\u015fan Gamze Han\u0131m, hem men\u00fcs\u00fcyle hem de duygusal a\u00e7\u0131klamalar\u0131yla dikkat \u00e7ekti. Peki Zuhal Topal&#8217;la Yemekteyiz Gamze kimdir, ka\u00e7 ya\u015f\u0131nda? Yemekteyiz 2. g\u00fcn yar\u0131\u015fmac\u0131s\u0131 Gamze Han\u0131m ne i\u015f yap\u0131yor? \u0130\u015fte detaylar&#8230;<\/p>\n","protected":false},"author":35,"featured_media":233108,"comment_status":"closed","ping_status":"closed","sticky":false,"template":"","format":"standard","meta":{"rank_math_lock_modified_date":false,"footnotes":""},"categories":[491],"tags":[3374,8465,61771,61833,61832],"class_list":["post-233104","post","type-post","status-publish","format-standard","has-post-thumbnail","hentry","category-biyografi","tag-biyografi","tag-yemekteyiz","tag-yemekteyiz-8-12-eylul-2025","tag-yemekteyiz-gamze-kac-yasinda","tag-yemekteyiz-gamze-kimdir"],"_links":{"self":[{"href":"https:\/\/www.tgrthaber.com\/mavikadin\/wp-json\/wp\/v2\/posts\/233104"}],"collection":[{"href":"https:\/\/www.tgrthaber.com\/mavikadin\/wp-json\/wp\/v2\/posts"}],"about":[{"href":"https:\/\/www.tgrthaber.com\/mavikadin\/wp-json\/wp\/v2\/types\/post"}],"author":[{"embeddable":true,"href":"https:\/\/www.tgrthaber.com\/mavikadin\/wp-json\/wp\/v2\/users\/35"}],"replies":[{"embeddable":true,"href":"https:\/\/www.tgrthaber.com\/mavikadin\/wp-json\/wp\/v2\/comments?post=233104"}],"version-history":[{"count":2,"href":"https:\/\/www.tgrthaber.com\/mavikadin\/wp-json\/wp\/v2\/posts\/233104\/revisions"}],"predecessor-version":[{"id":233118,"href":"https:\/\/www.tgrthaber.com\/mavikadin\/wp-json\/wp\/v2\/posts\/233104\/revisions\/233118"}],"wp:featuredmedia":[{"embeddable":true,"href":"https:\/\/www.tgrthaber.com\/mavikadin\/wp-json\/wp\/v2\/media\/233108"}],"wp:attachment":[{"href":"https:\/\/www.tgrthaber.com\/mavikadin\/wp-json\/wp\/v2\/media?parent=233104"}],"wp:term":[{"taxonomy":"category","embeddable":true,"href":"https:\/\/www.tgrthaber.com\/mavikadin\/wp-json\/wp\/v2\/categories?post=233104"},{"taxonomy":"post_tag","embeddable":true,"href":"https:\/\/www.tgrthaber.com\/mavikadin\/wp-json\/wp\/v2\/tags?post=233104"}],"curies":[{"name":"wp","href":"https:\/\/api.w.org\/{rel}","templated":true}]}}