{"id":233110,"date":"2025-09-09T19:54:58","date_gmt":"2025-09-09T16:54:58","guid":{"rendered":"https:\/\/www.tgrthaber.com\/mavikadin\/?p=233110"},"modified":"2025-09-09T19:59:46","modified_gmt":"2025-09-09T16:59:46","slug":"arka-sokaklar-kadrosuna-katilan-sarp-levendoglundan-dikkat-ceken-istanbul-cikisi","status":"publish","type":"post","link":"https:\/\/www.tgrthaber.com\/mavikadin\/arka-sokaklar-kadrosuna-katilan-sarp-levendoglundan-dikkat-ceken-istanbul-cikisi\/","title":{"rendered":"Arka Sokaklar kadrosuna kat\u0131lan Sarp Levendo\u011flu\u2019ndan dikkat \u00e7eken \u0130stanbul \u00e7\u0131k\u0131\u015f\u0131!"},"content":{"rendered":"<p class=\"p1\">\u201cEmret Komutan\u0131m\u201d, \u201cSava\u015f\u00e7\u0131\u201d, \u201cO \u015eimdi Asker\u201d, \u201cSakarya F\u0131rat\u201d ve \u201cTe\u015fkilat\u201d gibi yap\u0131mlarda asker ya da polisi oynayan Sarp Levendo\u011flu\u2019nun yeni projesi belli oldu. Arka Sokaklar dizisinde<span class=\"Apple-converted-space\">\u00a0 <\/span>\u201cBozo\u201d lakapl\u0131 komiser ile izleyici kar\u015f\u0131s\u0131na \u00e7\u0131kakacak olan yak\u0131\u015f\u0131kl\u0131 oyuncunun \u0130stanbul ile ilgili a\u00e7\u0131klamalar\u0131 dikkate \u00e7ekti. Sekiz y\u0131l \u00f6nce Dat\u00e7a\u2019ya yerle\u015fen \u00fcnl\u00fc oyuncu bak\u0131n neler s\u00f6yledi!<\/p>\n<h3>ARKA SOKAKLAR KADROSUNA KATILAN SARP LEVENDO\u011eLU&#8217;NDAN D\u0130KKAT \u00c7EKEN \u0130STANBUL \u00c7IKI\u015eI<\/h3>\n<p class=\"p1\">Rol ald\u0131\u011f\u0131 film ve dizilerde g\u00f6sterdi\u011fi ba\u015far\u0131l\u0131 oyunculuk performans\u0131 ile dikkatleri \u00fczerine \u00e7eken <a href=\"https:\/\/www.tgrthaber.com\/mavikadin\/datcaya-yerlesen-sarp-levendoglu-yasam-felsefesini-anlatti-sehri-terk-edip-koyde-yasam-kurdu\/\">Sarp Levendo\u011flu\u2019<\/a>nun yeni projesi Arka Sokaklar oldu. \u015eimdiye kadar oynad\u0131\u011f\u0131 dizi ve filmlerde asker ya da polisi oynayarak b\u00fcy\u00fck be\u011feni toplayan ba\u015far\u0131l\u0131 oyuncu bu sefer Arka Sokaklar dizisinde Boz lakapl\u0131 komiser rol\u00fcyle izleyici kar\u015f\u0131s\u0131na \u00e7\u0131kacak.<\/p>\n<p><img loading=\"lazy\" decoding=\"async\" class=\"alignnone wp-image-233119 \" src=\"https:\/\/www.tgrthaber.com\/mavikadin\/wp-content\/uploads\/Ekran-Resmi-2025-09-09-19.48.51.png\" alt=\"\" width=\"1003\" height=\"617\" title=\"\" srcset=\"https:\/\/www.tgrthaber.com\/mavikadin\/wp-content\/uploads\/Ekran-Resmi-2025-09-09-19.48.51.png 962w, https:\/\/www.tgrthaber.com\/mavikadin\/wp-content\/uploads\/Ekran-Resmi-2025-09-09-19.48.51-300x185.png 300w, https:\/\/www.tgrthaber.com\/mavikadin\/wp-content\/uploads\/Ekran-Resmi-2025-09-09-19.48.51-768x473.png 768w\" sizes=\"(max-width: 1003px) 100vw, 1003px\" \/><\/p>\n<hr \/>\n<p class=\"p1\">Ge\u00e7ti\u011fimiz g\u00fcnlerde bas\u0131n mensuplar\u0131yla sohbet eden Sarp Levendo\u011flu\u2019nun \u0130stanbul \u00e7\u0131k\u0131\u015f\u0131 dikkat \u00e7ekti. Sekiz y\u0131l \u00f6nce Dat\u00e7a\u2019ya yerle\u015fip, ikametgah\u0131n\u0131 oraya alan oyuncu, \u2018Art\u0131k \u0130stanbul Benim i\u00e7in gurbet oldu, keyif alam\u0131yorum. Ama i\u015fimiz var. Gelip \u00e7al\u0131\u015f\u0131yoruz. Dat\u00e7a\u2019y\u0131 \u00e7ok \u00f6zledim. Ke\u015fke orda \u00e7al\u0131\u015fabilsem.&#8217; a\u00e7\u0131klamas\u0131yla g\u00fcndem oldu.<\/p>\n<p><img loading=\"lazy\" decoding=\"async\" class=\"alignnone wp-image-233120 \" src=\"https:\/\/www.tgrthaber.com\/mavikadin\/wp-content\/uploads\/Ekran-Resmi-2025-09-09-19.48.56.png\" alt=\"\" width=\"995\" height=\"627\" title=\"\" srcset=\"https:\/\/www.tgrthaber.com\/mavikadin\/wp-content\/uploads\/Ekran-Resmi-2025-09-09-19.48.56.png 978w, https:\/\/www.tgrthaber.com\/mavikadin\/wp-content\/uploads\/Ekran-Resmi-2025-09-09-19.48.56-300x189.png 300w, https:\/\/www.tgrthaber.com\/mavikadin\/wp-content\/uploads\/Ekran-Resmi-2025-09-09-19.48.56-768x484.png 768w\" sizes=\"(max-width: 995px) 100vw, 995px\" \/><\/p>\n<hr \/>\n<h3>SARP LEVENDO\u011eLU K\u0130MD\u0130R?<\/h3>\n<p class=\"p1\">Sarp Levendo\u011flu 1981 y\u0131l\u0131nda Ankara\u2019da d\u00fcnyaya gelmi\u015ftir.<span class=\"Apple-converted-space\">\u00a0 <\/span>Ortaokula Kadr Ankara\u2019da ya\u015fayan oyuncu ortaokul bittikten sonra \u0130stanbul\u2019a yerle\u015fmi\u015ftir. \u0130stanbul&#8217;da Saint Beniot Lisesi\u2019ne kay\u0131t olan Sarp Levendo\u011flu, buradaki e\u011fitimini tamaland\u0131ktan sonra oyunculukla ilgilenmeye ba\u015flam\u0131\u015ft\u0131r. Lise y\u0131llar\u0131nda tiyatroya ba\u015flayan isim liseyi bitirdikten sonra \u00fcniversitede<span class=\"Apple-converted-space\">\u00a0 <\/span>G\u00f6rsel \u0130leti\u015fim Tasar\u0131m B\u00f6l\u00fcm\u00fc\u2019n\u00fc okumu\u015ftur.<\/p>\n<p><img loading=\"lazy\" decoding=\"async\" class=\"alignnone wp-image-233121 size-full\" src=\"https:\/\/www.tgrthaber.com\/mavikadin\/wp-content\/uploads\/Ekran-Resmi-2025-09-09-19.49.01.png\" alt=\"\" width=\"990\" height=\"600\" title=\"\" srcset=\"https:\/\/www.tgrthaber.com\/mavikadin\/wp-content\/uploads\/Ekran-Resmi-2025-09-09-19.49.01.png 990w, https:\/\/www.tgrthaber.com\/mavikadin\/wp-content\/uploads\/Ekran-Resmi-2025-09-09-19.49.01-300x182.png 300w, https:\/\/www.tgrthaber.com\/mavikadin\/wp-content\/uploads\/Ekran-Resmi-2025-09-09-19.49.01-768x465.png 768w\" sizes=\"(max-width: 990px) 100vw, 990px\" \/><\/p>\n<hr \/>\n<p class=\"p1\">Fakat b\u00f6l\u00fcm\u00fcn\u00fc sevmeyince<span class=\"Apple-converted-space\">\u00a0 <\/span>K\u00fclt\u00fcr \u00dcniversitesi oyunculuk b\u00f6l\u00fcm\u00fcne girmi\u015f ve buradan mezun olmu\u015ftur. Mustafa Alt\u0131oklar\u0131n ye\u011feni olan Sarp Levendo\u011flu, ilk televizyon deneyimini Gece G\u00fcnd\u00fcz dizisinde kazanm\u0131\u015ft\u0131r. Burada g\u00f6sterdi\u011fi performansla dikkat \u00e7eken isim bu diziden sonra pek \u00e7ok dizide rol alm\u0131\u015f ve ekranlar\u0131n aranan y\u00fcz\u00fc haline gelmi\u015ftir.<\/p>\n<p><img loading=\"lazy\" decoding=\"async\" class=\"alignnone wp-image-233122 size-full\" src=\"https:\/\/www.tgrthaber.com\/mavikadin\/wp-content\/uploads\/Ekran-Resmi-2025-09-09-19.49.07.png\" alt=\"\" width=\"990\" height=\"566\" title=\"\" srcset=\"https:\/\/www.tgrthaber.com\/mavikadin\/wp-content\/uploads\/Ekran-Resmi-2025-09-09-19.49.07.png 990w, https:\/\/www.tgrthaber.com\/mavikadin\/wp-content\/uploads\/Ekran-Resmi-2025-09-09-19.49.07-300x172.png 300w, https:\/\/www.tgrthaber.com\/mavikadin\/wp-content\/uploads\/Ekran-Resmi-2025-09-09-19.49.07-768x439.png 768w\" sizes=\"(max-width: 990px) 100vw, 990px\" \/><\/p>\n<hr \/>\n<h3>SARP LEVENDO\u011eLU HANG\u0130 D\u0130Z\u0130LERDE OYNADI?<\/h3>\n<p class=\"p1\">K\u00fc\u00e7\u00fck A\u011fa (Ali)<\/p>\n<p class=\"p1\">B\u00f6yle Bitmesin (Serkan)<\/p>\n<p class=\"p1\">Galip Dervi\u015f (Hilmi \u00c7al\u0131\u015f\u0131r)<\/p>\n<p class=\"p1\">Sakarya F\u0131rat (Altan Batur)<\/p>\n<p class=\"p1\">Mor Menek\u015feler (Kabaday\u0131 Arif)<\/p>\n<p class=\"p1\">Kalp A\u011fr\u0131s\u0131 (Hasan)<\/p>\n<p class=\"p1\">Kirli Beyaz (Yekta)<\/p>\n<p><img loading=\"lazy\" decoding=\"async\" class=\"alignnone wp-image-233123 size-full\" src=\"https:\/\/www.tgrthaber.com\/mavikadin\/wp-content\/uploads\/Ekran-Resmi-2025-09-09-19.49.13.png\" alt=\"\" width=\"994\" height=\"576\" title=\"\" srcset=\"https:\/\/www.tgrthaber.com\/mavikadin\/wp-content\/uploads\/Ekran-Resmi-2025-09-09-19.49.13.png 994w, https:\/\/www.tgrthaber.com\/mavikadin\/wp-content\/uploads\/Ekran-Resmi-2025-09-09-19.49.13-300x174.png 300w, https:\/\/www.tgrthaber.com\/mavikadin\/wp-content\/uploads\/Ekran-Resmi-2025-09-09-19.49.13-768x445.png 768w\" sizes=\"(max-width: 994px) 100vw, 994px\" \/><\/p>\n<hr \/>\n<p class=\"p1\">Alt\u0131n K\u0131zlar<\/p>\n<p class=\"p1\">Uygun Ad\u0131m A\u015fk (Ayn\u0131 zamanda y\u00f6netmen)<\/p>\n<p class=\"p1\">Gece G\u00fcnd\u00fcz (Aslan Aydemir) (Ayn\u0131 zamanda y\u00f6netmen)<\/p>\n<p class=\"p1\">Yasak Elma<\/p>\n<p class=\"p1\">Zeliha\u2019n\u0131n G\u00f6zleri (Rehan)<\/p>\n<p><img loading=\"lazy\" decoding=\"async\" class=\"alignnone wp-image-233126 size-full\" src=\"https:\/\/www.tgrthaber.com\/mavikadin\/wp-content\/uploads\/Ekran-Resmi-2025-09-09-19.49.24.png\" alt=\"\" width=\"1018\" height=\"600\" title=\"\" srcset=\"https:\/\/www.tgrthaber.com\/mavikadin\/wp-content\/uploads\/Ekran-Resmi-2025-09-09-19.49.24.png 1018w, https:\/\/www.tgrthaber.com\/mavikadin\/wp-content\/uploads\/Ekran-Resmi-2025-09-09-19.49.24-300x177.png 300w, https:\/\/www.tgrthaber.com\/mavikadin\/wp-content\/uploads\/Ekran-Resmi-2025-09-09-19.49.24-768x453.png 768w\" sizes=\"(max-width: 1018px) 100vw, 1018px\" \/><\/p>\n<hr \/>\n<p class=\"p1\">Emret Komutan\u0131m (Levent) (Ayn\u0131 zamanda y\u00f6netmen)<\/p>\n<p class=\"p1\">\u00c7\u0131naralt\u0131 (\u0130brahim)<\/p>\n<p class=\"p1\">Lise Defteri (Mehmet)<\/p>\n<p class=\"p1\">Emret Komutan\u0131m \u015eah Mat \/ film (Levent)<\/p>\n<p class=\"p1\">O \u015eimdi Asker (yunan asker)<\/p>\n<p>&nbsp;<\/p>\n","protected":false},"excerpt":{"rendered":"<p>Rol ald\u0131\u011f\u0131 film ve dizilerde g\u00f6sterdi\u011fi ba\u015far\u0131l\u0131 oyunculukla ad\u0131ndan s\u00f6z ettiren Sarp Levendo\u011flu son olarak Arka Sokaklar dizisinin kadrosuna dahil olmu\u015ftu. 8 y\u0131l \u00f6nce ikametgah\u0131n\u0131 Dat\u00e7a&#8217;ya ald\u0131ran \u00fcnl\u00fc oyuncunun \u0130stanbul i\u00e7in s\u00f6yledikleri dikkat \u00e7ekti. <\/p>\n","protected":false},"author":16,"featured_media":233127,"comment_status":"closed","ping_status":"closed","sticky":false,"template":"","format":"standard","meta":{"rank_math_lock_modified_date":false,"footnotes":""},"categories":[76],"tags":[61834,61835,133,2218,61836],"class_list":["post-233110","post","type-post","status-publish","format-standard","has-post-thumbnail","hentry","category-magazin","tag-arka-sokaklar-sarp-levendoglu-istanbul-itirafi","tag-arka-sokalar-sarp-levendoglu-istanbul-aciklamasi","tag-magazin","tag-magazin-haberleri","tag-sarp-levendoglu-kimdir"],"_links":{"self":[{"href":"https:\/\/www.tgrthaber.com\/mavikadin\/wp-json\/wp\/v2\/posts\/233110"}],"collection":[{"href":"https:\/\/www.tgrthaber.com\/mavikadin\/wp-json\/wp\/v2\/posts"}],"about":[{"href":"https:\/\/www.tgrthaber.com\/mavikadin\/wp-json\/wp\/v2\/types\/post"}],"author":[{"embeddable":true,"href":"https:\/\/www.tgrthaber.com\/mavikadin\/wp-json\/wp\/v2\/users\/16"}],"replies":[{"embeddable":true,"href":"https:\/\/www.tgrthaber.com\/mavikadin\/wp-json\/wp\/v2\/comments?post=233110"}],"version-history":[{"count":2,"href":"https:\/\/www.tgrthaber.com\/mavikadin\/wp-json\/wp\/v2\/posts\/233110\/revisions"}],"predecessor-version":[{"id":233129,"href":"https:\/\/www.tgrthaber.com\/mavikadin\/wp-json\/wp\/v2\/posts\/233110\/revisions\/233129"}],"wp:featuredmedia":[{"embeddable":true,"href":"https:\/\/www.tgrthaber.com\/mavikadin\/wp-json\/wp\/v2\/media\/233127"}],"wp:attachment":[{"href":"https:\/\/www.tgrthaber.com\/mavikadin\/wp-json\/wp\/v2\/media?parent=233110"}],"wp:term":[{"taxonomy":"category","embeddable":true,"href":"https:\/\/www.tgrthaber.com\/mavikadin\/wp-json\/wp\/v2\/categories?post=233110"},{"taxonomy":"post_tag","embeddable":true,"href":"https:\/\/www.tgrthaber.com\/mavikadin\/wp-json\/wp\/v2\/tags?post=233110"}],"curies":[{"name":"wp","href":"https:\/\/api.w.org\/{rel}","templated":true}]}}