{"id":233189,"date":"2025-09-09T21:30:52","date_gmt":"2025-09-09T18:30:52","guid":{"rendered":"https:\/\/www.tgrthaber.com\/mavikadin\/?p=233189"},"modified":"2025-09-09T21:32:46","modified_gmt":"2025-09-09T18:32:46","slug":"kizilcik-serbeti-104-bolum-2-fragman-yayinlandi-doganin-gorustugu-kisi-firaz-mi","status":"publish","type":"post","link":"https:\/\/www.tgrthaber.com\/mavikadin\/kizilcik-serbeti-104-bolum-2-fragman-yayinlandi-doganin-gorustugu-kisi-firaz-mi\/","title":{"rendered":"K\u0131z\u0131lc\u0131k \u015eerbeti 104. B\u00f6l\u00fcm 2 fragman yay\u0131nland\u0131! Do\u011fa\u2019n\u0131n g\u00f6r\u00fc\u015ft\u00fc\u011f\u00fc ki\u015fi Firaz m\u0131?"},"content":{"rendered":"<p>Show Tv\u2019nin fenomen yap\u0131m\u0131 K\u0131z\u0131lc\u0131k \u015eerbeti dizisi 4. Sezona bomba gibi geliyor. Hikaye kald\u0131\u011f\u0131 yerden devam ederken, olaylar daha da i\u015ften \u00e7\u0131k\u0131lmaz bir hal ald\u0131\u011f\u0131 g\u00f6r\u00fcl\u00fcyor. Do\u011fa\u2019n\u0131n Fatih\u2019ten bo\u015fan\u0131p ba\u015fkas\u0131n\u0131n d\u00fc\u015f\u00fcnmesi, I\u015f\u0131l\u2019\u0131n Abdullah Bey\u2019den habersiz ba\u015fkas\u0131 ile olmas\u0131, \u00d6mer ve K\u0131v\u0131lc\u0131m aras\u0131nda gerilen ipler ve daha bir\u00e7ok olay bu sezon r\u00fczgar gibi estirecek. Peki, K\u0131z\u0131lc\u0131k \u015eerbeti 104. B\u00f6l\u00fcmde neler olacak?<\/p>\n<h3>KIZILCIK \u015eERBET\u0130 104. B\u00d6L\u00dcM 2. FRAGMAN YAYINLANDI<\/h3>\n<p>Senaryosunu Melis Civelek ve Zeynep G\u00fcr\u2019\u00fcn, y\u00f6netmenli\u011fini Ayd\u0131n Bulut\u2019un \u00fcstlendi\u011fi K\u0131z\u0131lc\u0131k \u015eerbeti dizisi yeni b\u00f6l\u00fcm\u00fc ile bomba etkisi olu\u015fturacak. Mustafa\u2019n\u0131n b\u0131rakt\u0131\u011f\u0131 en kaz ile birlikte aile birbirine d\u00fc\u015fman olacak. \u0130zlerken izleyiciyi \u015fa\u015fk\u0131na \u00e7evirecek olaylar ya\u015fanacak.<\/p>\n<p><strong>\u0130\u015fte K\u0131z\u0131lc\u0131k \u015eerbeti 104. B\u00f6l\u00fcm 2. Fragman:<\/strong><\/p>\n<div style=\"width: 640px;\" class=\"wp-video\"><!--[if lt IE 9]><script>document.createElement('video');<\/script><![endif]-->\n<video class=\"wp-video-shortcode\" id=\"video-233189-1\" width=\"640\" height=\"360\" preload=\"metadata\" controls=\"controls\"><source type=\"video\/mp4\" src=\"https:\/\/www.tgrthaber.com\/mavikadin\/wp-content\/uploads\/ssstwitter.com_1757442013655.mp4?_=1\" \/><a href=\"https:\/\/www.tgrthaber.com\/mavikadin\/wp-content\/uploads\/ssstwitter.com_1757442013655.mp4\">https:\/\/www.tgrthaber.com\/mavikadin\/wp-content\/uploads\/ssstwitter.com_1757442013655.mp4<\/a><\/video><\/div>\n<hr \/>\n<h3>KIZILCIK \u015eERBET\u0130 104. B\u00d6L\u00dcM NELER OLACAK?<\/h3>\n<p>Mustafa\u2019n\u0131n ailesine silah \u00e7ektikten sonra zamanda atlama ya\u015fanacak. Do\u011fa ve Fatih\u2019in aras\u0131 eskisinden daha da k\u00f6t\u00fc olacak. Do\u011fa\u2019n\u0131n hayat\u0131nda ba\u015fkas\u0131 olacak. Do\u011fa Fatih\u2019ten bir kez daha bo\u015fanmak isteyecek.<\/p>\n<p><img loading=\"lazy\" decoding=\"async\" class=\"alignnone wp-image-233193 size-full\" src=\"https:\/\/www.tgrthaber.com\/mavikadin\/wp-content\/uploads\/Adsiz-tasarim-9-80.jpg\" alt=\"\" width=\"1208\" height=\"680\" title=\"\" srcset=\"https:\/\/www.tgrthaber.com\/mavikadin\/wp-content\/uploads\/Adsiz-tasarim-9-80.jpg 1208w, https:\/\/www.tgrthaber.com\/mavikadin\/wp-content\/uploads\/Adsiz-tasarim-9-80-300x169.jpg 300w, https:\/\/www.tgrthaber.com\/mavikadin\/wp-content\/uploads\/Adsiz-tasarim-9-80-1024x576.jpg 1024w, https:\/\/www.tgrthaber.com\/mavikadin\/wp-content\/uploads\/Adsiz-tasarim-9-80-768x432.jpg 768w\" sizes=\"(max-width: 1208px) 100vw, 1208px\" \/><\/p>\n<hr \/>\n<p>Di\u011fer yandan I\u015f\u0131k Abdullah Bey\u2019den gizli ba\u015fkas\u0131 ile g\u00f6r\u00fc\u015fmeye devam edecek. Firaz ise Nursema ile olan evlili\u011finde b\u00fcy\u00fck s\u0131k\u0131nt\u0131lar ya\u015fayacak.<\/p>\n<p><img loading=\"lazy\" decoding=\"async\" class=\"alignnone wp-image-233194 size-full\" src=\"https:\/\/www.tgrthaber.com\/mavikadin\/wp-content\/uploads\/Adsiz-tasarim-8-81.jpg\" alt=\"\" width=\"1208\" height=\"680\" title=\"\" srcset=\"https:\/\/www.tgrthaber.com\/mavikadin\/wp-content\/uploads\/Adsiz-tasarim-8-81.jpg 1208w, https:\/\/www.tgrthaber.com\/mavikadin\/wp-content\/uploads\/Adsiz-tasarim-8-81-300x169.jpg 300w, https:\/\/www.tgrthaber.com\/mavikadin\/wp-content\/uploads\/Adsiz-tasarim-8-81-1024x576.jpg 1024w, https:\/\/www.tgrthaber.com\/mavikadin\/wp-content\/uploads\/Adsiz-tasarim-8-81-768x432.jpg 768w\" sizes=\"(max-width: 1208px) 100vw, 1208px\" \/><\/p>\n<hr \/>\n<p>\u0130kili aras\u0131nda b\u00fcy\u00fck sorunlar ya\u015fanacak. Asude\u2019nin ye\u011feni Asil gelir gelmez, \u00dcnallar ailesinde de b\u00fcy\u00fck geli\u015fmeler cereyan edecek.<\/p>\n<p><img loading=\"lazy\" decoding=\"async\" class=\"alignnone wp-image-233196 size-full\" src=\"https:\/\/www.tgrthaber.com\/mavikadin\/wp-content\/uploads\/Adsiz-tasarim-10-82.jpg\" alt=\"\" width=\"1208\" height=\"680\" title=\"\" srcset=\"https:\/\/www.tgrthaber.com\/mavikadin\/wp-content\/uploads\/Adsiz-tasarim-10-82.jpg 1208w, https:\/\/www.tgrthaber.com\/mavikadin\/wp-content\/uploads\/Adsiz-tasarim-10-82-300x169.jpg 300w, https:\/\/www.tgrthaber.com\/mavikadin\/wp-content\/uploads\/Adsiz-tasarim-10-82-1024x576.jpg 1024w, https:\/\/www.tgrthaber.com\/mavikadin\/wp-content\/uploads\/Adsiz-tasarim-10-82-768x432.jpg 768w\" sizes=\"(max-width: 1208px) 100vw, 1208px\" \/><\/p>\n<hr \/>\n<p>K\u0131v\u0131lc\u0131m bebe\u011fini do\u011furduktan sonra ya\u015fad\u0131\u011f\u0131 zorluklar kar\u015f\u0131s\u0131nda kendisini yitik ve yorgun hissedecek. \u00d6mer aras\u0131nda s\u00fcrekli gerilim dolu anlar ya\u015fanacak.<\/p>\n<p><img loading=\"lazy\" decoding=\"async\" class=\"alignnone wp-image-233199 size-full\" src=\"https:\/\/www.tgrthaber.com\/mavikadin\/wp-content\/uploads\/Adsiz-tasarim-12-70.jpg\" alt=\"\" width=\"1208\" height=\"680\" title=\"\" srcset=\"https:\/\/www.tgrthaber.com\/mavikadin\/wp-content\/uploads\/Adsiz-tasarim-12-70.jpg 1208w, https:\/\/www.tgrthaber.com\/mavikadin\/wp-content\/uploads\/Adsiz-tasarim-12-70-300x169.jpg 300w, https:\/\/www.tgrthaber.com\/mavikadin\/wp-content\/uploads\/Adsiz-tasarim-12-70-1024x576.jpg 1024w, https:\/\/www.tgrthaber.com\/mavikadin\/wp-content\/uploads\/Adsiz-tasarim-12-70-768x432.jpg 768w\" sizes=\"(max-width: 1208px) 100vw, 1208px\" \/><\/p>\n<hr \/>\n<h3>KIZILCIK \u015eERBET\u0130 104. B\u00d6L\u00dcM NE ZAMAN YAYINLANACAK?<\/h3>\n<p>Fenomen dizi <a href=\"https:\/\/www.tgrthaber.com\/mavikadin\/kizilcik-serbeti-4-sezon-ilk-tanitimi-yayinlandi-kizilcik-serbeti-dizisinin-104-bolumunde-neler-olacak\/\">K\u0131z\u0131lc\u0131k \u015eerbeti 4. Sezon<\/a> ile 12 Eyl\u00fcl 2025 Cuma g\u00fcn\u00fc saat 20:00\u2019da 104. B\u00f6l\u00fcm\u00fc ile ekranlara gelecek. Yeni sezonda ya\u015fan\u0131lacak geli\u015fmeler her hafta izleyiciyi \u015fa\u015f\u0131rtmaya devam edecek. \u0130zlerken tahmin edilemeyen geli\u015fmeler ya\u015fanacak.<\/p>\n","protected":false},"excerpt":{"rendered":"<p>Show Tv ekranlar\u0131nda yay\u0131nlanan K\u0131z\u0131lc\u0131k \u015eerbeti dizisi 4. Sezon b\u00f6l\u00fcmleriyle ekrana gelmesine say\u0131l\u0131 g\u00fcnler kald\u0131. Bar\u0131\u015f K\u0131l\u0131\u00e7, Evrim Alasya, Ahmet M\u00fcmtaz Taylan, S\u0131la T\u00fcrko\u011flu, Do\u011fukan G\u00fcng\u00f6r ve Ceren Yalazo\u011flu ba\u015frollerini payla\u015ft\u0131\u011f\u0131 K\u0131z\u0131lc\u0131k \u015eerbeti dizisi 104. B\u00f6l\u00fcm\u00fc ile 12 Eyl\u00fcl 2025 Cuma g\u00fcn\u00fc ekranlara geliyor. <\/p>\n","protected":false},"author":10,"featured_media":233195,"comment_status":"closed","ping_status":"closed","sticky":false,"template":"","format":"standard","meta":{"rank_math_lock_modified_date":false,"footnotes":""},"categories":[602],"tags":[2628,10390,61856,61855,61854,61857],"class_list":["post-233189","post","type-post","status-publish","format-standard","has-post-thumbnail","hentry","category-diziler","tag-dizi-haberleri","tag-dizi-magazin","tag-kizilcik-serbeti-104-bolum-ne-zaman-yayinlanacak","tag-kizilcik-serbeti-dizisi-104-bolum","tag-kizilcik-serbeti-dizisi-104-bolum-2-fragman","tag-kizilcik-serbeti-dizisi-4-sezon"],"_links":{"self":[{"href":"https:\/\/www.tgrthaber.com\/mavikadin\/wp-json\/wp\/v2\/posts\/233189"}],"collection":[{"href":"https:\/\/www.tgrthaber.com\/mavikadin\/wp-json\/wp\/v2\/posts"}],"about":[{"href":"https:\/\/www.tgrthaber.com\/mavikadin\/wp-json\/wp\/v2\/types\/post"}],"author":[{"embeddable":true,"href":"https:\/\/www.tgrthaber.com\/mavikadin\/wp-json\/wp\/v2\/users\/10"}],"replies":[{"embeddable":true,"href":"https:\/\/www.tgrthaber.com\/mavikadin\/wp-json\/wp\/v2\/comments?post=233189"}],"version-history":[{"count":4,"href":"https:\/\/www.tgrthaber.com\/mavikadin\/wp-json\/wp\/v2\/posts\/233189\/revisions"}],"predecessor-version":[{"id":233203,"href":"https:\/\/www.tgrthaber.com\/mavikadin\/wp-json\/wp\/v2\/posts\/233189\/revisions\/233203"}],"wp:featuredmedia":[{"embeddable":true,"href":"https:\/\/www.tgrthaber.com\/mavikadin\/wp-json\/wp\/v2\/media\/233195"}],"wp:attachment":[{"href":"https:\/\/www.tgrthaber.com\/mavikadin\/wp-json\/wp\/v2\/media?parent=233189"}],"wp:term":[{"taxonomy":"category","embeddable":true,"href":"https:\/\/www.tgrthaber.com\/mavikadin\/wp-json\/wp\/v2\/categories?post=233189"},{"taxonomy":"post_tag","embeddable":true,"href":"https:\/\/www.tgrthaber.com\/mavikadin\/wp-json\/wp\/v2\/tags?post=233189"}],"curies":[{"name":"wp","href":"https:\/\/api.w.org\/{rel}","templated":true}]}}