{"id":233295,"date":"2025-09-10T09:37:16","date_gmt":"2025-09-10T06:37:16","guid":{"rendered":"https:\/\/www.tgrthaber.com\/mavikadin\/?p=233295"},"modified":"2025-09-10T09:37:17","modified_gmt":"2025-09-10T06:37:17","slug":"ece-seckinin-sapigi-kimdir-ece-seckin-olayi-nedir","status":"publish","type":"post","link":"https:\/\/www.tgrthaber.com\/mavikadin\/ece-seckinin-sapigi-kimdir-ece-seckin-olayi-nedir\/","title":{"rendered":"Ece Se\u00e7kin\u2019in sap\u0131\u011f\u0131 kimdir? Ece Se\u00e7kin olay\u0131 nedir?"},"content":{"rendered":"<p>\u00dcnl\u00fc \u015fark\u0131c\u0131 Ece Se\u00e7kin, magazin g\u00fcndemine geldi. Kendisinin d\u00f6rt y\u0131ld\u0131r bir ki\u015fi taraf\u0131ndan taciz edildi\u011fini ayr\u0131ca ailesinin ve \u00e7evresinin de rahats\u0131z edildi\u011fini belirtti. Bu ya\u015fanan durumlardan sonra Ece Se\u00e7kin\u2019in ya\u015fad\u0131\u011f\u0131 durum merak edildi. Peki, Ece Se\u00e7kin\u2019in sap\u0131\u011f\u0131 kimdir? Ece Se\u00e7kin olay\u0131 nedir? sorular\u0131n\u0131 sizin i\u00e7in ara\u015ft\u0131rd\u0131k. \u0130\u015fte detaylar\u2026<\/p>\n<h3>ECE SE\u00c7K\u0130N\u2019\u0130N SAPI\u011eI K\u0130MD\u0130R?<\/h3>\n<p>\u015eark\u0131lar\u0131 ile dikkatleri \u00fczerine \u00e7eken Ece Se\u00e7kin, zaman zaman g\u00fcndeme gelen isimler aras\u0131nda yer al\u0131yor. Ba\u015far\u0131l\u0131 isim d\u00f6rt y\u0131ld\u0131r ya\u015fad\u0131\u011f\u0131 sorunlar\u0131 sosyal medyas\u0131nda payla\u015farak dikkatleri \u00fczerine \u00e7ekti.<\/p>\n<p><img loading=\"lazy\" decoding=\"async\" class=\"alignnone size-full wp-image-233306\" src=\"https:\/\/www.tgrthaber.com\/mavikadin\/wp-content\/uploads\/ARZU-2025-09-10T093249.258.jpg\" alt=\"Ece Se\u00e7kin\u2019in sap\u0131\u011f\u0131 kimdir? Ece Se\u00e7kin olay\u0131 nedir?\" width=\"1208\" height=\"680\" title=\"\" srcset=\"https:\/\/www.tgrthaber.com\/mavikadin\/wp-content\/uploads\/ARZU-2025-09-10T093249.258.jpg 1208w, https:\/\/www.tgrthaber.com\/mavikadin\/wp-content\/uploads\/ARZU-2025-09-10T093249.258-300x169.jpg 300w, https:\/\/www.tgrthaber.com\/mavikadin\/wp-content\/uploads\/ARZU-2025-09-10T093249.258-1024x576.jpg 1024w, https:\/\/www.tgrthaber.com\/mavikadin\/wp-content\/uploads\/ARZU-2025-09-10T093249.258-768x432.jpg 768w\" sizes=\"(max-width: 1208px) 100vw, 1208px\" \/><\/p>\n<hr \/>\n<p>Ba\u015far\u0131l\u0131 isim Ece Se\u00e7kin, kendisinin ve ailesinin de tacize u\u011frad\u0131\u011f\u0131n\u0131 a\u00e7\u0131klad\u0131. Son olarak e\u015finin de \u00f6l\u00fcm tehditleri ald\u0131\u011f\u0131n\u0131 s\u00f6yleyen Ece Se\u00e7kin sosyal medyadan yard\u0131m istedi. Bu haberler sonras\u0131 sap\u0131n kim oldu\u011fu ise merak edildi.<\/p>\n<p><img loading=\"lazy\" decoding=\"async\" class=\"alignnone size-full wp-image-233307\" src=\"https:\/\/www.tgrthaber.com\/mavikadin\/wp-content\/uploads\/ARZU-2025-09-10T093238.222.jpg\" alt=\"Ece Se\u00e7kin\u2019in sap\u0131\u011f\u0131 kimdir? Ece Se\u00e7kin olay\u0131 nedir?\" width=\"1208\" height=\"680\" title=\"\" srcset=\"https:\/\/www.tgrthaber.com\/mavikadin\/wp-content\/uploads\/ARZU-2025-09-10T093238.222.jpg 1208w, https:\/\/www.tgrthaber.com\/mavikadin\/wp-content\/uploads\/ARZU-2025-09-10T093238.222-300x169.jpg 300w, https:\/\/www.tgrthaber.com\/mavikadin\/wp-content\/uploads\/ARZU-2025-09-10T093238.222-1024x576.jpg 1024w, https:\/\/www.tgrthaber.com\/mavikadin\/wp-content\/uploads\/ARZU-2025-09-10T093238.222-768x432.jpg 768w\" sizes=\"(max-width: 1208px) 100vw, 1208px\" \/><\/p>\n<hr \/>\n<p>Ece Se\u00e7kin\u2019in d\u00f6rt y\u0131ld\u0131r pe\u015finde olan ve kendisini taciz eden \u00e7evresine, ailesinin bile rahats\u0131z edildi\u011fini s\u00f6ylemesi ile merak edilen \u015fah\u0131s hakk\u0131nda bilgiler kamuoyunda bulunamam\u0131\u015ft\u0131r. Baz\u0131 kaynaklara g\u00f6re, \u015fahs\u0131n yurt d\u0131\u015f\u0131na gidildi\u011fi de s\u00f6ylenmektedir.<\/p>\n<h3><img loading=\"lazy\" decoding=\"async\" class=\"alignnone size-full wp-image-233309\" src=\"https:\/\/www.tgrthaber.com\/mavikadin\/wp-content\/uploads\/ARZU-2025-09-10T093212.488.jpg\" alt=\"Ece Se\u00e7kin\u2019in sap\u0131\u011f\u0131 kimdir? Ece Se\u00e7kin olay\u0131 nedir?\" width=\"1208\" height=\"680\" title=\"\" srcset=\"https:\/\/www.tgrthaber.com\/mavikadin\/wp-content\/uploads\/ARZU-2025-09-10T093212.488.jpg 1208w, https:\/\/www.tgrthaber.com\/mavikadin\/wp-content\/uploads\/ARZU-2025-09-10T093212.488-300x169.jpg 300w, https:\/\/www.tgrthaber.com\/mavikadin\/wp-content\/uploads\/ARZU-2025-09-10T093212.488-1024x576.jpg 1024w, https:\/\/www.tgrthaber.com\/mavikadin\/wp-content\/uploads\/ARZU-2025-09-10T093212.488-768x432.jpg 768w\" sizes=\"(max-width: 1208px) 100vw, 1208px\" \/><\/h3>\n<hr \/>\n<h3>ECE SE\u00c7K\u0130N OLAYI NED\u0130R?<\/h3>\n<p>\u00dcnl\u00fc \u015fark\u0131c\u0131 Ece Se\u00e7kin, sosyal medyas\u0131ndan yapt\u0131\u011f\u0131 a\u00e7\u0131klamalar ile sosyal medyan\u0131n dikkatini \u00e7ekti. Ece Se\u00e7kin, d\u00f6rt y\u0131ld\u0131r tacize u\u011frad\u0131\u011f\u0131n\u0131, ailesi ve yak\u0131n \u00e7evresinin de rahats\u0131z\u0131 edildi\u011fini ifade etti. Son ya\u015fanan durumla beraber yard\u0131m isteyen Ece Se\u00e7kin, e\u015finin de \u00f6l\u00fcm tehditleri ald\u0131\u011f\u0131n\u0131 a\u00e7\u0131klad\u0131.<\/p>\n<p><img loading=\"lazy\" decoding=\"async\" class=\"alignnone size-full wp-image-233308\" src=\"https:\/\/www.tgrthaber.com\/mavikadin\/wp-content\/uploads\/ARZU-2025-09-10T093226.005.jpg\" alt=\"Ece Se\u00e7kin\u2019in sap\u0131\u011f\u0131 kimdir? Ece Se\u00e7kin olay\u0131 nedir?\" width=\"1208\" height=\"680\" title=\"\" srcset=\"https:\/\/www.tgrthaber.com\/mavikadin\/wp-content\/uploads\/ARZU-2025-09-10T093226.005.jpg 1208w, https:\/\/www.tgrthaber.com\/mavikadin\/wp-content\/uploads\/ARZU-2025-09-10T093226.005-300x169.jpg 300w, https:\/\/www.tgrthaber.com\/mavikadin\/wp-content\/uploads\/ARZU-2025-09-10T093226.005-1024x576.jpg 1024w, https:\/\/www.tgrthaber.com\/mavikadin\/wp-content\/uploads\/ARZU-2025-09-10T093226.005-768x432.jpg 768w\" sizes=\"(max-width: 1208px) 100vw, 1208px\" \/><\/p>\n<hr \/>\n<p>Ece Se\u00e7kin, a\u00e7\u0131klamalar\u0131nda d\u00f6rt y\u0131ld\u0131r bu durumla u\u011fra\u015ft\u0131\u011f\u0131n\u0131 ifade etti. Ece Se\u00e7kin sosyal medyadan yapt\u0131\u011f\u0131 a\u00e7\u0131klalar ile hem sevenlerini hem de yak\u0131n \u00e7evresini de \u00fcz\u00fcnt\u00fcye sebebiyet verdi. Ece Se\u00e7kin, \u2018\u0130mdat\u2019 i\u00e7erikli uzun bir mesaj yay\u0131nlad\u0131.<\/p>\n<p><img loading=\"lazy\" decoding=\"async\" class=\"alignnone size-full wp-image-233304\" src=\"https:\/\/www.tgrthaber.com\/mavikadin\/wp-content\/uploads\/ARZU-2025-09-10T093310.810.jpg\" alt=\"Ece Se\u00e7kin\u2019in sap\u0131\u011f\u0131 kimdir? Ece Se\u00e7kin olay\u0131 nedir?\" width=\"1208\" height=\"680\" title=\"\" srcset=\"https:\/\/www.tgrthaber.com\/mavikadin\/wp-content\/uploads\/ARZU-2025-09-10T093310.810.jpg 1208w, https:\/\/www.tgrthaber.com\/mavikadin\/wp-content\/uploads\/ARZU-2025-09-10T093310.810-300x169.jpg 300w, https:\/\/www.tgrthaber.com\/mavikadin\/wp-content\/uploads\/ARZU-2025-09-10T093310.810-1024x576.jpg 1024w, https:\/\/www.tgrthaber.com\/mavikadin\/wp-content\/uploads\/ARZU-2025-09-10T093310.810-768x432.jpg 768w\" sizes=\"(max-width: 1208px) 100vw, 1208px\" \/><\/p>\n<hr \/>\n<p>Ece Se\u00e7kin a\u00e7\u0131klamalar\u0131nda \u201cYakla\u015f\u0131k 4 y\u0131ld\u0131r beni ve yak\u0131n \u00e7evremi \u0131srarl\u0131 \u015fekilde takip eden, s\u00f6zl\u00fc taciz ve tehditlerde bulunan, kendisini &#8220;kocam&#8221; zanneden \u015fizofreni hastas\u0131 \u015fah\u0131s, bu ak\u015fam e\u015fim \u00c7a\u011fr\u0131 Terlemez&#8217;in sim\u00fclat\u00f6r program\u0131 \u00e7\u0131k\u0131\u015f\u0131 yak\u0131n\u0131ndaki bir kafede kendisini saatlerce beklemi\u015f ve e\u015fime &#8220;seni \u00f6ld\u00fcrece\u011fim, burnunun dibindeyim&#8221; i\u00e7erikli mesajlar atm\u0131\u015ft\u0131r. \u015eeklinde a\u00e7\u0131klamalar\u0131 yapan Ece Se\u00e7kin\u2019in \u015fah\u0131s hakk\u0131nda uzakla\u015ft\u0131rma karar\u0131 ald\u0131\u011f\u0131n\u0131 ancak farkl\u0131 numaralardan yeniden tehdit mesajlar\u0131 yay\u0131nlad\u0131\u011f\u0131n\u0131 ifade etti.<\/p>\n<p><img loading=\"lazy\" decoding=\"async\" class=\"alignnone size-full wp-image-233305\" src=\"https:\/\/www.tgrthaber.com\/mavikadin\/wp-content\/uploads\/ARZU-2025-09-10T093253.853.jpg\" alt=\"Ece Se\u00e7kin\u2019in sap\u0131\u011f\u0131 kimdir? Ece Se\u00e7kin olay\u0131 nedir?\" width=\"1208\" height=\"680\" title=\"\" srcset=\"https:\/\/www.tgrthaber.com\/mavikadin\/wp-content\/uploads\/ARZU-2025-09-10T093253.853.jpg 1208w, https:\/\/www.tgrthaber.com\/mavikadin\/wp-content\/uploads\/ARZU-2025-09-10T093253.853-300x169.jpg 300w, https:\/\/www.tgrthaber.com\/mavikadin\/wp-content\/uploads\/ARZU-2025-09-10T093253.853-1024x576.jpg 1024w, https:\/\/www.tgrthaber.com\/mavikadin\/wp-content\/uploads\/ARZU-2025-09-10T093253.853-768x432.jpg 768w\" sizes=\"(max-width: 1208px) 100vw, 1208px\" \/><\/p>\n<hr \/>\n<p>\u0130stanbul d\u0131\u015f\u0131nda ya\u015fad\u0131\u011f\u0131 belirtilen ki\u015finin \u00e7o\u011fu kez al\u0131nan uzakla\u015ft\u0131rma karar\u0131na ra\u011fmen yine de \u015fark\u0131c\u0131y\u0131 tehdit i\u00e7erikli mesajlar atmaya devam etti\u011fini s\u00f6yledi. Bu durumun katlan\u0131lmaz bir hal ald\u0131\u011f\u0131n\u0131 da ifade etmektedir.<\/p>\n","protected":false},"excerpt":{"rendered":"<p>Ba\u015far\u0131l\u0131 \u015fark\u0131c\u0131 Ece Se\u00e7kin, sosyal medya hesaplar\u0131ndan yapt\u0131\u011f\u0131 payla\u015f\u0131mlarla g\u00fcndeme geldi. 4 tacize u\u011frad\u0131\u011f\u0131n\u0131, ailesi ve yak\u0131n \u00e7evresinin de rahats\u0131z edildi\u011fini bildirdi. Bu haberler sonras\u0131 Ece Se\u00e7kin\u2019in ya\u015fad\u0131\u011f\u0131 durum merak edildi. Peki, Ece Se\u00e7kin\u2019in sap\u0131\u011f\u0131 kimdir? Ece Se\u00e7kin olay\u0131 nedir? \u0130\u015fte detaylar\u2026<\/p>\n","protected":false},"author":34,"featured_media":233310,"comment_status":"closed","ping_status":"closed","sticky":false,"template":"","format":"standard","meta":{"rank_math_lock_modified_date":false,"footnotes":""},"categories":[76,491],"tags":[18701,61876,133,43444],"class_list":["post-233295","post","type-post","status-publish","format-standard","has-post-thumbnail","hentry","category-magazin","category-biyografi","tag-ece-seckin","tag-ece-seckin-olayi","tag-magazin","tag-sapik"],"_links":{"self":[{"href":"https:\/\/www.tgrthaber.com\/mavikadin\/wp-json\/wp\/v2\/posts\/233295"}],"collection":[{"href":"https:\/\/www.tgrthaber.com\/mavikadin\/wp-json\/wp\/v2\/posts"}],"about":[{"href":"https:\/\/www.tgrthaber.com\/mavikadin\/wp-json\/wp\/v2\/types\/post"}],"author":[{"embeddable":true,"href":"https:\/\/www.tgrthaber.com\/mavikadin\/wp-json\/wp\/v2\/users\/34"}],"replies":[{"embeddable":true,"href":"https:\/\/www.tgrthaber.com\/mavikadin\/wp-json\/wp\/v2\/comments?post=233295"}],"version-history":[{"count":1,"href":"https:\/\/www.tgrthaber.com\/mavikadin\/wp-json\/wp\/v2\/posts\/233295\/revisions"}],"predecessor-version":[{"id":233311,"href":"https:\/\/www.tgrthaber.com\/mavikadin\/wp-json\/wp\/v2\/posts\/233295\/revisions\/233311"}],"wp:featuredmedia":[{"embeddable":true,"href":"https:\/\/www.tgrthaber.com\/mavikadin\/wp-json\/wp\/v2\/media\/233310"}],"wp:attachment":[{"href":"https:\/\/www.tgrthaber.com\/mavikadin\/wp-json\/wp\/v2\/media?parent=233295"}],"wp:term":[{"taxonomy":"category","embeddable":true,"href":"https:\/\/www.tgrthaber.com\/mavikadin\/wp-json\/wp\/v2\/categories?post=233295"},{"taxonomy":"post_tag","embeddable":true,"href":"https:\/\/www.tgrthaber.com\/mavikadin\/wp-json\/wp\/v2\/tags?post=233295"}],"curies":[{"name":"wp","href":"https:\/\/api.w.org\/{rel}","templated":true}]}}