{"id":249433,"date":"2025-10-15T17:14:40","date_gmt":"2025-10-15T14:14:40","guid":{"rendered":"https:\/\/www.tgrthaber.com\/mavikadin\/?p=249433"},"modified":"2025-10-15T17:14:40","modified_gmt":"2025-10-15T14:14:40","slug":"kurulus-orhan-bu-aksam-var-mi-kurulus-orhan-yayin-tarihi-belli-oldu-mu","status":"publish","type":"post","link":"https:\/\/www.tgrthaber.com\/mavikadin\/kurulus-orhan-bu-aksam-var-mi-kurulus-orhan-yayin-tarihi-belli-oldu-mu\/","title":{"rendered":"Kurulu\u015f Orhan bu ak\u015fam var m\u0131? Kurulu\u015f Orhan yay\u0131n tarihi belli oldu mu?"},"content":{"rendered":"<p>Fragmanlar\u0131 bile b\u00fcy\u00fck ses getiren ve milyonlarca kez izlenen Kurulu\u015f Orhan dizisi, yeni sezona ba\u015flamadan geni\u015f yank\u0131 uyand\u0131rd\u0131. &#8216;Kurulu\u015f Orhan bu ak\u015fam var m\u0131?&#8217;, &#8216;Kurulu\u015f Orhan ne zaman?&#8217;, &#8216;Kurulu\u015f Orhan ilk b\u00f6l\u00fcm tarihi nedir?&#8217; gibi sorular sosyal medyada g\u00fcndemin ilk s\u0131ralara\u0131nda yer al\u0131yor. Kurulu\u015f Orhan ilk b\u00f6l\u00fcm\u00fc i\u00e7in pimi \u00e7ekerken, yay\u0131n tarihine dair g\u00fcncel detaylar\u0131 haberimizde bulabilirsiniz.<\/p>\n<h3>KURULU\u015e ORHAN BU AK\u015eAM VAR MI?<\/h3>\n<p>Kurulu\u015f Orhan dizisini sab\u0131rs\u0131zl\u0131kla bekleyen takip\u00e7ilerin en \u00e7ok merak etti\u011fi soru, dizinin bu ak\u015fam ekranlarda yer al\u0131p almayaca\u011f\u0131 oluyor.<\/p>\n<p><img loading=\"lazy\" decoding=\"async\" class=\"alignnone wp-image-249458\" src=\"https:\/\/www.tgrthaber.com\/mavikadin\/wp-content\/uploads\/170d2787057e93983e91005862ea067f-300x198.jpg\" alt=\"\" width=\"1208\" height=\"799\" title=\"\" srcset=\"https:\/\/www.tgrthaber.com\/mavikadin\/wp-content\/uploads\/170d2787057e93983e91005862ea067f-300x198.jpg 300w, https:\/\/www.tgrthaber.com\/mavikadin\/wp-content\/uploads\/170d2787057e93983e91005862ea067f.jpg 620w\" sizes=\"(max-width: 1208px) 100vw, 1208px\" \/><\/p>\n<hr \/>\n<p>Kurulu\u015f Orhan bu ak\u015fam ATV ekranlar\u0131nda bulunmuyor. ATV&#8217;nin yay\u0131n ak\u0131\u015f\u0131nda yer almayan Kurulu\u015f Orhan, \u00f6zel haz\u0131rlanan lansman b\u00f6l\u00fcm\u00fcyle Cumhuriyet Bayram\u0131&#8217;n\u0131n ak\u015fam\u0131 ekranlarda olacak.<\/p>\n<p><img loading=\"lazy\" decoding=\"async\" class=\"alignnone wp-image-249459\" src=\"https:\/\/www.tgrthaber.com\/mavikadin\/wp-content\/uploads\/kurulus-orhanin-ilk-bolumu-ne-zaman-iste-beklenen-tarih-3-300x169.webp\" alt=\"\" width=\"1208\" height=\"680\" title=\"\" srcset=\"https:\/\/www.tgrthaber.com\/mavikadin\/wp-content\/uploads\/kurulus-orhanin-ilk-bolumu-ne-zaman-iste-beklenen-tarih-3-300x169.webp 300w, https:\/\/www.tgrthaber.com\/mavikadin\/wp-content\/uploads\/kurulus-orhanin-ilk-bolumu-ne-zaman-iste-beklenen-tarih-3-1024x576.webp 1024w, https:\/\/www.tgrthaber.com\/mavikadin\/wp-content\/uploads\/kurulus-orhanin-ilk-bolumu-ne-zaman-iste-beklenen-tarih-3-768x432.webp 768w, https:\/\/www.tgrthaber.com\/mavikadin\/wp-content\/uploads\/kurulus-orhanin-ilk-bolumu-ne-zaman-iste-beklenen-tarih-3.webp 1280w\" sizes=\"(max-width: 1208px) 100vw, 1208px\" \/><\/p>\n<hr \/>\n<h3>KURULU\u015e ORHAN YAYIN TAR\u0130H\u0130 BELL\u0130 OLDU MU?<\/h3>\n<p>Merakla beklenen Kurulu\u015f Orhan yay\u0131n tarihi nihayet netle\u015fti. ATV&#8217;nin yeni sezona bomba gibi giren Kurulu\u015f Orhan dizisi\u00a0 ilk b\u00f6l\u00fcm\u00fcyle, 29 Ekim \u00c7ar\u015famba g\u00fcn\u00fc 20:00&#8217;de izleyicisiyle bulu\u015facak. Kurulu\u015f Orhan dizisi ilk b\u00f6l\u00fcm\u00fcn\u00fcn bu tarihte verilmesi pek tesad\u00fcf de de\u011fil. Osmanl\u0131&#8217;n\u0131n ikinci beyi olan Orhan Gazi&#8217;nin izleyicisiyle T\u00fcrkiye Cumhuriyeti&#8217;nin 102. y\u0131l d\u00f6n\u00fcm\u00fcnde bulu\u015facak olmas\u0131 da geni\u015f yank\u0131 uyand\u0131rd\u0131.<\/p>\n<p><img loading=\"lazy\" decoding=\"async\" class=\"alignnone wp-image-249457\" src=\"https:\/\/www.tgrthaber.com\/mavikadin\/wp-content\/uploads\/ARZU-2025-09-03T111935.104-300x169.webp\" alt=\"\" width=\"1208\" height=\"680\" title=\"\" srcset=\"https:\/\/www.tgrthaber.com\/mavikadin\/wp-content\/uploads\/ARZU-2025-09-03T111935.104-300x169.webp 300w, https:\/\/www.tgrthaber.com\/mavikadin\/wp-content\/uploads\/ARZU-2025-09-03T111935.104-1024x576.webp 1024w, https:\/\/www.tgrthaber.com\/mavikadin\/wp-content\/uploads\/ARZU-2025-09-03T111935.104-768x432.webp 768w, https:\/\/www.tgrthaber.com\/mavikadin\/wp-content\/uploads\/ARZU-2025-09-03T111935.104.webp 1208w\" sizes=\"(max-width: 1208px) 100vw, 1208px\" \/><\/p>\n<hr \/>\n<h3>KURULU\u015e ORHAN OYUNCU KADROSUNDA K\u0130MLER VAR?<\/h3>\n<p>Kurulu\u015f Orhan&#8217;da yeni sezonda Orhan Gazi&#8217;yi Mert Yaz\u0131c\u0131o\u011flu oynayacak. Kendisine e\u015flik edecek ba\u015far\u0131l\u0131 partner ise Masassine Merabet olacak. Orhan Gazi&#8217;de dikkat \u00e7eken di\u011fer g\u00fc\u00e7l\u00fc isimler \u015funlar;<\/p>\n<p><img loading=\"lazy\" decoding=\"async\" class=\"alignnone wp-image-249460\" src=\"https:\/\/www.tgrthaber.com\/mavikadin\/wp-content\/uploads\/Mert-Yazicioglu-1-5-300x169.webp\" alt=\"\" width=\"1208\" height=\"680\" title=\"\" srcset=\"https:\/\/www.tgrthaber.com\/mavikadin\/wp-content\/uploads\/Mert-Yazicioglu-1-5-300x169.webp 300w, https:\/\/www.tgrthaber.com\/mavikadin\/wp-content\/uploads\/Mert-Yazicioglu-1-5-1024x576.webp 1024w, https:\/\/www.tgrthaber.com\/mavikadin\/wp-content\/uploads\/Mert-Yazicioglu-1-5-768x432.webp 768w, https:\/\/www.tgrthaber.com\/mavikadin\/wp-content\/uploads\/Mert-Yazicioglu-1-5.webp 1208w\" sizes=\"(max-width: 1208px) 100vw, 1208px\" \/><\/p>\n<hr \/>\n<p>Cihan \u00dcnal<\/p>\n<p>Bennu Y\u0131ld\u0131r\u0131mlar<\/p>\n<p>\u00c7a\u011fr\u0131 \u015eensoyBar\u0131\u015f Falay<\/p>\n<p>Belgin \u015eim\u015fek<\/p>\n<p>\u015e\u00fckr\u00fc \u00d6zy\u0131ld\u0131z<\/p>\n<p><img loading=\"lazy\" decoding=\"async\" class=\"alignnone wp-image-249456\" src=\"https:\/\/www.tgrthaber.com\/mavikadin\/wp-content\/uploads\/820x547-kurulus-orhanin-flaviusu-sukru-ozyildiz-anlatti-1760428738936-300x200.jpg\" alt=\"\" width=\"1208\" height=\"806\" title=\"\" srcset=\"https:\/\/www.tgrthaber.com\/mavikadin\/wp-content\/uploads\/820x547-kurulus-orhanin-flaviusu-sukru-ozyildiz-anlatti-1760428738936-300x200.jpg 300w, https:\/\/www.tgrthaber.com\/mavikadin\/wp-content\/uploads\/820x547-kurulus-orhanin-flaviusu-sukru-ozyildiz-anlatti-1760428738936-768x512.jpg 768w, https:\/\/www.tgrthaber.com\/mavikadin\/wp-content\/uploads\/820x547-kurulus-orhanin-flaviusu-sukru-ozyildiz-anlatti-1760428738936.jpg 820w\" sizes=\"(max-width: 1208px) 100vw, 1208px\" \/><\/p>\n<hr \/>\n<p>Burak Sergen<\/p>\n<p>Sena Mercan<\/p>\n<p>Can Atak<\/p>\n<p>Sevin\u00e7 K\u0131ranl\u0131<\/p>\n<p>Yi\u011fit U\u00e7an<\/p>\n<p>Tevfik Erman Kutlu<\/p>\n<p>Faruk Aran<\/p>\n<div style=\"width: 640px;\" class=\"wp-video\"><!--[if lt IE 9]><script>document.createElement('video');<\/script><![endif]-->\n<video class=\"wp-video-shortcode\" id=\"video-249433-1\" width=\"640\" height=\"360\" preload=\"metadata\" controls=\"controls\"><source type=\"video\/mp4\" src=\"https:\/\/www.tgrthaber.com\/mavikadin\/wp-content\/uploads\/b3c76527-827b-4170-bc28-23e0a9d0117d_1080p_3000k.mp4?_=1\" \/><a href=\"https:\/\/www.tgrthaber.com\/mavikadin\/wp-content\/uploads\/b3c76527-827b-4170-bc28-23e0a9d0117d_1080p_3000k.mp4\">https:\/\/www.tgrthaber.com\/mavikadin\/wp-content\/uploads\/b3c76527-827b-4170-bc28-23e0a9d0117d_1080p_3000k.mp4<\/a><\/video><\/div>\n<hr \/>\n<p>Kurulu\u015f Orhan yeni sezonda sadece yenilenen hikayesi ile de\u011fil, dev oyuncu kadrosuylada reytingleri alt\u00fcst edecek gibi duruyor. \u00d6zellikle Burak \u00d6z\u00e7ivit&#8217;in ard\u0131ndan <a href=\"https:\/\/www.tgrthaber.com\/mavikadin\/kurulus-orhanda-mert-yazicioglu-bolum-basina-ne-kadar-para-alacak-mert-yazicioglunun-partneri-kim\/\">Mert Yaz\u0131c\u0131o\u011flu<\/a>&#8216;nun performans\u0131 en \u00e7ok merak edilen konular aras\u0131nda yer al\u0131yor.<\/p>\n","protected":false},"excerpt":{"rendered":"<p>Ekranlar\u0131n en \u00e7ok merak edilen dizisi Kurulu\u015f Orhan i\u00e7in geri say\u0131m resmen ba\u015flad\u0131. Kurulu\u015f Osman&#8217;\u0131n miras\u0131n\u0131 devralan Kurulu\u015f Orhan, sosyal medyan\u0131n g\u00fcndeminden d\u00fc\u015fm\u00fcyor. \u00d6zellikle Kurulu\u015f Orhan&#8217;\u0131n yay\u0131n tarihi, ne zaman ekranlarda olaca\u011f\u0131 merak konusu oldu. Peki Kurulu\u015f Orhan bu ak\u015fam var m\u0131? Kurulu\u015f Orhan yay\u0131n tarihi belli oldu mu? \u0130\u015fte detaylar&#8230;<\/p>\n","protected":false},"author":35,"featured_media":249442,"comment_status":"closed","ping_status":"closed","sticky":false,"template":"","format":"standard","meta":{"rank_math_lock_modified_date":false,"footnotes":""},"categories":[602],"tags":[28143,3602,60770,62275,2307],"class_list":["post-249433","post","type-post","status-publish","format-standard","has-post-thumbnail","hentry","category-diziler","tag-atv-dizisi","tag-diziler","tag-kurulus-orhan","tag-kurulus-orhan-ne-zaman","tag-mert-yazicioglu"],"_links":{"self":[{"href":"https:\/\/www.tgrthaber.com\/mavikadin\/wp-json\/wp\/v2\/posts\/249433"}],"collection":[{"href":"https:\/\/www.tgrthaber.com\/mavikadin\/wp-json\/wp\/v2\/posts"}],"about":[{"href":"https:\/\/www.tgrthaber.com\/mavikadin\/wp-json\/wp\/v2\/types\/post"}],"author":[{"embeddable":true,"href":"https:\/\/www.tgrthaber.com\/mavikadin\/wp-json\/wp\/v2\/users\/35"}],"replies":[{"embeddable":true,"href":"https:\/\/www.tgrthaber.com\/mavikadin\/wp-json\/wp\/v2\/comments?post=249433"}],"version-history":[{"count":1,"href":"https:\/\/www.tgrthaber.com\/mavikadin\/wp-json\/wp\/v2\/posts\/249433\/revisions"}],"predecessor-version":[{"id":249464,"href":"https:\/\/www.tgrthaber.com\/mavikadin\/wp-json\/wp\/v2\/posts\/249433\/revisions\/249464"}],"wp:featuredmedia":[{"embeddable":true,"href":"https:\/\/www.tgrthaber.com\/mavikadin\/wp-json\/wp\/v2\/media\/249442"}],"wp:attachment":[{"href":"https:\/\/www.tgrthaber.com\/mavikadin\/wp-json\/wp\/v2\/media?parent=249433"}],"wp:term":[{"taxonomy":"category","embeddable":true,"href":"https:\/\/www.tgrthaber.com\/mavikadin\/wp-json\/wp\/v2\/categories?post=249433"},{"taxonomy":"post_tag","embeddable":true,"href":"https:\/\/www.tgrthaber.com\/mavikadin\/wp-json\/wp\/v2\/tags?post=249433"}],"curies":[{"name":"wp","href":"https:\/\/api.w.org\/{rel}","templated":true}]}}