{"id":249562,"date":"2025-10-15T20:37:42","date_gmt":"2025-10-15T17:37:42","guid":{"rendered":"https:\/\/www.tgrthaber.com\/mavikadin\/?p=249562"},"modified":"2025-10-15T20:37:43","modified_gmt":"2025-10-15T17:37:43","slug":"yeralti-dizisinde-deniz-can-aktasin-partneri-belli-oldu-kulisleri-alevlendiren-transfer","status":"publish","type":"post","link":"https:\/\/www.tgrthaber.com\/mavikadin\/yeralti-dizisinde-deniz-can-aktasin-partneri-belli-oldu-kulisleri-alevlendiren-transfer\/","title":{"rendered":"Yeralt\u0131 dizisinde Deniz Can Akta\u015f&#8217;\u0131n partneri belli oldu! Kulisleri alevlendiren transfer"},"content":{"rendered":"<p>Medyap\u0131m imzal\u0131 Yeralt\u0131 dizisiyle ilgili fla\u015f bir geli\u015fme ya\u015fand\u0131. NOW ekranlar\u0131nda yak\u0131nda olmas\u0131 planlanan Yeralt\u0131 dizisinde Deniz Can Akta\u015f&#8217;\u0131n partneri belli oldu. Daha \u00f6nce teklif g\u00f6t\u00fcr\u00fclen Devrim \u00d6zkan&#8217;la sonunda el s\u0131k\u0131\u015f\u0131ld\u0131. Gazeteci Birsen Altunta\u015f&#8217;\u0131n haberine g\u00f6re Devrim \u00d6zkan, Yeralt\u0131 i\u00e7in evet dedi. Sosyal medyay\u0131 \u00e7alkalayan bu geli\u015fme sonras\u0131 g\u00f6zler dizinin yay\u0131nlanaca\u011f\u0131 tarihe \u00e7evrildi. \u0130\u015fte detaylar&#8230;<\/p>\n<h3>YERALTI D\u0130Z\u0130S\u0130NDE DEN\u0130Z CAN AKTA\u015e&#8217;IN PARTNER\u0130 BELL\u0130 OLDU<\/h3>\n<p>NOW ekranlar\u0131nda sab\u0131rs\u0131zl\u0131kla beklenen Yeralt\u0131 dizisi s\u00fcrpriz bir transfer haberiyle konu\u015fuluyor. Dizide Haydar Ali rol\u00fcn\u00fc oynayacak Deniz Can Akta\u015f&#8217;a partner olarak g\u00fczel oyuncu Devrim \u00d6zkan, Yeralt\u0131 dizisine Ceylan rol\u00fcyle geliyor.<\/p>\n<p><img loading=\"lazy\" decoding=\"async\" class=\"alignnone wp-image-249569\" src=\"https:\/\/www.tgrthaber.com\/mavikadin\/wp-content\/uploads\/s-fe2eaaf6e8c69b2da3f586f36c80b2fbfc593b14-300x169.jpg\" alt=\"\" width=\"1208\" height=\"680\" title=\"\" srcset=\"https:\/\/www.tgrthaber.com\/mavikadin\/wp-content\/uploads\/s-fe2eaaf6e8c69b2da3f586f36c80b2fbfc593b14-300x169.jpg 300w, https:\/\/www.tgrthaber.com\/mavikadin\/wp-content\/uploads\/s-fe2eaaf6e8c69b2da3f586f36c80b2fbfc593b14-1024x576.jpg 1024w, https:\/\/www.tgrthaber.com\/mavikadin\/wp-content\/uploads\/s-fe2eaaf6e8c69b2da3f586f36c80b2fbfc593b14-768x432.jpg 768w, https:\/\/www.tgrthaber.com\/mavikadin\/wp-content\/uploads\/s-fe2eaaf6e8c69b2da3f586f36c80b2fbfc593b14.jpg 1200w\" sizes=\"(max-width: 1208px) 100vw, 1208px\" \/><\/p>\n<hr \/>\n<p>Uzun zamand\u0131r Yeralt\u0131 ba\u015frol kad\u0131n oyuncu beklenirken, s\u00fcrpriz transferle sosyal medyada hareketlendi. Yeni favori \u00e7ift yolda yorumlar\u0131 ard\u0131 ard\u0131na ya\u011fd\u0131.<\/p>\n<p><img loading=\"lazy\" decoding=\"async\" class=\"alignnone wp-image-249572\" src=\"https:\/\/www.tgrthaber.com\/mavikadin\/wp-content\/uploads\/i-20-4-300x169.webp\" alt=\"\" width=\"1208\" height=\"680\" title=\"\" srcset=\"https:\/\/www.tgrthaber.com\/mavikadin\/wp-content\/uploads\/i-20-4-300x169.webp 300w, https:\/\/www.tgrthaber.com\/mavikadin\/wp-content\/uploads\/i-20-4.webp 480w\" sizes=\"(max-width: 1208px) 100vw, 1208px\" \/><\/p>\n<hr \/>\n<h3>KUL\u0130SLER\u0130 ALEVLEND\u0130REN TRANSFER<\/h3>\n<p>Vermem Seni Ellere ve Gelsin Hayat Bildi\u011fi Gibi yap\u0131mlarda performans\u0131ndan s\u00f6z ettiren Devrim \u00d6zkan&#8217;\u0131n Yeralt\u0131 dizisinde rol alacak olmas\u0131 kulisleri de adeta alevlendirdi.<\/p>\n<p><img loading=\"lazy\" decoding=\"async\" class=\"alignnone wp-image-249573\" src=\"https:\/\/www.tgrthaber.com\/mavikadin\/wp-content\/uploads\/diger-resim-ad3aa996-bcd0-4af0-ad3c-efe7d2ef1b0e-300x169.jpg\" alt=\"\" width=\"1208\" height=\"680\" title=\"\" srcset=\"https:\/\/www.tgrthaber.com\/mavikadin\/wp-content\/uploads\/diger-resim-ad3aa996-bcd0-4af0-ad3c-efe7d2ef1b0e-300x169.jpg 300w, https:\/\/www.tgrthaber.com\/mavikadin\/wp-content\/uploads\/diger-resim-ad3aa996-bcd0-4af0-ad3c-efe7d2ef1b0e-1024x576.jpg 1024w, https:\/\/www.tgrthaber.com\/mavikadin\/wp-content\/uploads\/diger-resim-ad3aa996-bcd0-4af0-ad3c-efe7d2ef1b0e-768x432.jpg 768w, https:\/\/www.tgrthaber.com\/mavikadin\/wp-content\/uploads\/diger-resim-ad3aa996-bcd0-4af0-ad3c-efe7d2ef1b0e.jpg 1280w\" sizes=\"(max-width: 1208px) 100vw, 1208px\" \/><\/p>\n<hr \/>\n<p>Devrim \u00d6zkan&#8217;\u0131n Deniz Can Akta\u015f ile yakalayaca\u011f\u0131 uyum ise \u015fimdiden merak ediliyor. Kulislere g\u00f6re \u00d6zkan&#8217;\u0131n dizideki karakteri hikayenin gidi\u015fat\u0131n\u0131 de\u011fi\u015ftirecek cinsten olacak.<\/p>\n<p><img loading=\"lazy\" decoding=\"async\" class=\"alignnone wp-image-249574\" src=\"https:\/\/www.tgrthaber.com\/mavikadin\/wp-content\/uploads\/uraz-kaygilaroglu-siyah-ojesiyle-tartisma-yaratti-sosyal-medya-ikiye-bolundu-hIY8-1-300x169.webp\" alt=\"\" width=\"1208\" height=\"680\" title=\"\" srcset=\"https:\/\/www.tgrthaber.com\/mavikadin\/wp-content\/uploads\/uraz-kaygilaroglu-siyah-ojesiyle-tartisma-yaratti-sosyal-medya-ikiye-bolundu-hIY8-1-300x169.webp 300w, https:\/\/www.tgrthaber.com\/mavikadin\/wp-content\/uploads\/uraz-kaygilaroglu-siyah-ojesiyle-tartisma-yaratti-sosyal-medya-ikiye-bolundu-hIY8-1-1024x576.webp 1024w, https:\/\/www.tgrthaber.com\/mavikadin\/wp-content\/uploads\/uraz-kaygilaroglu-siyah-ojesiyle-tartisma-yaratti-sosyal-medya-ikiye-bolundu-hIY8-1-768x432.webp 768w, https:\/\/www.tgrthaber.com\/mavikadin\/wp-content\/uploads\/uraz-kaygilaroglu-siyah-ojesiyle-tartisma-yaratti-sosyal-medya-ikiye-bolundu-hIY8-1.webp 1230w\" sizes=\"(max-width: 1208px) 100vw, 1208px\" \/><\/p>\n<hr \/>\n<p><a href=\"https:\/\/www.tgrthaber.com\/mavikadin\/yeralti-dizisine-bomba-transfer-uraz-kaygilaroglunun-surpriz-hamlesi-konusuluyor\/\">Yeralt\u0131 dizisi<\/a>nin di\u011fer oyuncular\u0131 i\u00e7in g\u00f6r\u00fc\u015fmeler s\u00fcr\u00fcyor. Ekibin kadroyu tamamlad\u0131ktan sonra sete \u00e7\u0131kmas\u0131 bekleniyor. Dizinin ilk tan\u0131t\u0131m\u0131n\u0131n ise bu y\u0131l bitmeden payla\u015f\u0131laca\u011f\u0131 tahmin ediliyor.<\/p>\n<p><img loading=\"lazy\" decoding=\"async\" class=\"alignnone wp-image-249571\" src=\"https:\/\/www.tgrthaber.com\/mavikadin\/wp-content\/uploads\/7eaafb3755d23659d8bd9b6b1cac9b52-300x169.webp\" alt=\"\" width=\"1208\" height=\"680\" title=\"\" srcset=\"https:\/\/www.tgrthaber.com\/mavikadin\/wp-content\/uploads\/7eaafb3755d23659d8bd9b6b1cac9b52-300x169.webp 300w, https:\/\/www.tgrthaber.com\/mavikadin\/wp-content\/uploads\/7eaafb3755d23659d8bd9b6b1cac9b52-1024x576.webp 1024w, https:\/\/www.tgrthaber.com\/mavikadin\/wp-content\/uploads\/7eaafb3755d23659d8bd9b6b1cac9b52-768x432.webp 768w, https:\/\/www.tgrthaber.com\/mavikadin\/wp-content\/uploads\/7eaafb3755d23659d8bd9b6b1cac9b52-1536x864.webp 1536w, https:\/\/www.tgrthaber.com\/mavikadin\/wp-content\/uploads\/7eaafb3755d23659d8bd9b6b1cac9b52.webp 1920w\" sizes=\"(max-width: 1208px) 100vw, 1208px\" \/><\/p>\n<hr \/>\n<h3>DEVR\u0130M \u00d6ZKAN K\u0130MD\u0130R, KA\u00c7 YA\u015eINDA?<\/h3>\n<p>Devrim \u00d6zkan 2 Eyl\u00fcl 1998 do\u011fumludur. G\u00fczel oyuncu Mu\u011fla&#8217;da d\u00fcnyaya gelmi\u015ftir. Mu\u011fla S\u0131tk\u0131 Ko\u00e7man \u00dcniversitesi G\u00fczel Sanatlar Fak\u00fcltesi Oyunculuk B\u00f6l\u00fcm\u00fc mezunudur.<\/p>\n<p><img loading=\"lazy\" decoding=\"async\" class=\"alignnone wp-image-249570\" src=\"https:\/\/www.tgrthaber.com\/mavikadin\/wp-content\/uploads\/i-21-4-300x169.webp\" alt=\"\" width=\"1208\" height=\"680\" title=\"\" srcset=\"https:\/\/www.tgrthaber.com\/mavikadin\/wp-content\/uploads\/i-21-4-300x169.webp 300w, https:\/\/www.tgrthaber.com\/mavikadin\/wp-content\/uploads\/i-21-4.webp 480w\" sizes=\"(max-width: 1208px) 100vw, 1208px\" \/><\/p>\n<hr \/>\n<p>Devrim \u00d6zkan ilk kez 2017 y\u0131l\u0131nda R\u00fcya dizisinde \u0130pek Giray rol\u00fcyle ad\u0131n\u0131 duyurmu\u015ftur. Daha sonra g\u00fczel oyuncu Vatan\u0131m Sensin, Vuslat, Ramo, Gelsin Hayat Bildi\u011fi Gibi, \u00c7ift Ki\u015filik Oda ve Ne Gemiler Yakt\u0131m gibi yap\u0131mlarda rol alarak geni\u015f kitlelerce tan\u0131nm\u0131\u015ft\u0131r. \u00d6zellikle Gelsin Hayat Bildi\u011fi Gibi dizisinde Song\u00fcl rol\u00fcyle b\u00fcy\u00fck be\u011feni toplam\u0131\u015ft\u0131r.<\/p>\n","protected":false},"excerpt":{"rendered":"<p>Yeni sezonun iddial\u0131 projeleri aras\u0131nda g\u00f6sterilen Yeralt\u0131 dizisine dair kulisleri alevlendiren bir transfer haberi g\u00fcndemde. NOW TV&#8217;nin yeni dizisi Yeralt\u0131&#8217;n\u0131n ba\u015frol oyuncusu Deniz Can Akta\u015f&#8217;\u0131nb partneri sonunda belli oldu. \u0130\u015fte detaylar&#8230;<\/p>\n","protected":false},"author":35,"featured_media":249565,"comment_status":"closed","ping_status":"closed","sticky":false,"template":"","format":"standard","meta":{"rank_math_lock_modified_date":false,"footnotes":""},"categories":[602],"tags":[21462,159,64475,3602,61211],"class_list":["post-249562","post","type-post","status-publish","format-standard","has-post-thumbnail","hentry","category-diziler","tag-deniz-can-aktas","tag-devrim-ozkan","tag-devrim-ozkan-kimdir","tag-diziler","tag-yeralti-dizisi"],"_links":{"self":[{"href":"https:\/\/www.tgrthaber.com\/mavikadin\/wp-json\/wp\/v2\/posts\/249562"}],"collection":[{"href":"https:\/\/www.tgrthaber.com\/mavikadin\/wp-json\/wp\/v2\/posts"}],"about":[{"href":"https:\/\/www.tgrthaber.com\/mavikadin\/wp-json\/wp\/v2\/types\/post"}],"author":[{"embeddable":true,"href":"https:\/\/www.tgrthaber.com\/mavikadin\/wp-json\/wp\/v2\/users\/35"}],"replies":[{"embeddable":true,"href":"https:\/\/www.tgrthaber.com\/mavikadin\/wp-json\/wp\/v2\/comments?post=249562"}],"version-history":[{"count":2,"href":"https:\/\/www.tgrthaber.com\/mavikadin\/wp-json\/wp\/v2\/posts\/249562\/revisions"}],"predecessor-version":[{"id":249576,"href":"https:\/\/www.tgrthaber.com\/mavikadin\/wp-json\/wp\/v2\/posts\/249562\/revisions\/249576"}],"wp:featuredmedia":[{"embeddable":true,"href":"https:\/\/www.tgrthaber.com\/mavikadin\/wp-json\/wp\/v2\/media\/249565"}],"wp:attachment":[{"href":"https:\/\/www.tgrthaber.com\/mavikadin\/wp-json\/wp\/v2\/media?parent=249562"}],"wp:term":[{"taxonomy":"category","embeddable":true,"href":"https:\/\/www.tgrthaber.com\/mavikadin\/wp-json\/wp\/v2\/categories?post=249562"},{"taxonomy":"post_tag","embeddable":true,"href":"https:\/\/www.tgrthaber.com\/mavikadin\/wp-json\/wp\/v2\/tags?post=249562"}],"curies":[{"name":"wp","href":"https:\/\/api.w.org\/{rel}","templated":true}]}}