{"id":250362,"date":"2025-10-17T13:57:26","date_gmt":"2025-10-17T10:57:26","guid":{"rendered":"https:\/\/www.tgrthaber.com\/mavikadin\/?p=250362"},"modified":"2025-10-17T13:57:26","modified_gmt":"2025-10-17T10:57:26","slug":"kisin-boya-sonrasi-sac-bakimi-nasil-yapilmali-uzman-onerileriyle","status":"publish","type":"post","link":"https:\/\/www.tgrthaber.com\/mavikadin\/kisin-boya-sonrasi-sac-bakimi-nasil-yapilmali-uzman-onerileriyle\/","title":{"rendered":"K\u0131\u015f\u0131n boya sonras\u0131 sa\u00e7 bak\u0131m\u0131 nas\u0131l yap\u0131lmal\u0131? Uzman \u00f6nerileriyle"},"content":{"rendered":"<p>Kad\u0131nlar\u0131n \u00e7o\u011fu sa\u00e7lar\u0131n\u0131 d\u00fczenli olarak boyama i\u015flemi yapt\u0131r\u0131yor. Ancak boya i\u015flemi sonras\u0131 nas\u0131l bir bak\u0131m yap\u0131laca\u011f\u0131n\u0131 bilmiyorlar. \u00d6zellikle de k\u0131\u015f\u0131n boya sonras\u0131 sa\u00e7lara nas\u0131l bak\u0131m yap\u0131lmal\u0131? En \u00e7ok ara\u015ft\u0131r\u0131lan konulardan biri oldu. Bizde sizin i\u00e7in uzman \u00f6nerisiyle boya sonras\u0131 yap\u0131lmas\u0131 gerekenleri at\u0131\u015ft\u0131rd\u0131k. \u0130\u015fte detaylar\u2026<\/p>\n<h3>KI\u015eIN BOYA SONRASI SA\u00c7 BAKIMI NASIL YAPILMALI?<\/h3>\n<p>Sa\u00e7 boyama konusunda sa\u00e7\u0131 boyaman\u0131n yan\u0131 s\u0131ra boya sonras\u0131 bak\u0131m da olduk\u00e7a \u00f6nemlidir. Boyalar\u0131n k\u0131sa s\u00fcrede akmamas\u0131 i\u00e7in ve sa\u00e7lara zarar vermemesi i\u00e7in boya sonras\u0131 bak\u0131mlar her sa\u00e7\u0131n\u0131 boyatan ki\u015filer i\u00e7in dikkat etmesi gerekenler aras\u0131nda yer al\u0131r.<\/p>\n<p><img loading=\"lazy\" decoding=\"async\" class=\"alignnone size-full wp-image-250385\" src=\"https:\/\/www.tgrthaber.com\/mavikadin\/wp-content\/uploads\/ARZU-2025-10-17T135242.338.jpg\" alt=\"K\u0131\u015f\u0131n boya sonras\u0131 sa\u00e7 bak\u0131m\u0131 nas\u0131l yap\u0131lmal\u0131? Uzman \u00f6nerileriyle\" width=\"1208\" height=\"680\" title=\"\" srcset=\"https:\/\/www.tgrthaber.com\/mavikadin\/wp-content\/uploads\/ARZU-2025-10-17T135242.338.jpg 1208w, https:\/\/www.tgrthaber.com\/mavikadin\/wp-content\/uploads\/ARZU-2025-10-17T135242.338-300x169.jpg 300w, https:\/\/www.tgrthaber.com\/mavikadin\/wp-content\/uploads\/ARZU-2025-10-17T135242.338-1024x576.jpg 1024w, https:\/\/www.tgrthaber.com\/mavikadin\/wp-content\/uploads\/ARZU-2025-10-17T135242.338-768x432.jpg 768w\" sizes=\"(max-width: 1208px) 100vw, 1208px\" \/><\/p>\n<hr \/>\n<p>Herkes<a href=\"https:\/\/www.tgrthaber.com\/mavikadin\/kul-rengi-saclara-sahip-olmak-cok-kolay-saclari-yakmadan\/\"> sa\u00e7 boyama<\/a> sonras\u0131 parlak ve uzun s\u00fcreler boyunca rengin kalmas\u0131n\u0131 ister. Sa\u00e7lara uygulanan bak\u0131m teknikleri ile istenilen bu i\u015flem kolayl\u0131kla hallolur. Sa\u00e7\u0131n\u0131z\u0131 boyad\u0131ktan sonra y\u0131kama i\u015fleminde s\u0131cak su kullan\u0131m\u0131ndan ka\u00e7\u0131nmal\u0131s\u0131n\u0131z.<\/p>\n<p><img loading=\"lazy\" decoding=\"async\" class=\"alignnone size-full wp-image-250384\" src=\"https:\/\/www.tgrthaber.com\/mavikadin\/wp-content\/uploads\/ARZU-2025-10-17T135253.197.jpg\" alt=\"K\u0131\u015f\u0131n boya sonras\u0131 sa\u00e7 bak\u0131m\u0131 nas\u0131l yap\u0131lmal\u0131? Uzman \u00f6nerileriyle\" width=\"1208\" height=\"680\" title=\"\" srcset=\"https:\/\/www.tgrthaber.com\/mavikadin\/wp-content\/uploads\/ARZU-2025-10-17T135253.197.jpg 1208w, https:\/\/www.tgrthaber.com\/mavikadin\/wp-content\/uploads\/ARZU-2025-10-17T135253.197-300x169.jpg 300w, https:\/\/www.tgrthaber.com\/mavikadin\/wp-content\/uploads\/ARZU-2025-10-17T135253.197-1024x576.jpg 1024w, https:\/\/www.tgrthaber.com\/mavikadin\/wp-content\/uploads\/ARZU-2025-10-17T135253.197-768x432.jpg 768w\" sizes=\"(max-width: 1208px) 100vw, 1208px\" \/><\/p>\n<hr \/>\n<p>\u00c7\u00fcnk\u00fc s\u0131cak su boyan\u0131n daha \u00e7abuk akmas\u0131na neden olur. Sa\u00e7lar da mat bir g\u00f6r\u00fcn\u00fcm verir. Il\u0131k ya da so\u011fuk su kullan\u0131l\u0131rsa sa\u00e7 boyas\u0131 rengin daha iyi oturmas\u0131na neden olur. \u00d6zellikle de s\u00fclfat\u0131z \u015fampuan kullan\u0131l\u0131rsa boyan\u0131n rengi uzun s\u00fcre sa\u00e7\u0131n\u0131zda kalmas\u0131na yard\u0131mc\u0131 olur. S\u0131k s\u0131k du\u015f alan biriyseniz de boyan\u0131n akmamas\u0131 i\u00e7in bu \u015fampuan\u0131 kesinlikle kullanmal\u0131s\u0131n\u0131z.<\/p>\n<p><img loading=\"lazy\" decoding=\"async\" class=\"alignnone size-full wp-image-250383\" src=\"https:\/\/www.tgrthaber.com\/mavikadin\/wp-content\/uploads\/ARZU-2025-10-17T135301.747.jpg\" alt=\"K\u0131\u015f\u0131n boya sonras\u0131 sa\u00e7 bak\u0131m\u0131 nas\u0131l yap\u0131lmal\u0131? Uzman \u00f6nerileriyle\" width=\"1208\" height=\"680\" title=\"\" srcset=\"https:\/\/www.tgrthaber.com\/mavikadin\/wp-content\/uploads\/ARZU-2025-10-17T135301.747.jpg 1208w, https:\/\/www.tgrthaber.com\/mavikadin\/wp-content\/uploads\/ARZU-2025-10-17T135301.747-300x169.jpg 300w, https:\/\/www.tgrthaber.com\/mavikadin\/wp-content\/uploads\/ARZU-2025-10-17T135301.747-1024x576.jpg 1024w, https:\/\/www.tgrthaber.com\/mavikadin\/wp-content\/uploads\/ARZU-2025-10-17T135301.747-768x432.jpg 768w\" sizes=\"(max-width: 1208px) 100vw, 1208px\" \/><\/p>\n<hr \/>\n<p>Sa\u00e7 boyalar\u0131, i\u00e7erisinde bulunan kimyasallar nedeniyle sa\u00e7\u0131 bir miktar kurutabilir. O y\u00fczden de sa\u00e7\u0131n\u0131zda boya i\u015flemi sonunda mutlaka bir sa\u00e7 kremi kullanmal\u0131s\u0131n\u0131z. Sa\u00e7 boyas\u0131n\u0131 kulland\u0131ktan sonra birka\u00e7 g\u00fcn daha sa\u00e7\u0131n\u0131za besleyici sa\u00e7 maskeleri de uygulayabilirsiniz.<\/p>\n<p><img loading=\"lazy\" decoding=\"async\" class=\"alignnone size-full wp-image-250382\" src=\"https:\/\/www.tgrthaber.com\/mavikadin\/wp-content\/uploads\/ARZU-2025-10-17T135311.094.jpg\" alt=\"K\u0131\u015f\u0131n boya sonras\u0131 sa\u00e7 bak\u0131m\u0131 nas\u0131l yap\u0131lmal\u0131? Uzman \u00f6nerileriyle\" width=\"1208\" height=\"680\" title=\"\" srcset=\"https:\/\/www.tgrthaber.com\/mavikadin\/wp-content\/uploads\/ARZU-2025-10-17T135311.094.jpg 1208w, https:\/\/www.tgrthaber.com\/mavikadin\/wp-content\/uploads\/ARZU-2025-10-17T135311.094-300x169.jpg 300w, https:\/\/www.tgrthaber.com\/mavikadin\/wp-content\/uploads\/ARZU-2025-10-17T135311.094-1024x576.jpg 1024w, https:\/\/www.tgrthaber.com\/mavikadin\/wp-content\/uploads\/ARZU-2025-10-17T135311.094-768x432.jpg 768w\" sizes=\"(max-width: 1208px) 100vw, 1208px\" \/><\/p>\n<hr \/>\n<p>Ayr\u0131ca boyan\u0131n tazeli\u011fini korumak i\u00e7in de bir s\u00fcre y\u0131kma i\u015fleminin yerine durulanmayan sa\u00e7 kremleri ya da spreyler kullan\u0131rsan\u0131z da sa\u00e7lardaki boyan\u0131n daha uzun s\u00fcre kalmas\u0131n\u0131 sa\u011flayabilirsiniz. \u00a0Boyal\u0131 sa\u00e7lar i\u00e7in \u00f6zel tasarlanan bak\u0131m \u00fcr\u00fcnlerini tercih ederek sa\u00e7lar\u0131n\u0131z\u0131 istedi\u011finiz yumu\u015fakl\u0131kta yapabilirsiniz.<\/p>\n<p><img loading=\"lazy\" decoding=\"async\" class=\"alignnone size-full wp-image-250381\" src=\"https:\/\/www.tgrthaber.com\/mavikadin\/wp-content\/uploads\/ARZU-2025-10-17T135317.775.jpg\" alt=\"K\u0131\u015f\u0131n boya sonras\u0131 sa\u00e7 bak\u0131m\u0131 nas\u0131l yap\u0131lmal\u0131? Uzman \u00f6nerileriyle\" width=\"1208\" height=\"680\" title=\"\" srcset=\"https:\/\/www.tgrthaber.com\/mavikadin\/wp-content\/uploads\/ARZU-2025-10-17T135317.775.jpg 1208w, https:\/\/www.tgrthaber.com\/mavikadin\/wp-content\/uploads\/ARZU-2025-10-17T135317.775-300x169.jpg 300w, https:\/\/www.tgrthaber.com\/mavikadin\/wp-content\/uploads\/ARZU-2025-10-17T135317.775-1024x576.jpg 1024w, https:\/\/www.tgrthaber.com\/mavikadin\/wp-content\/uploads\/ARZU-2025-10-17T135317.775-768x432.jpg 768w\" sizes=\"(max-width: 1208px) 100vw, 1208px\" \/><\/p>\n<hr \/>\n<p>Boyadan hemen sonra \u015fampuan kullanmak, bir miktar boyan\u0131n da akmas\u0131na neden olabilir. Boyan\u0131n parlak ve taze ve g\u00f6r\u00fcn\u00fcm\u00fcn\u00fc korumak i\u00e7in sa\u00e7 tellerine i\u015flenmesi gerekir. Sa\u00e7\u0131n\u0131z\u0131 boyad\u0131ktan sonra y\u0131kama i\u015fleminde ilk seferde hemen \u015fampuan kullanmay\u0131n. \u00d6ncelikle \u0131l\u0131k bir su ile boyan\u0131n akmas\u0131n\u0131 sa\u011flay\u0131n.<\/p>\n<p><img loading=\"lazy\" decoding=\"async\" class=\"alignnone size-full wp-image-250380\" src=\"https:\/\/www.tgrthaber.com\/mavikadin\/wp-content\/uploads\/ARZU-2025-10-17T135331.017.jpg\" alt=\"K\u0131\u015f\u0131n boya sonras\u0131 sa\u00e7 bak\u0131m\u0131 nas\u0131l yap\u0131lmal\u0131? Uzman \u00f6nerileriyle\" width=\"1208\" height=\"680\" title=\"\" srcset=\"https:\/\/www.tgrthaber.com\/mavikadin\/wp-content\/uploads\/ARZU-2025-10-17T135331.017.jpg 1208w, https:\/\/www.tgrthaber.com\/mavikadin\/wp-content\/uploads\/ARZU-2025-10-17T135331.017-300x169.jpg 300w, https:\/\/www.tgrthaber.com\/mavikadin\/wp-content\/uploads\/ARZU-2025-10-17T135331.017-1024x576.jpg 1024w, https:\/\/www.tgrthaber.com\/mavikadin\/wp-content\/uploads\/ARZU-2025-10-17T135331.017-768x432.jpg 768w\" sizes=\"(max-width: 1208px) 100vw, 1208px\" \/><\/p>\n<hr \/>\n<p>Durulama i\u015fleminde ilk etapta su olduk\u00e7a yeterlidir. Boyay\u0131 su ile sa\u00e7tan ar\u0131nd\u0131rd\u0131ktan sonra bir sa\u00e7 kremiyle boyan\u0131n olu\u015fturaca\u011f\u0131 kurulu\u011fu \u00f6nleyebilirsiniz. 2 ya da 3 g\u00fcn sonra sa\u00e7lar\u0131n\u0131z\u0131 \u015fampuan ile y\u0131kayabilirsiniz. Sa\u00e7lar yeni boyand\u0131\u011f\u0131 zaman sa\u00e7 y\u0131kama d\u00f6ng\u00fcn\u00fcz de uzar. B\u00f6ylelikle boyan\u0131n taze g\u00f6r\u00fcn\u00fcm\u00fcn\u00fcn korunmas\u0131na olanak sa\u011flarken ayr\u0131ca da sa\u00e7lar\u0131n\u0131z\u0131n nem dengesinin korunmas\u0131na yard\u0131mc\u0131 olur.<\/p>\n<h3><img loading=\"lazy\" decoding=\"async\" class=\"alignnone size-full wp-image-250379\" src=\"https:\/\/www.tgrthaber.com\/mavikadin\/wp-content\/uploads\/ARZU-2025-10-17T135341.326.jpg\" alt=\"K\u0131\u015f\u0131n boya sonras\u0131 sa\u00e7 bak\u0131m\u0131 nas\u0131l yap\u0131lmal\u0131? Uzman \u00f6nerileriyle\" width=\"1208\" height=\"680\" title=\"\" srcset=\"https:\/\/www.tgrthaber.com\/mavikadin\/wp-content\/uploads\/ARZU-2025-10-17T135341.326.jpg 1208w, https:\/\/www.tgrthaber.com\/mavikadin\/wp-content\/uploads\/ARZU-2025-10-17T135341.326-300x169.jpg 300w, https:\/\/www.tgrthaber.com\/mavikadin\/wp-content\/uploads\/ARZU-2025-10-17T135341.326-1024x576.jpg 1024w, https:\/\/www.tgrthaber.com\/mavikadin\/wp-content\/uploads\/ARZU-2025-10-17T135341.326-768x432.jpg 768w\" sizes=\"(max-width: 1208px) 100vw, 1208px\" \/><\/h3>\n<hr \/>\n<h3>UZMAN \u00d6NER\u0130LER\u0130YLE<\/h3>\n<p>Sa\u00e7 boyalar\u0131 hemen istenilen sa\u00e7 rengini sizlere vermez. Zamanla sa\u00e7 renginiz de oturmalar g\u00f6r\u00fcrs\u00fcn\u00fcz. \u00c7\u00fcnk\u00fc sa\u00e7 boyas\u0131ndaki amonyak, boya molek\u00fcllerinin i\u00e7eri girmesine izin vermesi halinde sa\u00e7 bariyerini y\u0131kar. Bu kimyasal, sa\u00e7\u0131n pH\u2019\u0131n\u0131 y\u00fckseltir ve bunu yaparken, bariyer zay\u0131flar.<\/p>\n<p><img loading=\"lazy\" decoding=\"async\" class=\"alignnone size-full wp-image-250378\" src=\"https:\/\/www.tgrthaber.com\/mavikadin\/wp-content\/uploads\/ARZU-2025-10-17T135353.041.jpg\" alt=\"K\u0131\u015f\u0131n boya sonras\u0131 sa\u00e7 bak\u0131m\u0131 nas\u0131l yap\u0131lmal\u0131? Uzman \u00f6nerileriyle\" width=\"1208\" height=\"680\" title=\"\" srcset=\"https:\/\/www.tgrthaber.com\/mavikadin\/wp-content\/uploads\/ARZU-2025-10-17T135353.041.jpg 1208w, https:\/\/www.tgrthaber.com\/mavikadin\/wp-content\/uploads\/ARZU-2025-10-17T135353.041-300x169.jpg 300w, https:\/\/www.tgrthaber.com\/mavikadin\/wp-content\/uploads\/ARZU-2025-10-17T135353.041-1024x576.jpg 1024w, https:\/\/www.tgrthaber.com\/mavikadin\/wp-content\/uploads\/ARZU-2025-10-17T135353.041-768x432.jpg 768w\" sizes=\"(max-width: 1208px) 100vw, 1208px\" \/><\/p>\n<hr \/>\n<p>Bariyer kalk\u0131nca da renkler zamanla sa\u00e7a oturur. Bunun i\u00e7in de sa\u00e7 kremlerini boyama i\u015fleminde do\u011fru kullan\u0131lmas\u0131 gerekir. \u0130lk etapta sa\u00e7lar\u0131n\u0131z\u0131n zarar g\u00f6rmesini \u00f6nlemek i\u00e7in sa\u00e7 kremleri olduk\u00e7a \u00f6nemlidir. Direkt diplere de\u011fil sa\u00e7 u\u00e7lar\u0131nda ba\u015flayarak kullan\u0131lmas\u0131 gerekir.<\/p>\n<p><img loading=\"lazy\" decoding=\"async\" class=\"alignnone size-full wp-image-250377\" src=\"https:\/\/www.tgrthaber.com\/mavikadin\/wp-content\/uploads\/ARZU-2025-10-17T135406.930.jpg\" alt=\"K\u0131\u015f\u0131n boya sonras\u0131 sa\u00e7 bak\u0131m\u0131 nas\u0131l yap\u0131lmal\u0131? Uzman \u00f6nerileriyle\" width=\"1208\" height=\"680\" title=\"\" srcset=\"https:\/\/www.tgrthaber.com\/mavikadin\/wp-content\/uploads\/ARZU-2025-10-17T135406.930.jpg 1208w, https:\/\/www.tgrthaber.com\/mavikadin\/wp-content\/uploads\/ARZU-2025-10-17T135406.930-300x169.jpg 300w, https:\/\/www.tgrthaber.com\/mavikadin\/wp-content\/uploads\/ARZU-2025-10-17T135406.930-1024x576.jpg 1024w, https:\/\/www.tgrthaber.com\/mavikadin\/wp-content\/uploads\/ARZU-2025-10-17T135406.930-768x432.jpg 768w\" sizes=\"(max-width: 1208px) 100vw, 1208px\" \/><\/p>\n<hr \/>\n<p>Sa\u00e7 u\u00e7lar\u0131ndan masaj yapa yapa yukarlara \u00e7\u0131kmal\u0131s\u0131n\u0131z. Ayn\u0131 zamanda sa\u00e7 renginize g\u00f6re sa\u00e7 bak\u0131m \u00fcr\u00fcnlerinizi de de\u011fi\u015ftirmelisiniz. Koruyucu \u00fcr\u00fcnler kesinlikle kullan\u0131lmas\u0131 gerekiyor. E\u011fer f\u00f6n ya da ma\u015fa gibi \u0131s\u0131 gerektiren \u015feyler kullan\u0131yorsan\u0131z \u0131s\u0131 koruyucu \u00fcr\u00fcnleri net kullanmal\u0131s\u0131n\u0131z.<\/p>\n","protected":false},"excerpt":{"rendered":"<p>K\u0131\u015f\u0131n boya sonras\u0131 sa\u00e7 bak\u0131m\u0131 nas\u0131l yap\u0131lmal\u0131? Bu sorunun cevab\u0131n\u0131 ara\u015ft\u0131rd\u0131k. Hem de uzman \u00f6nerisiyle. \u0130\u015fte detaylar\u2026<\/p>\n","protected":false},"author":34,"featured_media":250376,"comment_status":"closed","ping_status":"closed","sticky":false,"template":"","format":"standard","meta":{"rank_math_lock_modified_date":false,"footnotes":""},"categories":[166],"tags":[51232,64595,2832,62427,3849],"class_list":["post-250362","post","type-post","status-publish","format-standard","has-post-thumbnail","hentry","category-sac-bakimi-sac-uzatma","tag-boya","tag-kisin-sac-boyama","tag-sac-bakimi","tag-sac-bakimi-ve-uzatma-haberleri","tag-sac-boyama"],"_links":{"self":[{"href":"https:\/\/www.tgrthaber.com\/mavikadin\/wp-json\/wp\/v2\/posts\/250362"}],"collection":[{"href":"https:\/\/www.tgrthaber.com\/mavikadin\/wp-json\/wp\/v2\/posts"}],"about":[{"href":"https:\/\/www.tgrthaber.com\/mavikadin\/wp-json\/wp\/v2\/types\/post"}],"author":[{"embeddable":true,"href":"https:\/\/www.tgrthaber.com\/mavikadin\/wp-json\/wp\/v2\/users\/34"}],"replies":[{"embeddable":true,"href":"https:\/\/www.tgrthaber.com\/mavikadin\/wp-json\/wp\/v2\/comments?post=250362"}],"version-history":[{"count":1,"href":"https:\/\/www.tgrthaber.com\/mavikadin\/wp-json\/wp\/v2\/posts\/250362\/revisions"}],"predecessor-version":[{"id":250387,"href":"https:\/\/www.tgrthaber.com\/mavikadin\/wp-json\/wp\/v2\/posts\/250362\/revisions\/250387"}],"wp:featuredmedia":[{"embeddable":true,"href":"https:\/\/www.tgrthaber.com\/mavikadin\/wp-json\/wp\/v2\/media\/250376"}],"wp:attachment":[{"href":"https:\/\/www.tgrthaber.com\/mavikadin\/wp-json\/wp\/v2\/media?parent=250362"}],"wp:term":[{"taxonomy":"category","embeddable":true,"href":"https:\/\/www.tgrthaber.com\/mavikadin\/wp-json\/wp\/v2\/categories?post=250362"},{"taxonomy":"post_tag","embeddable":true,"href":"https:\/\/www.tgrthaber.com\/mavikadin\/wp-json\/wp\/v2\/tags?post=250362"}],"curies":[{"name":"wp","href":"https:\/\/api.w.org\/{rel}","templated":true}]}}