{"id":250539,"date":"2025-10-17T18:00:11","date_gmt":"2025-10-17T15:00:11","guid":{"rendered":"https:\/\/www.tgrthaber.com\/mavikadin\/?p=250539"},"modified":"2025-10-17T18:00:11","modified_gmt":"2025-10-17T15:00:11","slug":"cocuklara-kislik-kiyafet-alirken-dikkat-edilmesi-gereken-5-detay","status":"publish","type":"post","link":"https:\/\/www.tgrthaber.com\/mavikadin\/cocuklara-kislik-kiyafet-alirken-dikkat-edilmesi-gereken-5-detay\/","title":{"rendered":"\u00c7ocuklara k\u0131\u015fl\u0131k k\u0131yafet al\u0131rken dikkat edilmesi gereken 5 detay!"},"content":{"rendered":"<p>K\u0131\u015f mevsimi yakla\u015ft\u0131k\u00e7a k\u0131\u015fl\u0131k k\u0131yafetlerde kendini g\u00f6stermeye ba\u015flad\u0131. Peki, siz \u00e7ocu\u011funuzun k\u0131\u015fl\u0131k k\u0131yafet al\u0131\u015fveri\u015fini yapt\u0131n\u0131z m\u0131? \u00c7ocuklara k\u0131\u015fl\u0131k k\u0131yafet al\u0131n\u0131rken nelere dikkat edilmesi gerekir? \u00c7ocuklara k\u0131\u015fl\u0131k k\u0131yafet al\u0131rken dikkat edilmesi gerekenleri sizin i\u00e7in ara\u015ft\u0131rd\u0131k. \u0130\u015fte \u00e7ocuklara k\u0131\u015fl\u0131k k\u0131yafet al\u0131rken dikkat etmeniz gereken 5 detay\u2026<\/p>\n<h3>\u00c7OCUKLARA KI\u015eLIK KIYAFET ALIRKEN D\u0130KKAT ED\u0130LMES\u0130 GEREKEN 5 DETAY!<\/h3>\n<p>\u00c7ocuklara k\u0131\u015fl\u0131k k\u0131yafet al\u0131rken dikkat edilmesi gereken \u00f6nemli detaylar bulunuyor. \u00d6zellikle havalar\u0131n so\u011fumas\u0131 ve k\u0131\u015f mevsimine ge\u00e7i\u015fle birlikte gard\u0131roplardaki k\u0131yafetlerde de\u011fi\u015fiyor. Gard\u0131roplar\u0131n k\u0131\u015f gelmeden kesinlikle kontrol edilmesi gerekiyor.<\/p>\n<p><img loading=\"lazy\" decoding=\"async\" class=\"size-full wp-image-250553\" src=\"https:\/\/www.tgrthaber.com\/mavikadin\/wp-content\/uploads\/cocuklara-kislik-kiyafet-5.jpg\" alt=\"\u00c7ocuklara k\u0131\u015fl\u0131k k\u0131yafet al\u0131rken dikkat edilmesi gereken 5 detay! \" width=\"1208\" height=\"680\" title=\"\" srcset=\"https:\/\/www.tgrthaber.com\/mavikadin\/wp-content\/uploads\/cocuklara-kislik-kiyafet-5.jpg 1208w, https:\/\/www.tgrthaber.com\/mavikadin\/wp-content\/uploads\/cocuklara-kislik-kiyafet-5-300x169.jpg 300w, https:\/\/www.tgrthaber.com\/mavikadin\/wp-content\/uploads\/cocuklara-kislik-kiyafet-5-1024x576.jpg 1024w, https:\/\/www.tgrthaber.com\/mavikadin\/wp-content\/uploads\/cocuklara-kislik-kiyafet-5-768x432.jpg 768w\" sizes=\"(max-width: 1208px) 100vw, 1208px\" \/><\/p>\n<hr \/>\n<p>Sizde \u00e7ocuklara k\u0131\u015fl\u0131k k\u0131yafet al\u0131rken so\u011fuktan etkilenmeyecek \u00fcr\u00fcnler tercih etmelisiniz. K\u0131yafet se\u00e7imi ne kadar basit bir i\u015f gibi g\u00f6z\u00fckse de \u00f6zellikle mevsim ge\u00e7i\u015flerinde hem yeti\u015fkinler hem de \u00e7ocuklar i\u00e7in \u00e7ok \u00f6nemlidir.<\/p>\n<p>\u00c7ocuklara k\u0131\u015fl\u0131k k\u0131yafet al\u0131rken bilin\u00e7li bir al\u0131\u015fveri\u015f yapmak \u00f6nemli bir detayd\u0131r. \u00c7ocuklar\u0131n hem sevecekleri hem de k\u0131\u015f\u0131n i\u00e7erisinde rahat edebilece\u011fi k\u0131yafetleri se\u00e7erken, mutlaka dikkat etmeniz gereken detaylar bulunuyor.<\/p>\n<p><img loading=\"lazy\" decoding=\"async\" class=\"size-full wp-image-250552\" src=\"https:\/\/www.tgrthaber.com\/mavikadin\/wp-content\/uploads\/cocuklara-kislik-kiyafet-4.jpg\" alt=\"\u00c7ocuklara k\u0131\u015fl\u0131k k\u0131yafet al\u0131rken dikkat edilmesi gereken 5 detay! \" width=\"1208\" height=\"680\" title=\"\" srcset=\"https:\/\/www.tgrthaber.com\/mavikadin\/wp-content\/uploads\/cocuklara-kislik-kiyafet-4.jpg 1208w, https:\/\/www.tgrthaber.com\/mavikadin\/wp-content\/uploads\/cocuklara-kislik-kiyafet-4-300x169.jpg 300w, https:\/\/www.tgrthaber.com\/mavikadin\/wp-content\/uploads\/cocuklara-kislik-kiyafet-4-1024x576.jpg 1024w, https:\/\/www.tgrthaber.com\/mavikadin\/wp-content\/uploads\/cocuklara-kislik-kiyafet-4-768x432.jpg 768w\" sizes=\"(max-width: 1208px) 100vw, 1208px\" \/><\/p>\n<hr \/>\n<p>Havalar\u0131n so\u011fumaya ba\u015flamas\u0131 ve <a href=\"https:\/\/www.tgrthaber.com\/mavikadin\/kisin-cam-bugulanmasina-son-mutfaktaki-malzemeyle-aninda-cozum\/\">k\u0131\u015f<\/a> mevsiminin gelmesiyle birlikte dolaplar yenileniyor. Bu s\u00fcre\u00e7te \u00f6zellikle \u00e7ocuklar i\u00e7in k\u0131\u015fl\u0131k k\u0131yafet se\u00e7imi, hem sa\u011fl\u0131k hem de rahatl\u0131k a\u00e7\u0131s\u0131ndan b\u00fcy\u00fck \u00f6nem ta\u015f\u0131yor. Peki, \u00e7ocuklara k\u0131\u015fl\u0131k k\u0131yafet al\u0131rken nelere dikkat edilmeli? \u0130\u015fte \u00e7ocuklara k\u0131\u015fl\u0131k k\u0131yafet al\u0131rken dikkat etmeniz gereken 5 detay\u2026<\/p>\n<h3>PAMUKLU, NEFES ALAN KUMA\u015eLARI TERC\u0130H ED\u0130N!<\/h3>\n<p>\u00c7ocuklar s\u00fcrekli hareket halinde olduklar\u0131ndan dolay\u0131 terlemeye meyillidir. Bu y\u00fczden \u00e7ocuklara k\u0131\u015fl\u0131k k\u0131yafet al\u0131rken pamuklu, nefes alabilen ya da y\u00fcnl\u00fc kuma\u015flar tercih etmelisiniz.<\/p>\n<p><img loading=\"lazy\" decoding=\"async\" class=\"size-full wp-image-250550\" src=\"https:\/\/www.tgrthaber.com\/mavikadin\/wp-content\/uploads\/cocuklara-kislik-kiyafet-2.jpg\" alt=\"\u00c7ocuklara k\u0131\u015fl\u0131k k\u0131yafet al\u0131rken dikkat edilmesi gereken 5 detay! \" width=\"1208\" height=\"680\" title=\"\" srcset=\"https:\/\/www.tgrthaber.com\/mavikadin\/wp-content\/uploads\/cocuklara-kislik-kiyafet-2.jpg 1208w, https:\/\/www.tgrthaber.com\/mavikadin\/wp-content\/uploads\/cocuklara-kislik-kiyafet-2-300x169.jpg 300w, https:\/\/www.tgrthaber.com\/mavikadin\/wp-content\/uploads\/cocuklara-kislik-kiyafet-2-1024x576.jpg 1024w, https:\/\/www.tgrthaber.com\/mavikadin\/wp-content\/uploads\/cocuklara-kislik-kiyafet-2-768x432.jpg 768w\" sizes=\"(max-width: 1208px) 100vw, 1208px\" \/><\/p>\n<hr \/>\n<p>\u00d6zellikle pamuklu i\u00e7 giyim \u00fcr\u00fcnleri, ilkbahar ve k\u0131\u015f aylar\u0131nda termal bir \u00f6zelli\u011fe sahiptir. Sa\u011fl\u0131\u011fa da olduk\u00e7a uygun olan bu kuma\u015flar k\u0131\u015fl\u0131k k\u0131yafet al\u0131n\u0131rken s\u0131kl\u0131kla tercih edilir. Bu kuma\u015flar\u0131n yan\u0131 s\u0131ra y\u00fcn ve polar da \u0131s\u0131y\u0131 iyi bir \u015fekilde tutabilen kuma\u015flard\u0131r. Sizde \u00e7ocu\u011funuzun k\u0131\u015f\u0131n s\u0131cak kalmas\u0131n\u0131 istiyorsan\u0131z, bu kuma\u015flar\u0131 tercih edebilirsiniz.<\/p>\n<h3>\u00c7OCU\u011eUNUZU KI\u015eIN \u0130NCE KAT KAT G\u0130YD\u0130R\u0130N!<\/h3>\n<p><a href=\"https:\/\/www.tgrthaber.com\/mavikadin\/kisin-boya-sonrasi-sac-bakimi-nasil-yapilmali-uzman-onerileriyle\/\">K\u0131\u015f<\/a> mevsiminde kat kat giyinmek ne kadar sinir bozucu olsa da en mant\u0131kl\u0131s\u0131d\u0131r. \u00d6zellikle \u00e7ocuklarda k\u0131\u015f\u0131n tek kal\u0131n par\u00e7a yerine birka\u00e7 ince kat giysi daha iyi bir koruma sa\u011flar. \u00c7ocuklara k\u0131\u015fl\u0131k k\u0131yafet se\u00e7imi yaparken kat kat ince bir \u015fekilde giydirme fikrini g\u00f6z \u00f6n\u00fcnde bulundurun.<\/p>\n<p><img loading=\"lazy\" decoding=\"async\" class=\"size-full wp-image-250557\" src=\"https:\/\/www.tgrthaber.com\/mavikadin\/wp-content\/uploads\/cocuklara-kislik-kiyafet-1.jpg\" alt=\"\u00c7ocuklara k\u0131\u015fl\u0131k k\u0131yafet al\u0131rken dikkat edilmesi gereken 5 detay! \" width=\"1208\" height=\"680\" title=\"\" srcset=\"https:\/\/www.tgrthaber.com\/mavikadin\/wp-content\/uploads\/cocuklara-kislik-kiyafet-1.jpg 1208w, https:\/\/www.tgrthaber.com\/mavikadin\/wp-content\/uploads\/cocuklara-kislik-kiyafet-1-300x169.jpg 300w, https:\/\/www.tgrthaber.com\/mavikadin\/wp-content\/uploads\/cocuklara-kislik-kiyafet-1-1024x576.jpg 1024w, https:\/\/www.tgrthaber.com\/mavikadin\/wp-content\/uploads\/cocuklara-kislik-kiyafet-1-768x432.jpg 768w\" sizes=\"(max-width: 1208px) 100vw, 1208px\" \/><\/p>\n<hr \/>\n<p>K\u0131\u015f\u0131n \u00e7ocu\u011funuzu kat kat giydirmeniz ayn\u0131 zamanda ortam s\u0131cakl\u0131\u011f\u0131na g\u00f6re giysilerinizi \u00e7\u0131karman\u0131za yard\u0131mc\u0131 olacak. B\u00f6ylece tek kal\u0131n bir k\u0131yafetle terlemek zorunda kalmayacak ya da daha \u00e7ok \u00fc\u015f\u00fcmemi\u015f olacaks\u0131n\u0131z.<\/p>\n<h3>KI\u015eIN \u00c7OCUKLARA SU GE\u00c7\u0130RMEYEN KIYAFETLER ALIN!<\/h3>\n<p><a href=\"https:\/\/www.tgrthaber.com\/mavikadin\/kisin-ayakkabi-secerken-bir-kez-daha-dusunun-vucut-yapinizi-bozan-detaylar\/\">K\u0131\u015f\u0131n<\/a> hava \u015fartlar\u0131n\u0131n sertli\u011fi \u00e7abucak hasta olmam\u0131za ve ba\u011f\u0131\u015f\u0131kl\u0131\u011f\u0131m\u0131z\u0131n d\u00fc\u015fmesine yol a\u00e7abilir. \u00d6zellikle k\u0131\u015f\u0131n ya\u011fmurda \u0131slanmak, sonras\u0131nda b\u00fcy\u00fck hastal\u0131klar\u0131n habercisi olabilir. Bu y\u00fczden \u00e7ocuklar\u0131n\u0131za k\u0131\u015f k\u0131yafeti al\u0131\u015fveri\u015fi yaparken, su ge\u00e7irmeyen k\u0131yafetler almaya \u00f6zen g\u00f6sterin.<\/p>\n<p><img loading=\"lazy\" decoding=\"async\" class=\"size-full wp-image-250556\" src=\"https:\/\/www.tgrthaber.com\/mavikadin\/wp-content\/uploads\/cocuklara-kislik-kiyafet-8.jpg\" alt=\"\u00c7ocuklara k\u0131\u015fl\u0131k k\u0131yafet al\u0131rken dikkat edilmesi gereken 5 detay! \" width=\"1208\" height=\"680\" title=\"\" srcset=\"https:\/\/www.tgrthaber.com\/mavikadin\/wp-content\/uploads\/cocuklara-kislik-kiyafet-8.jpg 1208w, https:\/\/www.tgrthaber.com\/mavikadin\/wp-content\/uploads\/cocuklara-kislik-kiyafet-8-300x169.jpg 300w, https:\/\/www.tgrthaber.com\/mavikadin\/wp-content\/uploads\/cocuklara-kislik-kiyafet-8-1024x576.jpg 1024w, https:\/\/www.tgrthaber.com\/mavikadin\/wp-content\/uploads\/cocuklara-kislik-kiyafet-8-768x432.jpg 768w\" sizes=\"(max-width: 1208px) 100vw, 1208px\" \/><\/p>\n<hr \/>\n<p>Ya\u011fmurlu ve karl\u0131 g\u00fcnlerde \u00e7ocu\u011funuzun hasta olmas\u0131n\u0131 istemiyorsan\u0131z, su ge\u00e7irmeyen montlar, botlar ve pantolonlar almal\u0131s\u0131n\u0131z. B\u00f6ylece \u00e7ocu\u011funuz \u0131slanmaktan kurtulacak ve olas\u0131 hastal\u0131klar\u0131n \u00f6n\u00fcne ge\u00e7ecek. Bu noktada \u00f6zellikle montlarda diki\u015f yerlerinin sa\u011flam olmas\u0131na mutlaka dikkat edin.<\/p>\n<h3>KI\u015eLIK KIYAFETLERDE BEDEN UYUMUNA D\u0130KKAT ED\u0130!<\/h3>\n<p>Genellikle \u00e7ocuklara k\u0131\u015fl\u0131k k\u0131yafet se\u00e7imi yap\u0131l\u0131rken, \u2018seneye de giyer\u2019 d\u00fc\u015f\u00fcncesi \u00f6n planda tutulur. Fakat k\u0131\u015fl\u0131k k\u0131yafetlerde beden uyumu \u00e7ok \u00f6nemlidir. B\u00fcy\u00fck beden k\u0131yafetler \u00e7ocuklar\u0131n hareketlerini k\u0131s\u0131tlayabilir.<\/p>\n<p><img loading=\"lazy\" decoding=\"async\" class=\"size-full wp-image-250554\" src=\"https:\/\/www.tgrthaber.com\/mavikadin\/wp-content\/uploads\/cocuklara-kislik-kiyafet-6.jpg\" alt=\"\u00c7ocuklara k\u0131\u015fl\u0131k k\u0131yafet al\u0131rken dikkat edilmesi gereken 5 detay! \" width=\"1208\" height=\"680\" title=\"\" srcset=\"https:\/\/www.tgrthaber.com\/mavikadin\/wp-content\/uploads\/cocuklara-kislik-kiyafet-6.jpg 1208w, https:\/\/www.tgrthaber.com\/mavikadin\/wp-content\/uploads\/cocuklara-kislik-kiyafet-6-300x169.jpg 300w, https:\/\/www.tgrthaber.com\/mavikadin\/wp-content\/uploads\/cocuklara-kislik-kiyafet-6-1024x576.jpg 1024w, https:\/\/www.tgrthaber.com\/mavikadin\/wp-content\/uploads\/cocuklara-kislik-kiyafet-6-768x432.jpg 768w\" sizes=\"(max-width: 1208px) 100vw, 1208px\" \/><\/p>\n<hr \/>\n<p>Bu noktada ne \u00e7ok dar ne de \u00e7ok bol k\u0131yafetler tercih edilmelidir. \u00c7ocuklar\u0131n tam bedenine uygun k\u0131yafetler tercih edilmelidir.<\/p>\n<h3>KI\u015eLIK AKSESUARLARI UNUTMAYIN!<\/h3>\n<p>\u00c7ocuklar\u0131n\u0131za k\u0131\u015fl\u0131k k\u0131yafet al\u0131\u015fveri\u015fi yaparken, eldiven, bere ve atk\u0131 gibi aksesuarlar\u0131 sak\u0131n unutmay\u0131n! So\u011fuk havalarda \u00f6n plana \u00e7\u0131kan bu k\u00fc\u00e7\u00fck ama etkili aksesuarlar, \u00e7ocuklar\u0131n \u00fc\u015f\u00fcmesini engeller. \u00d6zellikle kulaklar\u0131 \u00f6rten bereler ve bile\u011fe tam oturan eldivenler k\u0131\u015f mevsiminde kesinlikle tercih edilmeli.<\/p>\n<p><img loading=\"lazy\" decoding=\"async\" class=\"size-full wp-image-250555\" src=\"https:\/\/www.tgrthaber.com\/mavikadin\/wp-content\/uploads\/cocuklara-kislik-kiyafet-7.jpg\" alt=\"\u00c7ocuklara k\u0131\u015fl\u0131k k\u0131yafet al\u0131rken dikkat edilmesi gereken 5 detay! \" width=\"1208\" height=\"680\" title=\"\" srcset=\"https:\/\/www.tgrthaber.com\/mavikadin\/wp-content\/uploads\/cocuklara-kislik-kiyafet-7.jpg 1208w, https:\/\/www.tgrthaber.com\/mavikadin\/wp-content\/uploads\/cocuklara-kislik-kiyafet-7-300x169.jpg 300w, https:\/\/www.tgrthaber.com\/mavikadin\/wp-content\/uploads\/cocuklara-kislik-kiyafet-7-1024x576.jpg 1024w, https:\/\/www.tgrthaber.com\/mavikadin\/wp-content\/uploads\/cocuklara-kislik-kiyafet-7-768x432.jpg 768w\" sizes=\"(max-width: 1208px) 100vw, 1208px\" \/><\/p>\n","protected":false},"excerpt":{"rendered":"<p>K\u0131\u015f mevsiminin gelip \u00e7atmas\u0131yla birlikte \u00e7ocuklara al\u0131nacak k\u0131\u015fl\u0131k k\u0131yafetlerde dikkat edilmesi gereken detaylarda \u00f6n plana \u00e7\u0131k\u0131yor. Peki, \u00e7ocuklara k\u0131\u015fl\u0131k k\u0131yafet al\u0131rken nelere dikkat edilmeli? \u0130\u015fte detaylar\u2026<\/p>\n","protected":false},"author":26,"featured_media":250551,"comment_status":"closed","ping_status":"closed","sticky":false,"template":"","format":"standard","meta":{"rank_math_lock_modified_date":false,"footnotes":""},"categories":[111],"tags":[2946,18350,113,64616,57994],"class_list":["post-250539","post","type-post","status-publish","format-standard","has-post-thumbnail","hentry","category-anne-cocuk","tag-anne-cocuk","tag-anne-cocuk-haberleri","tag-cocuk","tag-cocuklarda-kislik-kiyafet-secimi","tag-kislik-kiyafet"],"_links":{"self":[{"href":"https:\/\/www.tgrthaber.com\/mavikadin\/wp-json\/wp\/v2\/posts\/250539"}],"collection":[{"href":"https:\/\/www.tgrthaber.com\/mavikadin\/wp-json\/wp\/v2\/posts"}],"about":[{"href":"https:\/\/www.tgrthaber.com\/mavikadin\/wp-json\/wp\/v2\/types\/post"}],"author":[{"embeddable":true,"href":"https:\/\/www.tgrthaber.com\/mavikadin\/wp-json\/wp\/v2\/users\/26"}],"replies":[{"embeddable":true,"href":"https:\/\/www.tgrthaber.com\/mavikadin\/wp-json\/wp\/v2\/comments?post=250539"}],"version-history":[{"count":1,"href":"https:\/\/www.tgrthaber.com\/mavikadin\/wp-json\/wp\/v2\/posts\/250539\/revisions"}],"predecessor-version":[{"id":250560,"href":"https:\/\/www.tgrthaber.com\/mavikadin\/wp-json\/wp\/v2\/posts\/250539\/revisions\/250560"}],"wp:featuredmedia":[{"embeddable":true,"href":"https:\/\/www.tgrthaber.com\/mavikadin\/wp-json\/wp\/v2\/media\/250551"}],"wp:attachment":[{"href":"https:\/\/www.tgrthaber.com\/mavikadin\/wp-json\/wp\/v2\/media?parent=250539"}],"wp:term":[{"taxonomy":"category","embeddable":true,"href":"https:\/\/www.tgrthaber.com\/mavikadin\/wp-json\/wp\/v2\/categories?post=250539"},{"taxonomy":"post_tag","embeddable":true,"href":"https:\/\/www.tgrthaber.com\/mavikadin\/wp-json\/wp\/v2\/tags?post=250539"}],"curies":[{"name":"wp","href":"https:\/\/api.w.org\/{rel}","templated":true}]}}