{"id":250611,"date":"2025-10-17T20:32:31","date_gmt":"2025-10-17T17:32:31","guid":{"rendered":"https:\/\/www.tgrthaber.com\/mavikadin\/?p=250611"},"modified":"2025-10-17T20:32:31","modified_gmt":"2025-10-17T17:32:31","slug":"cocugunuzun-dis-yasi-buyume-gelisiminin-habercisi-olabilir","status":"publish","type":"post","link":"https:\/\/www.tgrthaber.com\/mavikadin\/cocugunuzun-dis-yasi-buyume-gelisiminin-habercisi-olabilir\/","title":{"rendered":"\u00c7ocu\u011funuzun di\u015f ya\u015f\u0131 b\u00fcy\u00fcme geli\u015fiminin habercisi olabilir!"},"content":{"rendered":"<p>\u00c7ocu\u011funuzun ilk di\u015fi \u00e7\u0131kt\u0131\u011f\u0131nda geli\u015fim s\u00fcreci de bu durumdan etkilenebiliyor. Di\u015f ya\u015f\u0131 denilen bu biyolojik takvim, minik di\u015ferin ne zaman \u00e7\u0131k\u0131p de\u011fi\u015fece\u011fini belirler ve ayn\u0131 zamanda hem b\u00fcy\u00fcme h\u0131z\u0131 hem de hormon dengesine kadar pek \u00e7ok ipucu sunar. \u0130\u015fte konunun uzman\u0131 \u00c7ocuk Di\u015f Hekimi Nurg\u00fcl Demir&#8217;in kritik uyar\u0131lar\u0131&#8230;<\/p>\n<p><!--StartFragment --><\/p>\n<h3 class=\"pf0\"><span class=\"cf0\">D<\/span><span class=\"cf1\">\u0130\u015e<\/span><span class=\"cf0\"> YA<\/span><span class=\"cf1\">\u015e<\/span><span class=\"cf0\">I NED<\/span><span class=\"cf1\">\u0130<\/span><span class=\"cf0\">R, NEDEN <\/span><span class=\"cf2\">\u00d6<\/span><span class=\"cf0\">NEML<\/span><span class=\"cf1\">\u0130<\/span><span class=\"cf0\">D<\/span><span class=\"cf1\">\u0130<\/span><span class=\"cf0\">R?<\/span><\/h3>\n<p class=\"pf0\"><span class=\"cf3\">Di\u015f ya\u015f\u0131, <\/span><span class=\"cf2\">\u00e7ocu<\/span><span class=\"cf3\">\u011fun geli\u015fimi hakk\u0131nda <\/span><span class=\"cf2\">\u00f6nemli ipu\u00e7lar<\/span><span class=\"cf3\">\u0131 veriyor.<\/span> <span class=\"cf3\">S<\/span><span class=\"cf2\">\u00fct di<\/span><span class=\"cf3\">\u015flerinin <\/span><span class=\"cf2\">\u00e7<\/span><span class=\"cf3\">\u0131kmas\u0131 ve ard\u0131ndan yerlerini daimi di\u015flere b\u0131rakmas\u0131; her <\/span><span class=\"cf2\">\u00e7ocukta farkl<\/span><span class=\"cf3\">\u0131 zamanlarda ger<\/span><span class=\"cf2\">\u00e7ekle<\/span><span class=\"cf3\">\u015fen, b<\/span><span class=\"cf2\">\u00fcy\u00fcme ve geli<\/span><span class=\"cf3\">\u015fimle paralel ilerleyen do\u011fal bir s<\/span><span class=\"cf2\">\u00fcre\u00e7tir.<\/span><\/p>\n<p><img loading=\"lazy\" decoding=\"async\" class=\"alignnone wp-image-250616\" src=\"https:\/\/www.tgrthaber.com\/mavikadin\/wp-content\/uploads\/277bfff12bb7f6ac839cdcf3eabb7372-300x200.jpg\" alt=\"\" width=\"1208\" height=\"806\" title=\"\" srcset=\"https:\/\/www.tgrthaber.com\/mavikadin\/wp-content\/uploads\/277bfff12bb7f6ac839cdcf3eabb7372-300x200.jpg 300w, https:\/\/www.tgrthaber.com\/mavikadin\/wp-content\/uploads\/277bfff12bb7f6ac839cdcf3eabb7372-1024x683.jpg 1024w, https:\/\/www.tgrthaber.com\/mavikadin\/wp-content\/uploads\/277bfff12bb7f6ac839cdcf3eabb7372-768x513.jpg 768w, https:\/\/www.tgrthaber.com\/mavikadin\/wp-content\/uploads\/277bfff12bb7f6ac839cdcf3eabb7372.jpg 1254w\" sizes=\"(max-width: 1208px) 100vw, 1208px\" \/><\/p>\n<hr \/>\n<p class=\"pf0\"><span class=\"cf2\">Bebeklerde ilk s\u00fct di<\/span><span class=\"cf3\">\u015fleri genellikle alt\u0131nc\u0131 ay civar\u0131nda a\u011f\u0131zda g<\/span><span class=\"cf2\">\u00f6r\u00fclmeye ba<\/span><span class=\"cf3\">\u015flarken, kal\u0131c\u0131 di\u015fler <\/span><span class=\"cf2\">\u00e7o<\/span><span class=\"cf3\">\u011funlukla alt\u0131 ya\u015f civar\u0131nda s<\/span><span class=\"cf2\">\u00fcrer. Ancak ayn<\/span><span class=\"cf3\">\u0131 ya\u015f grubundaki <\/span><span class=\"cf2\">\u00e7ocuklar aras<\/span><span class=\"cf3\">\u0131nda bile bu s<\/span><span class=\"cf2\">\u00fcre\u00e7te belirgin farkl<\/span><span class=\"cf3\">\u0131l\u0131klar g<\/span><span class=\"cf2\">\u00f6r\u00fclebilir.<\/span><\/p>\n<p><img loading=\"lazy\" decoding=\"async\" class=\"alignnone wp-image-250621\" src=\"https:\/\/www.tgrthaber.com\/mavikadin\/wp-content\/uploads\/bebek-ve-cocuklarda-dis-sagligi-300x157.jpg\" alt=\"\" width=\"1208\" height=\"632\" title=\"\" srcset=\"https:\/\/www.tgrthaber.com\/mavikadin\/wp-content\/uploads\/bebek-ve-cocuklarda-dis-sagligi-300x157.jpg 300w, https:\/\/www.tgrthaber.com\/mavikadin\/wp-content\/uploads\/bebek-ve-cocuklarda-dis-sagligi-1024x536.jpg 1024w, https:\/\/www.tgrthaber.com\/mavikadin\/wp-content\/uploads\/bebek-ve-cocuklarda-dis-sagligi-768x402.jpg 768w, https:\/\/www.tgrthaber.com\/mavikadin\/wp-content\/uploads\/bebek-ve-cocuklarda-dis-sagligi.jpg 1200w\" sizes=\"(max-width: 1208px) 100vw, 1208px\" \/><\/p>\n<hr \/>\n<p class=\"pf0\"><span class=\"cf2\">Bu noktada \u201cdi<\/span><span class=\"cf3\">\u015f ya\u015f\u0131\u201d kavram\u0131, hem a\u011f\u0131z ve di\u015f sa\u011fl\u0131\u011f\u0131 hem de genel geli\u015fim hakk\u0131nda <\/span><span class=\"cf2\">\u00f6nemli bilgiler sunar.<\/span><\/p>\n<p class=\"pf0\"><span class=\"cf2\">\u00c7ocuk Di<\/span><span class=\"cf3\">\u015f Hekimi Nurg<\/span><span class=\"cf2\">\u00fcl Demir, di<\/span><span class=\"cf3\">\u015f ya\u015f\u0131n\u0131n yaln\u0131zca di\u015flerin s<\/span><span class=\"cf2\">\u00fcrme zaman<\/span><span class=\"cf3\">\u0131n\u0131 de\u011fil, <\/span><span class=\"cf2\">\u00e7ocu<\/span><span class=\"cf3\">\u011fun genel sa\u011fl\u0131k durumunu da yans\u0131tan <\/span><span class=\"cf2\">\u00f6nemli bir g\u00f6sterge oldu<\/span><span class=\"cf3\">\u011funu belirterek \u015funlar\u0131 s<\/span><span class=\"cf2\">\u00f6yl\u00fcyor:<\/span><\/p>\n<p><img loading=\"lazy\" decoding=\"async\" class=\"alignnone wp-image-250618\" src=\"https:\/\/www.tgrthaber.com\/mavikadin\/wp-content\/uploads\/i-52-1-300x122.webp\" alt=\"\" width=\"1208\" height=\"491\" title=\"\" srcset=\"https:\/\/www.tgrthaber.com\/mavikadin\/wp-content\/uploads\/i-52-1-300x122.webp 300w, https:\/\/www.tgrthaber.com\/mavikadin\/wp-content\/uploads\/i-52-1.webp 480w\" sizes=\"(max-width: 1208px) 100vw, 1208px\" \/><\/p>\n<hr \/>\n<p class=\"pf0\"><span class=\"cf2\">\u201cDi<\/span><span class=\"cf3\">\u015f ya\u015f\u0131, di\u015flerin s<\/span><span class=\"cf2\">\u00fcrme ve geli<\/span><span class=\"cf3\">\u015fim d<\/span><span class=\"cf2\">\u00f6nemlerine g\u00f6re belirlenir. Hekimin muayenesiyle birlikte gerekli g\u00f6r\u00fcnt\u00fcleme y\u00f6ntemlerinden yararlan<\/span><span class=\"cf3\">\u0131larak tespit edilir. Bu bilgi, <\/span><span class=\"cf2\">\u00e7ocu<\/span><span class=\"cf3\">\u011fun di\u015f tedavilerinde do\u011fru planlama yap\u0131labilmesi a<\/span><span class=\"cf2\">\u00e7<\/span><span class=\"cf3\">\u0131s\u0131ndan b<\/span><span class=\"cf2\">\u00fcy\u00fck \u00f6nem ta<\/span><span class=\"cf3\">\u015f\u0131r.\u201d<\/span><\/p>\n<p><img loading=\"lazy\" decoding=\"async\" class=\"alignnone wp-image-250622\" src=\"https:\/\/www.tgrthaber.com\/mavikadin\/wp-content\/uploads\/23-1024x512-1-300x150.jpg\" alt=\"\" width=\"1208\" height=\"604\" title=\"\" srcset=\"https:\/\/www.tgrthaber.com\/mavikadin\/wp-content\/uploads\/23-1024x512-1-300x150.jpg 300w, https:\/\/www.tgrthaber.com\/mavikadin\/wp-content\/uploads\/23-1024x512-1-768x384.jpg 768w, https:\/\/www.tgrthaber.com\/mavikadin\/wp-content\/uploads\/23-1024x512-1.jpg 1024w\" sizes=\"(max-width: 1208px) 100vw, 1208px\" \/><\/p>\n<hr \/>\n<h3 class=\"pf0\"><span class=\"cf0\">DO<\/span><span class=\"cf1\">\u011e<\/span><span class=\"cf0\">RU TEDAV<\/span><span class=\"cf1\">\u0130<\/span><span class=\"cf0\">DE ZAMANLAMA KR<\/span><span class=\"cf1\">\u0130<\/span><span class=\"cf0\">T<\/span><span class=\"cf1\">\u0130<\/span><span class=\"cf0\">K<\/span><\/h3>\n<p class=\"pf0\"><span class=\"cf3\">Demir, <\/span><span class=\"cf2\">\u00f6zellikle b\u00fcy\u00fcme ve geli<\/span><span class=\"cf3\">\u015fim <\/span><span class=\"cf2\">\u00e7a<\/span><span class=\"cf3\">\u011f\u0131ndaki <\/span><span class=\"cf2\">\u00e7ocuklarda di<\/span><span class=\"cf3\">\u015f ya\u015f\u0131n\u0131n do\u011fru de\u011ferlendirilmesinin tedavi ba\u015far\u0131s\u0131nda belirleyici oldu\u011funu vurguluyor:<\/span><\/p>\n<p class=\"pf0\"><span class=\"cf3\">\u201cYak\u0131n zamanda d<\/span><span class=\"cf2\">\u00fc<\/span><span class=\"cf3\">\u015fmesi beklenen s<\/span><span class=\"cf2\">\u00fct di<\/span><span class=\"cf3\">\u015flerinde, travma g<\/span><span class=\"cf2\">\u00f6rm\u00fc<\/span><span class=\"cf3\">\u015f ya da <\/span><span class=\"cf2\">\u00e7\u00fcr\u00fck nedeniyle m\u00fcdahale edilmesi gereken daimi di<\/span><span class=\"cf3\">\u015flerde uygulanacak tedavi y<\/span><span class=\"cf2\">\u00f6ntemleri di<\/span><span class=\"cf3\">\u015f ya\u015f\u0131na g<\/span><span class=\"cf2\">\u00f6re planlanmal<\/span><span class=\"cf3\">\u0131d\u0131r. Ayn\u0131 \u015fekilde, <\/span><span class=\"cf2\">\u00e7ene kapan<\/span><span class=\"cf3\">\u0131\u015f problemleri veya dizilim bozukluklar\u0131nda da ideal tedavi zaman\u0131n\u0131n belirlenmesinde di\u015f ya\u015f\u0131 <\/span><span class=\"cf2\">\u00f6nemli rol oynar.\u201d<\/span><\/p>\n<p><img loading=\"lazy\" decoding=\"async\" class=\"alignnone wp-image-250619\" src=\"https:\/\/www.tgrthaber.com\/mavikadin\/wp-content\/uploads\/i-51-1-300x169.webp\" alt=\"\" width=\"1208\" height=\"680\" title=\"\" srcset=\"https:\/\/www.tgrthaber.com\/mavikadin\/wp-content\/uploads\/i-51-1-300x169.webp 300w, https:\/\/www.tgrthaber.com\/mavikadin\/wp-content\/uploads\/i-51-1.webp 480w\" sizes=\"(max-width: 1208px) 100vw, 1208px\" \/><\/p>\n<hr \/>\n<h3 class=\"pf0\"><span class=\"cf0\">BESLENME VE HORMONLAR DA ETK<\/span><span class=\"cf1\">\u0130<\/span><span class=\"cf0\">L<\/span><span class=\"cf1\">\u0130<\/span><\/h3>\n<p class=\"pf0\"><span class=\"cf2\">Di<\/span><span class=\"cf3\">\u015f ya\u015f\u0131n\u0131 etkileyen fakt<\/span><span class=\"cf2\">\u00f6rlerin yaln<\/span><span class=\"cf3\">\u0131zca kal\u0131tsal etkenlerle s\u0131n\u0131rl\u0131 olmad\u0131\u011f\u0131n\u0131 belirten Demir, beslenme al\u0131\u015fkanl\u0131klar\u0131n\u0131n da b<\/span><span class=\"cf2\">\u00fcy\u00fck rol oynad<\/span><span class=\"cf3\">\u0131\u011f\u0131n\u0131 ifade ediyor:<\/span><\/p>\n<p class=\"pf0\"><span class=\"cf3\">\u201cKalsiyum, fosfor, D, A, B ve C vitaminlerinin eksiklikleri di\u015flerin ge<\/span><span class=\"cf2\">\u00e7 s\u00fcrmesine yol a\u00e7abilir. \u00d6zellikle hamilelik d\u00f6neminde annenin D vitamini eksikli<\/span><span class=\"cf3\">\u011fi ya da bebe\u011fin premat<\/span><span class=\"cf2\">\u00fcre do<\/span><span class=\"cf3\">\u011fmas\u0131, s<\/span><span class=\"cf2\">\u00fct di<\/span><span class=\"cf3\">\u015flerinde s<\/span><span class=\"cf2\">\u00fcrme gecikmesine neden olabilir. Bunun yan<\/span><span class=\"cf3\">\u0131 s\u0131ra tiroit hormonlar\u0131ndaki d<\/span><span class=\"cf2\">\u00fczensizlikler de di<\/span><span class=\"cf3\">\u015flerin <\/span><span class=\"cf2\">\u00e7<\/span><span class=\"cf3\">\u0131kma zaman\u0131n\u0131 etkileyebilir.\u201d<\/span><\/p>\n<p><img loading=\"lazy\" decoding=\"async\" class=\"alignnone wp-image-250623\" src=\"https:\/\/www.tgrthaber.com\/mavikadin\/wp-content\/uploads\/Cocuk-Dis-Doktoru-300x150.jpg\" alt=\"\" width=\"1208\" height=\"604\" title=\"\" srcset=\"https:\/\/www.tgrthaber.com\/mavikadin\/wp-content\/uploads\/Cocuk-Dis-Doktoru-300x150.jpg 300w, https:\/\/www.tgrthaber.com\/mavikadin\/wp-content\/uploads\/Cocuk-Dis-Doktoru-768x384.jpg 768w, https:\/\/www.tgrthaber.com\/mavikadin\/wp-content\/uploads\/Cocuk-Dis-Doktoru.jpg 900w\" sizes=\"(max-width: 1208px) 100vw, 1208px\" \/><\/p>\n<hr \/>\n<h3 class=\"pf0\"><span class=\"cf0\">ERKEN VEYA GE<\/span><span class=\"cf2\">\u00c7<\/span><span class=\"cf0\"> D<\/span><span class=\"cf1\">\u0130\u015e<\/span> <span class=\"cf2\">\u00c7<\/span><span class=\"cf0\">IKMASI DURUMUNDA SAK<\/span><span class=\"cf1\">\u0130<\/span><span class=\"cf0\">NL<\/span><span class=\"cf1\">\u0130<\/span><span class=\"cf0\">K <\/span><span class=\"cf2\">\u00d6<\/span><span class=\"cf0\">NEML<\/span><span class=\"cf1\">\u0130<\/span><\/h3>\n<p class=\"pf0\"><span class=\"cf3\">Demir, di\u015flerin ideal s<\/span><span class=\"cf2\">\u00fcrme zaman<\/span><span class=\"cf3\">\u0131na g<\/span><span class=\"cf2\">\u00f6re alt<\/span><span class=\"cf3\">\u0131 aya kadar erken veya ge<\/span><span class=\"cf2\">\u00e7 \u00e7<\/span><span class=\"cf3\">\u0131kmas\u0131n\u0131n normal kabul edildi\u011fini belirterek ebeveynleri bilgilendiriyor: <\/span><\/p>\n<p class=\"pf0\"><span class=\"cf3\">\u201cE\u011fer gecikme daha uzun s<\/span><span class=\"cf2\">\u00fcr\u00fcyorsa, altta yatan bir hastal<\/span><span class=\"cf3\">\u0131k olmad\u0131\u011f\u0131ndan emin olmak i<\/span><span class=\"cf2\">\u00e7in <a href=\"https:\/\/www.tgrthaber.com\/mavikadin\/kemikleri-ve-disleri-guclendiren-formul-her-evde-olmasi-gerekiyor\/\">di<\/a><\/span><span class=\"cf3\"><a href=\"https:\/\/www.tgrthaber.com\/mavikadin\/kemikleri-ve-disleri-guclendiren-formul-her-evde-olmasi-gerekiyor\/\">\u015f<\/a> hekimi kontrol<\/span><span class=\"cf2\">\u00fc yap<\/span><span class=\"cf3\">\u0131lmal\u0131d\u0131r. Bu kontroller, baz\u0131 sistemik hastal\u0131klar\u0131n erken te\u015fhisinde de b<\/span><span class=\"cf2\">\u00fcy\u00fck \u00f6nem ta<\/span><span class=\"cf3\">\u015f\u0131r.\u201d<\/span><\/p>\n<p><!--EndFragment --><\/p>\n","protected":false},"excerpt":{"rendered":"<p>Di\u015flerin \u00e7\u0131kma ya\u015f\u0131, sadece a\u011f\u0131z sa\u011fl\u0131\u011f\u0131 hakk\u0131nda bilgi vermez ayn\u0131 zamanda \u00e7ocu\u011fun genel geli\u015fimi ve sa\u011fl\u0131k durumu hakk\u0131nda da kritik bilgiler verir. Konunun uzman\u0131 di\u015f ya\u015f\u0131 takibinin tedavi planlamas\u0131nda kritik rol oynad\u0131\u011f\u0131n\u0131 belirtti. \u0130\u015fte detaylar&#8230;<\/p>\n","protected":false},"author":35,"featured_media":250620,"comment_status":"closed","ping_status":"closed","sticky":false,"template":"","format":"standard","meta":{"rank_math_lock_modified_date":false,"footnotes":""},"categories":[111],"tags":[2946,64623,22332,64622,35459],"class_list":["post-250611","post","type-post","status-publish","format-standard","has-post-thumbnail","hentry","category-anne-cocuk","tag-anne-cocuk","tag-dis-cikma-yasi","tag-dis-sagligi","tag-dis-yasi-nedir","tag-sut-disleri"],"_links":{"self":[{"href":"https:\/\/www.tgrthaber.com\/mavikadin\/wp-json\/wp\/v2\/posts\/250611"}],"collection":[{"href":"https:\/\/www.tgrthaber.com\/mavikadin\/wp-json\/wp\/v2\/posts"}],"about":[{"href":"https:\/\/www.tgrthaber.com\/mavikadin\/wp-json\/wp\/v2\/types\/post"}],"author":[{"embeddable":true,"href":"https:\/\/www.tgrthaber.com\/mavikadin\/wp-json\/wp\/v2\/users\/35"}],"replies":[{"embeddable":true,"href":"https:\/\/www.tgrthaber.com\/mavikadin\/wp-json\/wp\/v2\/comments?post=250611"}],"version-history":[{"count":2,"href":"https:\/\/www.tgrthaber.com\/mavikadin\/wp-json\/wp\/v2\/posts\/250611\/revisions"}],"predecessor-version":[{"id":250628,"href":"https:\/\/www.tgrthaber.com\/mavikadin\/wp-json\/wp\/v2\/posts\/250611\/revisions\/250628"}],"wp:featuredmedia":[{"embeddable":true,"href":"https:\/\/www.tgrthaber.com\/mavikadin\/wp-json\/wp\/v2\/media\/250620"}],"wp:attachment":[{"href":"https:\/\/www.tgrthaber.com\/mavikadin\/wp-json\/wp\/v2\/media?parent=250611"}],"wp:term":[{"taxonomy":"category","embeddable":true,"href":"https:\/\/www.tgrthaber.com\/mavikadin\/wp-json\/wp\/v2\/categories?post=250611"},{"taxonomy":"post_tag","embeddable":true,"href":"https:\/\/www.tgrthaber.com\/mavikadin\/wp-json\/wp\/v2\/tags?post=250611"}],"curies":[{"name":"wp","href":"https:\/\/api.w.org\/{rel}","templated":true}]}}