{"id":250666,"date":"2025-10-17T23:54:35","date_gmt":"2025-10-17T20:54:35","guid":{"rendered":"https:\/\/www.tgrthaber.com\/mavikadin\/?p=250666"},"modified":"2025-10-17T23:54:35","modified_gmt":"2025-10-17T20:54:35","slug":"kurulus-orhan-dizisinin-afisi-yayinlandi-orhan-bey-gumbur-gumbur-geliyor","status":"publish","type":"post","link":"https:\/\/www.tgrthaber.com\/mavikadin\/kurulus-orhan-dizisinin-afisi-yayinlandi-orhan-bey-gumbur-gumbur-geliyor\/","title":{"rendered":"Kurulu\u015f Orhan dizisinin afi\u015fi yay\u0131nland\u0131! Orhan Bey g\u00fcmb\u00fcr g\u00fcmb\u00fcr geliyor!"},"content":{"rendered":"<p>ATV ekranlar\u0131n\u0131n merakla beklenen dizisi Kurulu\u015f Orhan&#8217;\u0131n yeni sezonu i\u00e7in g\u00fcnleri say\u0131yor. Mert Yaz\u0131c\u0131o\u011flu&#8217;nun ba\u015frol\u00fcnde yer ald\u0131\u011f\u0131 Kurulu\u015f Orhan dizisinin \u00e7ekimleri t\u00fcm h\u0131z\u0131yla devam ediyor.\u00a0 \u0130zleyicilerin merakla bekledi\u011fi Kurulu\u015f Orhan dizisinin afi\u015fi yay\u0131nland\u0131.<\/p>\n<h3>KURULU\u015e ORHAN D\u0130Z\u0130S\u0130N\u0130N KADROSU TEK B\u0130R AF\u0130\u015eTE<\/h3>\n<p>Mert Yaz\u0131c\u0131o\u011flu\u2019nun Orhan Bey karakteriyle seyirci kar\u015f\u0131s\u0131na \u00e7\u0131kaca\u011f\u0131 Kurulu\u015f Orhan dizisinden beklenen afi\u015f geldi. Kurulu\u015f Orhan oyuncu kadrosunda yer alan dev isimlerin her biri dizinin afi\u015finde yer verilmi\u015fti. G\u00fc\u00e7l\u00fc oyuncu kadrosuyla merakla beklenen Kurulu\u015f Orhan dizisinin afi\u015fi sosyal medya kullan\u0131c\u0131lar\u0131 taraf\u0131ndan \u00e7ok be\u011fenildi.<\/p>\n<p><img loading=\"lazy\" decoding=\"async\" class=\"alignnone wp-image-250667 size-full\" src=\"https:\/\/www.tgrthaber.com\/mavikadin\/wp-content\/uploads\/Adsiz-tasarim-33-94.jpg\" alt=\"\" width=\"1208\" height=\"680\" title=\"\" srcset=\"https:\/\/www.tgrthaber.com\/mavikadin\/wp-content\/uploads\/Adsiz-tasarim-33-94.jpg 1208w, https:\/\/www.tgrthaber.com\/mavikadin\/wp-content\/uploads\/Adsiz-tasarim-33-94-300x169.jpg 300w, https:\/\/www.tgrthaber.com\/mavikadin\/wp-content\/uploads\/Adsiz-tasarim-33-94-1024x576.jpg 1024w, https:\/\/www.tgrthaber.com\/mavikadin\/wp-content\/uploads\/Adsiz-tasarim-33-94-768x432.jpg 768w\" sizes=\"(max-width: 1208px) 100vw, 1208px\" \/><\/p>\n<hr \/>\n<h3>KURULU\u015e ORHAN D\u0130Z\u0130S\u0130 1. B\u00d6L\u00dcM NE ZAMAN YAYINLANACAK?<\/h3>\n<p>ATV kanal\u0131nda yay\u0131nlanacak olan Kurulu\u015f Orhan dizisinin yeni sezon b\u00f6l\u00fcmleri b\u00fcy\u00fck bir heyecanla bekleniliyor. Kurulu\u015f Orhan dizisinin 1. b\u00f6l\u00fcm\u00fc i\u00e7in geri say\u0131m ba\u015flad\u0131.<\/p>\n<p><img loading=\"lazy\" decoding=\"async\" class=\"alignnone wp-image-250668 size-full\" src=\"https:\/\/www.tgrthaber.com\/mavikadin\/wp-content\/uploads\/Adsiz-tasarim-35-93.jpg\" alt=\"\" width=\"1208\" height=\"680\" title=\"\" srcset=\"https:\/\/www.tgrthaber.com\/mavikadin\/wp-content\/uploads\/Adsiz-tasarim-35-93.jpg 1208w, https:\/\/www.tgrthaber.com\/mavikadin\/wp-content\/uploads\/Adsiz-tasarim-35-93-300x169.jpg 300w, https:\/\/www.tgrthaber.com\/mavikadin\/wp-content\/uploads\/Adsiz-tasarim-35-93-1024x576.jpg 1024w, https:\/\/www.tgrthaber.com\/mavikadin\/wp-content\/uploads\/Adsiz-tasarim-35-93-768x432.jpg 768w\" sizes=\"(max-width: 1208px) 100vw, 1208px\" \/><\/p>\n<hr \/>\n<p>29 Ekim 2025 \u00c7ar\u015famba ak\u015fam\u0131 saat 20:00&#8217;da ATV ekranlar\u0131nda Kurulu\u015f Orhan dizisi sevenleriyle bulu\u015facak. Tarihin tozlu raflar\u0131nda kalan olaylar\u0131 tekrar ele alarak izleyiciye aktaracak olan Kurulu\u015f Orhan oyuncu kadrosuyla \u00c7ar\u015famba ak\u015famlar\u0131 izleyiciyi ekran ba\u015f\u0131na kilitleyecek.<\/p>\n<p><img loading=\"lazy\" decoding=\"async\" class=\"alignnone wp-image-250670 size-full\" src=\"https:\/\/www.tgrthaber.com\/mavikadin\/wp-content\/uploads\/Adsiz-tasarim-38-74.jpg\" alt=\"\" width=\"1208\" height=\"680\" title=\"\" srcset=\"https:\/\/www.tgrthaber.com\/mavikadin\/wp-content\/uploads\/Adsiz-tasarim-38-74.jpg 1208w, https:\/\/www.tgrthaber.com\/mavikadin\/wp-content\/uploads\/Adsiz-tasarim-38-74-300x169.jpg 300w, https:\/\/www.tgrthaber.com\/mavikadin\/wp-content\/uploads\/Adsiz-tasarim-38-74-1024x576.jpg 1024w, https:\/\/www.tgrthaber.com\/mavikadin\/wp-content\/uploads\/Adsiz-tasarim-38-74-768x432.jpg 768w\" sizes=\"(max-width: 1208px) 100vw, 1208px\" \/><\/p>\n<hr \/>\n<p><a href=\"https:\/\/www.tgrthaber.com\/mavikadin\/kurulus-orhan-dizsinin-yayin-tarihi-belli-oldu-orhan-bey-izleyicisiyle-bulusuyor\/\">Kurulu\u015f Orhan dizisi<\/a>nin 1. b\u00f6l\u00fcm tan\u0131t\u0131m\u0131nda Orhan Bey&#8217;in &#8221; \u015eimdi vakit g\u00f6lgesi \u00e7a\u011flar\u0131 a\u015facak ulu bir devlete d\u00f6n\u00fc\u015fme vaktidir&#8221; s\u00f6zleriyle yap\u0131m\u0131n aksiyon sahneleri \u00e7ok y\u00fcksek olacak. Kurulu\u015f Orhan&#8217;\u0131n yay\u0131nlanan tan\u0131t\u0131m ve fragmanlar\u0131yla Bozdap Yap\u0131m \u015firkenin g\u00f6rkemli prod\u00fcksiyonu, etkileyici sava\u015f sahneleri, oyuncu kadrosuyla sosyal medyada b\u00fcy\u00fck ses getirdi.<\/p>\n<p><img loading=\"lazy\" decoding=\"async\" class=\"alignnone wp-image-250671 size-full\" src=\"https:\/\/www.tgrthaber.com\/mavikadin\/wp-content\/uploads\/Adsiz-tasarim-39-70.jpg\" alt=\"\" width=\"1208\" height=\"680\" title=\"\" srcset=\"https:\/\/www.tgrthaber.com\/mavikadin\/wp-content\/uploads\/Adsiz-tasarim-39-70.jpg 1208w, https:\/\/www.tgrthaber.com\/mavikadin\/wp-content\/uploads\/Adsiz-tasarim-39-70-300x169.jpg 300w, https:\/\/www.tgrthaber.com\/mavikadin\/wp-content\/uploads\/Adsiz-tasarim-39-70-1024x576.jpg 1024w, https:\/\/www.tgrthaber.com\/mavikadin\/wp-content\/uploads\/Adsiz-tasarim-39-70-768x432.jpg 768w\" sizes=\"(max-width: 1208px) 100vw, 1208px\" \/><\/p>\n<hr \/>\n<p>Kurulu\u015f Orhan dizisinin tan\u0131t\u0131m\u0131 k\u0131sa s\u00fcrede T\u00fcrkiye s\u0131n\u0131rlar\u0131n\u0131 da a\u015ft\u0131. Yabanc\u0131 bas\u0131nda da dikkat \u00e7eken Kurulu\u015f Orhan dizisinin hikayesini y\u00f6netmen B\u00fclent \u0130\u015fbilen&#8217;in kadraj\u0131ndan seyirciye aktar\u0131lacak.<\/p>\n","protected":false},"excerpt":{"rendered":"<p>Mert Yaz\u0131c\u0131o\u011flu ve Cihan \u00dcnal gibi dev isimlerin yer ald\u0131\u011f\u0131 kadro Kurulu\u015f Orhan 29 Ekim 2025 \u00c7ar\u015famba g\u00fcn\u00fc ekranlara gelmeye haz\u0131rlan\u0131yor. Merakla beklenen dizinin afi\u015fi yay\u0131nland\u0131. Kurulu\u015f Orhan dizisinin afi\u015f g\u00f6rselinde oyuncu kadrosundaki herkes yer al\u0131yor.<\/p>\n","protected":false},"author":10,"featured_media":250669,"comment_status":"closed","ping_status":"closed","sticky":false,"template":"","format":"standard","meta":{"rank_math_lock_modified_date":false,"footnotes":""},"categories":[602],"tags":[32159,64635,64634],"class_list":["post-250666","post","type-post","status-publish","format-standard","has-post-thumbnail","hentry","category-diziler","tag-dizi","tag-kurulus-orhan-1-bolum","tag-kurulus-orhan-afis"],"_links":{"self":[{"href":"https:\/\/www.tgrthaber.com\/mavikadin\/wp-json\/wp\/v2\/posts\/250666"}],"collection":[{"href":"https:\/\/www.tgrthaber.com\/mavikadin\/wp-json\/wp\/v2\/posts"}],"about":[{"href":"https:\/\/www.tgrthaber.com\/mavikadin\/wp-json\/wp\/v2\/types\/post"}],"author":[{"embeddable":true,"href":"https:\/\/www.tgrthaber.com\/mavikadin\/wp-json\/wp\/v2\/users\/10"}],"replies":[{"embeddable":true,"href":"https:\/\/www.tgrthaber.com\/mavikadin\/wp-json\/wp\/v2\/comments?post=250666"}],"version-history":[{"count":2,"href":"https:\/\/www.tgrthaber.com\/mavikadin\/wp-json\/wp\/v2\/posts\/250666\/revisions"}],"predecessor-version":[{"id":250673,"href":"https:\/\/www.tgrthaber.com\/mavikadin\/wp-json\/wp\/v2\/posts\/250666\/revisions\/250673"}],"wp:featuredmedia":[{"embeddable":true,"href":"https:\/\/www.tgrthaber.com\/mavikadin\/wp-json\/wp\/v2\/media\/250669"}],"wp:attachment":[{"href":"https:\/\/www.tgrthaber.com\/mavikadin\/wp-json\/wp\/v2\/media?parent=250666"}],"wp:term":[{"taxonomy":"category","embeddable":true,"href":"https:\/\/www.tgrthaber.com\/mavikadin\/wp-json\/wp\/v2\/categories?post=250666"},{"taxonomy":"post_tag","embeddable":true,"href":"https:\/\/www.tgrthaber.com\/mavikadin\/wp-json\/wp\/v2\/tags?post=250666"}],"curies":[{"name":"wp","href":"https:\/\/api.w.org\/{rel}","templated":true}]}}