{"id":250674,"date":"2025-10-18T00:15:11","date_gmt":"2025-10-17T21:15:11","guid":{"rendered":"https:\/\/www.tgrthaber.com\/mavikadin\/?p=250674"},"modified":"2025-10-18T00:15:11","modified_gmt":"2025-10-17T21:15:11","slug":"tasacak-bu-deniz-2-bolumde-neler-oldu-tasacak-bu-deniz-3-bolum-fragmani-yayinlandi-mi","status":"publish","type":"post","link":"https:\/\/www.tgrthaber.com\/mavikadin\/tasacak-bu-deniz-2-bolumde-neler-oldu-tasacak-bu-deniz-3-bolum-fragmani-yayinlandi-mi\/","title":{"rendered":"Ta\u015facak Bu Deniz 2. B\u00f6l\u00fcmde neler oldu? Ta\u015facak Bu Deniz 3. B\u00f6l\u00fcm fragman\u0131 yay\u0131nland\u0131 m\u0131?"},"content":{"rendered":"<p>TRT 1 kanal\u0131nda Karadeniz r\u00fczgar\u0131 estiren <a href=\"https:\/\/www.tgrthaber.com\/mavikadin\/tasacak-bu-deniz-dizinin-basrol-oyuncusu-ulas-tuna-astepenin-oynadigi-horon-gundem-oldu-iste-o-anlar\/\">Ta\u015facak Bu Deniz dizisi<\/a> izleyiciye hem e\u011flenceli hem de h\u00fcz\u00fcnl\u00fc anlar ya\u015fatt\u0131. Adil\u2019in d\u00fc\u011f\u00fcnde oynad\u0131\u011f\u0131 horon be\u011feni toplarken, Esme\u2019nin \u00f6z k\u0131z\u0131 oldu\u011funu bilmedi\u011fi Heleni\u2019yi korumas\u0131 izleyenlerin y\u00fcre\u011fini burktu. Ko\u00e7ari ve Furtuna aileleri gizli s\u0131rr\u0131 ne zaman \u00f6\u011frenecek? Peki, Ta\u015facak Bu Deniz 2. B\u00f6l\u00fcmde neler oldu? Ta\u015facak Bu Deniz 3. B\u00f6l\u00fcm fragman\u0131 yay\u0131nland\u0131 m\u0131?<\/p>\n<h3>TA\u015eACAK BU DEN\u0130Z 2. B\u00d6L\u00dcMDE NELER OLDU?<\/h3>\n<p>Kaza yapan Adil ve Eleni, \u00f6l\u00fcm kal\u0131m m\u00fccadelesi verirken G\u00f6khan ve adamlar\u0131n\u0131n kurdu\u011fu pusunun tam ortas\u0131nda kal\u0131r. Kur\u015funlar\u0131n aras\u0131nda hayatta kalmaya \u00e7al\u0131\u015fan ikilinin yard\u0131m\u0131na Esme yeti\u015fir.<\/p>\n<p><img loading=\"lazy\" decoding=\"async\" class=\"alignnone wp-image-250677 size-full\" src=\"https:\/\/www.tgrthaber.com\/mavikadin\/wp-content\/uploads\/Adsiz-tasarim-44-62.jpg\" alt=\"\" width=\"1208\" height=\"680\" title=\"\" srcset=\"https:\/\/www.tgrthaber.com\/mavikadin\/wp-content\/uploads\/Adsiz-tasarim-44-62.jpg 1208w, https:\/\/www.tgrthaber.com\/mavikadin\/wp-content\/uploads\/Adsiz-tasarim-44-62-300x169.jpg 300w, https:\/\/www.tgrthaber.com\/mavikadin\/wp-content\/uploads\/Adsiz-tasarim-44-62-1024x576.jpg 1024w, https:\/\/www.tgrthaber.com\/mavikadin\/wp-content\/uploads\/Adsiz-tasarim-44-62-768x432.jpg 768w\" sizes=\"(max-width: 1208px) 100vw, 1208px\" \/><\/p>\n<hr \/>\n<p>Adil, Eleni\u2019ye sald\u0131ranlar\u0131n hesab\u0131n\u0131 sormaya kararl\u0131d\u0131r. K\u00f6yde \u201cYunan doktorla Ko\u00e7ari birlikte\u201d dedikodusu b\u00fcy\u00fcrken, Oru\u00e7\u2019un Sevcan\u2019la ni\u015fan haz\u0131rl\u0131klar\u0131 da h\u0131z kazan\u0131r. Di\u011fer yandan k\u00f6yde bar\u0131nmas\u0131na izin verilmeyen Eleni, yorgun d\u00fc\u015f\u00fcp hastalan\u0131r. Sahilde Eleni\u2019yle kar\u015f\u0131la\u015fan Oru\u00e7, ona yard\u0131m eder ve Esme\u2019ye emanet eder.<\/p>\n<p><img loading=\"lazy\" decoding=\"async\" class=\"alignnone wp-image-250679 size-full\" src=\"https:\/\/www.tgrthaber.com\/mavikadin\/wp-content\/uploads\/Adsiz-tasarim-42-65.jpg\" alt=\"\" width=\"1208\" height=\"680\" title=\"\" srcset=\"https:\/\/www.tgrthaber.com\/mavikadin\/wp-content\/uploads\/Adsiz-tasarim-42-65.jpg 1208w, https:\/\/www.tgrthaber.com\/mavikadin\/wp-content\/uploads\/Adsiz-tasarim-42-65-300x169.jpg 300w, https:\/\/www.tgrthaber.com\/mavikadin\/wp-content\/uploads\/Adsiz-tasarim-42-65-1024x576.jpg 1024w, https:\/\/www.tgrthaber.com\/mavikadin\/wp-content\/uploads\/Adsiz-tasarim-42-65-768x432.jpg 768w\" sizes=\"(max-width: 1208px) 100vw, 1208px\" \/><\/p>\n<hr \/>\n<p>Esme, t\u00fcm k\u00f6y\u00fcn tepkisine kar\u015f\u0131 Eleni\u2019yle k\u0131z\u0131 gibi ilgilenir. \u00d6te yandan, ni\u015fan t\u00f6reni s\u0131ras\u0131nda Adil\u2019in \u201ckan hakk\u0131yla\u201d kendisine b\u0131rak\u0131lan araziyi geri almak i\u00e7in gelmesi, Esme ve Adil\u2019i burun buruna getirir.<\/p>\n<p><img loading=\"lazy\" decoding=\"async\" class=\"alignnone wp-image-250680 size-full\" src=\"https:\/\/www.tgrthaber.com\/mavikadin\/wp-content\/uploads\/Adsiz-tasarim-41-68.jpg\" alt=\"\" width=\"1208\" height=\"680\" title=\"\" srcset=\"https:\/\/www.tgrthaber.com\/mavikadin\/wp-content\/uploads\/Adsiz-tasarim-41-68.jpg 1208w, https:\/\/www.tgrthaber.com\/mavikadin\/wp-content\/uploads\/Adsiz-tasarim-41-68-300x169.jpg 300w, https:\/\/www.tgrthaber.com\/mavikadin\/wp-content\/uploads\/Adsiz-tasarim-41-68-1024x576.jpg 1024w, https:\/\/www.tgrthaber.com\/mavikadin\/wp-content\/uploads\/Adsiz-tasarim-41-68-768x432.jpg 768w\" sizes=\"(max-width: 1208px) 100vw, 1208px\" \/><\/p>\n<hr \/>\n<p>\u015eerif, cezaevindeyken Eleni\u2019nin \u00f6l\u00fcm emrini verir. Esme ve Adil\u2019in ger\u00e7e\u011fi \u00f6\u011frenmemesi gerekiyordur. Eleni\u2019nin annesi Trabzona gelerek \u015eerif\u2019in kar\u015f\u0131s\u0131na \u00e7\u0131kar ve aralar\u0131ndaki yapt\u0131klar\u0131 anla\u015fmay\u0131 hat\u0131rlat\u0131r. Eleni ise arkas\u0131ndan d\u00f6nen dolaplardan habersiz bir \u015fekilde ger\u00e7ek ailesinin pe\u015fine d\u00fc\u015fmeye devam ederken, hi\u00e7 beklemedi\u011fi bir ki\u015fi taraf\u0131ndan kafas\u0131na vurularak denize d\u00fc\u015f\u00fcr\u00fcl\u00fcr.<\/p>\n<p><img loading=\"lazy\" decoding=\"async\" class=\"alignnone wp-image-250678 size-full\" src=\"https:\/\/www.tgrthaber.com\/mavikadin\/wp-content\/uploads\/Adsiz-tasarim-43-61.jpg\" alt=\"\" width=\"1208\" height=\"680\" title=\"\" srcset=\"https:\/\/www.tgrthaber.com\/mavikadin\/wp-content\/uploads\/Adsiz-tasarim-43-61.jpg 1208w, https:\/\/www.tgrthaber.com\/mavikadin\/wp-content\/uploads\/Adsiz-tasarim-43-61-300x169.jpg 300w, https:\/\/www.tgrthaber.com\/mavikadin\/wp-content\/uploads\/Adsiz-tasarim-43-61-1024x576.jpg 1024w, https:\/\/www.tgrthaber.com\/mavikadin\/wp-content\/uploads\/Adsiz-tasarim-43-61-768x432.jpg 768w\" sizes=\"(max-width: 1208px) 100vw, 1208px\" \/><\/p>\n<hr \/>\n<h3>TA\u015eACAK BU DEN\u0130Z 3. B\u00d6L\u00dcM FRAGMANI YAYINLANDI MI?<\/h3>\n<p>\u0130rfan ve Fadime\u2019nin yok olmas\u0131 k\u00f6yl\u00fcleri harekete ge\u00e7irecek. Adil ise \u0130so\u2019nun nerede oldu\u011funu bulmaya \u00e7al\u0131\u015facak ve adaleti sa\u011flamaya \u00e7al\u0131\u015facak. Esme ve Adil \u0130so olay\u0131n\u0131n y\u00fcz\u00fcnden kar\u015f\u0131 kar\u015f\u0131ya gelecek. \u0130\u015fte Ta\u015facak Bu Deniz 3. B\u00f6l\u00fcm fragman\u0131:<\/p>\n<div style=\"width: 640px;\" class=\"wp-video\"><!--[if lt IE 9]><script>document.createElement('video');<\/script><![endif]-->\n<video class=\"wp-video-shortcode\" id=\"video-250674-1\" width=\"640\" height=\"360\" preload=\"metadata\" controls=\"controls\"><source type=\"video\/mp4\" src=\"https:\/\/www.tgrthaber.com\/mavikadin\/wp-content\/uploads\/Tasacak-Bu-Deniz-3.-Bolum-fragmani.mp4?_=1\" \/><a href=\"https:\/\/www.tgrthaber.com\/mavikadin\/wp-content\/uploads\/Tasacak-Bu-Deniz-3.-Bolum-fragmani.mp4\">https:\/\/www.tgrthaber.com\/mavikadin\/wp-content\/uploads\/Tasacak-Bu-Deniz-3.-Bolum-fragmani.mp4<\/a><\/video><\/div>\n","protected":false},"excerpt":{"rendered":"<p>Ula\u015f Tuna Astepe ve Deniz Baysal\u2019\u0131n ba\u015frollerini payla\u015ft\u0131\u011f\u0131 Ta\u015facak Bu Deniz 2. B\u00f6l\u00fcm\u00fcyle ekranlara geldi. Adil ve Esme\u2019nin k\u0131z\u0131 oldu\u011fu ortaya Heleni\u2019nin ger\u00e7ek annesi ve babas\u0131n\u0131 \u00f6\u011frenmesine kim engel oluyor? Ko\u00e7ari ve Furtuna aileleri bir kez daha kar\u015f\u0131 kar\u015f\u0131ya gelecek. Peki, Ta\u015facak Bu Deniz 2. B\u00f6l\u00fcmde neler oldu? Ta\u015facak Bu Deniz 3. B\u00f6l\u00fcm fragman\u0131 yay\u0131nland\u0131 m\u0131?<\/p>\n","protected":false},"author":10,"featured_media":250676,"comment_status":"closed","ping_status":"closed","sticky":false,"template":"","format":"standard","meta":{"rank_math_lock_modified_date":false,"footnotes":""},"categories":[602],"tags":[61052,64636,64637],"class_list":["post-250674","post","type-post","status-publish","format-standard","has-post-thumbnail","hentry","category-diziler","tag-tasacak-bu-deniz","tag-tasacak-bu-deniz-2-bolum","tag-tasacak-bu-deniz-3-bolum-fragman"],"_links":{"self":[{"href":"https:\/\/www.tgrthaber.com\/mavikadin\/wp-json\/wp\/v2\/posts\/250674"}],"collection":[{"href":"https:\/\/www.tgrthaber.com\/mavikadin\/wp-json\/wp\/v2\/posts"}],"about":[{"href":"https:\/\/www.tgrthaber.com\/mavikadin\/wp-json\/wp\/v2\/types\/post"}],"author":[{"embeddable":true,"href":"https:\/\/www.tgrthaber.com\/mavikadin\/wp-json\/wp\/v2\/users\/10"}],"replies":[{"embeddable":true,"href":"https:\/\/www.tgrthaber.com\/mavikadin\/wp-json\/wp\/v2\/comments?post=250674"}],"version-history":[{"count":2,"href":"https:\/\/www.tgrthaber.com\/mavikadin\/wp-json\/wp\/v2\/posts\/250674\/revisions"}],"predecessor-version":[{"id":250682,"href":"https:\/\/www.tgrthaber.com\/mavikadin\/wp-json\/wp\/v2\/posts\/250674\/revisions\/250682"}],"wp:featuredmedia":[{"embeddable":true,"href":"https:\/\/www.tgrthaber.com\/mavikadin\/wp-json\/wp\/v2\/media\/250676"}],"wp:attachment":[{"href":"https:\/\/www.tgrthaber.com\/mavikadin\/wp-json\/wp\/v2\/media?parent=250674"}],"wp:term":[{"taxonomy":"category","embeddable":true,"href":"https:\/\/www.tgrthaber.com\/mavikadin\/wp-json\/wp\/v2\/categories?post=250674"},{"taxonomy":"post_tag","embeddable":true,"href":"https:\/\/www.tgrthaber.com\/mavikadin\/wp-json\/wp\/v2\/tags?post=250674"}],"curies":[{"name":"wp","href":"https:\/\/api.w.org\/{rel}","templated":true}]}}