{"id":250684,"date":"2025-10-18T00:47:38","date_gmt":"2025-10-17T21:47:38","guid":{"rendered":"https:\/\/www.tgrthaber.com\/mavikadin\/?p=250684"},"modified":"2025-10-18T00:47:38","modified_gmt":"2025-10-17T21:47:38","slug":"ask-ve-gozyasi-5-bolumde-neler-oldu-ask-ve-gozyasi-6-bolum-fragmani-yayinlandi-mi","status":"publish","type":"post","link":"https:\/\/www.tgrthaber.com\/mavikadin\/ask-ve-gozyasi-5-bolumde-neler-oldu-ask-ve-gozyasi-6-bolum-fragmani-yayinlandi-mi\/","title":{"rendered":"A\u015fk ve G\u00f6zya\u015f\u0131 5. B\u00f6l\u00fcmde neler oldu? A\u015fk ve G\u00f6zya\u015f\u0131 6. B\u00f6l\u00fcm fragman\u0131 yay\u0131nland\u0131 m\u0131?"},"content":{"rendered":"<p>ATV kanal\u0131nda her Cuma ak\u015fam\u0131 ekrana gelen <a href=\"https:\/\/www.tgrthaber.com\/mavikadin\/ask-ve-gozyasi-dizisinin-4-bolumunde-neler-oldu-ask-ve-gozyasi-5-bolum-fragmani-yayinlandi-mi\/\">A\u015fk ve G\u00f6zya\u015f\u0131<\/a> dizisi 5. B\u00f6l\u00fcm\u00fcyle izleyici kar\u015f\u0131s\u0131na \u00e7\u0131kt\u0131. Meyra\u2019n\u0131n Selim\u2019le bo\u015fanma karar almas\u0131 Aksel ailesinde \u015fok etkisi olu\u015ftururken, beklenmedik geli\u015fme t\u00fcm Aksel ailesini alt \u00fcst edecek. Ercan Meyra\u2019y\u0131 Selim\u2019i \u00f6ld\u00fcrmekle tehdit edecek. Dil\u015fah ge\u00e7mi\u015fin intikam\u0131n\u0131 Aksel ailesinden \u00e7ok k\u00f6t\u00fc bir \u015fekilde almaya \u00e7al\u0131\u015facak. Peki, A\u015fk ve G\u00f6zya\u015f\u0131 5. B\u00f6l\u00fcmde neler oldu? A\u015fk ve G\u00f6zya\u015f\u0131 6. B\u00f6l\u00fcm fragman\u0131 yay\u0131nland\u0131 m\u0131?<\/p>\n<h3>A\u015eK VE G\u00d6ZYA\u015eI 5. B\u00d6L\u00dcM\u00dcNDE NELER OLDU?<\/h3>\n<p>Meyra\u2019n\u0131n hastal\u0131\u011f\u0131 ilerlerken zihni kar\u0131\u015f\u0131r; ger\u00e7ek ile hayali ay\u0131rt edemez hale gelir. Onu gizlice seven Ercan, bu durumdan faydalanmaya kalkar. Meyra, Ercan\u2019\u0131 bir an i\u00e7in Selim sanarak ona yak\u0131nla\u015f\u0131r. Tam o s\u0131rada gelen Selim g\u00f6rd\u00fckleri kar\u015f\u0131s\u0131nda \u00f6fkesine yenilir ve Ercan\u2019\u0131 d\u00f6ver. Meyra ise ne oldu\u011funu anlamaz; ya\u015fananlar\u0131 hat\u0131rlamaz bile.<\/p>\n<p><img loading=\"lazy\" decoding=\"async\" class=\"alignnone wp-image-250686 size-full\" src=\"https:\/\/www.tgrthaber.com\/mavikadin\/wp-content\/uploads\/Adsiz-tasarim-58-22.jpg\" alt=\"\" width=\"1208\" height=\"680\" title=\"\" srcset=\"https:\/\/www.tgrthaber.com\/mavikadin\/wp-content\/uploads\/Adsiz-tasarim-58-22.jpg 1208w, https:\/\/www.tgrthaber.com\/mavikadin\/wp-content\/uploads\/Adsiz-tasarim-58-22-300x169.jpg 300w, https:\/\/www.tgrthaber.com\/mavikadin\/wp-content\/uploads\/Adsiz-tasarim-58-22-1024x576.jpg 1024w, https:\/\/www.tgrthaber.com\/mavikadin\/wp-content\/uploads\/Adsiz-tasarim-58-22-768x432.jpg 768w\" sizes=\"(max-width: 1208px) 100vw, 1208px\" \/><\/p>\n<hr \/>\n<p>Selim\u2019in kalbinde ise Meyra\u2019ya kar\u015f\u0131 koruma i\u00e7g\u00fcd\u00fcs\u00fc ve b\u00fcy\u00fck bir su\u00e7luluk hissi olu\u015fur. Meyra ondan uzak durmaya \u00e7al\u0131\u015fsa da her krizinde yan\u0131nda yine Selim olur.<\/p>\n<p><img loading=\"lazy\" decoding=\"async\" class=\"alignnone wp-image-250688 size-full\" src=\"https:\/\/www.tgrthaber.com\/mavikadin\/wp-content\/uploads\/Adsiz-tasarim-52-38.jpg\" alt=\"\" width=\"1208\" height=\"680\" title=\"\" srcset=\"https:\/\/www.tgrthaber.com\/mavikadin\/wp-content\/uploads\/Adsiz-tasarim-52-38.jpg 1208w, https:\/\/www.tgrthaber.com\/mavikadin\/wp-content\/uploads\/Adsiz-tasarim-52-38-300x169.jpg 300w, https:\/\/www.tgrthaber.com\/mavikadin\/wp-content\/uploads\/Adsiz-tasarim-52-38-1024x576.jpg 1024w, https:\/\/www.tgrthaber.com\/mavikadin\/wp-content\/uploads\/Adsiz-tasarim-52-38-768x432.jpg 768w\" sizes=\"(max-width: 1208px) 100vw, 1208px\" \/><\/p>\n<hr \/>\n<p>Ercan\u2019\u0131n entrikalar\u0131 s\u00fcrerken, Meyra hem hastal\u0131\u011f\u0131 hem de kalbinde kalan Selim sevgisiyle sava\u015f\u0131r. \u00dc\u00e7l\u00fc aras\u0131ndaki gerilim, giderek b\u00fcy\u00fcmeye devam ediyor.<\/p>\n<p><img loading=\"lazy\" decoding=\"async\" class=\"alignnone wp-image-250687 size-full\" src=\"https:\/\/www.tgrthaber.com\/mavikadin\/wp-content\/uploads\/Adsiz-tasarim-53-34.jpg\" alt=\"\" width=\"1208\" height=\"680\" title=\"\" srcset=\"https:\/\/www.tgrthaber.com\/mavikadin\/wp-content\/uploads\/Adsiz-tasarim-53-34.jpg 1208w, https:\/\/www.tgrthaber.com\/mavikadin\/wp-content\/uploads\/Adsiz-tasarim-53-34-300x169.jpg 300w, https:\/\/www.tgrthaber.com\/mavikadin\/wp-content\/uploads\/Adsiz-tasarim-53-34-1024x576.jpg 1024w, https:\/\/www.tgrthaber.com\/mavikadin\/wp-content\/uploads\/Adsiz-tasarim-53-34-768x432.jpg 768w\" sizes=\"(max-width: 1208px) 100vw, 1208px\" \/><\/p>\n<hr \/>\n<p>Dil\u015fah ise \u00c7etin\u2019in durumundan faydalanarak, Ercan ile planlad\u0131klar\u0131 gibi Aksel \u015firketinde s\u00f6z sahibi olma hakk\u0131n eri\u015fir. \u00d6te yandan \u00c7etin\u2019in t\u00fcm ailesini evden kovarak, paralar\u0131na el kondurur. Harun ise I\u015f\u0131l ve k\u0131z\u0131n\u0131 bulabilmek i\u00e7in deli divane ortal\u0131kta dolan\u0131r. Yeliz Aksel ise babas\u0131 \u00c7etin\u2019i Dil\u015fah\u2019\u0131n eline b\u0131rakmamak i\u00e7in mahkeme karar\u0131 \u00e7\u0131kar\u0131r.<\/p>\n<p><img loading=\"lazy\" decoding=\"async\" class=\"alignnone wp-image-250685 size-full\" src=\"https:\/\/www.tgrthaber.com\/mavikadin\/wp-content\/uploads\/Adsiz-tasarim-59-27.jpg\" alt=\"\" width=\"1208\" height=\"680\" title=\"\" srcset=\"https:\/\/www.tgrthaber.com\/mavikadin\/wp-content\/uploads\/Adsiz-tasarim-59-27.jpg 1208w, https:\/\/www.tgrthaber.com\/mavikadin\/wp-content\/uploads\/Adsiz-tasarim-59-27-300x169.jpg 300w, https:\/\/www.tgrthaber.com\/mavikadin\/wp-content\/uploads\/Adsiz-tasarim-59-27-1024x576.jpg 1024w, https:\/\/www.tgrthaber.com\/mavikadin\/wp-content\/uploads\/Adsiz-tasarim-59-27-768x432.jpg 768w\" sizes=\"(max-width: 1208px) 100vw, 1208px\" \/><\/p>\n<hr \/>\n<h3>A\u015eK VE G\u00d6ZYA\u015eI 6. B\u00d6L\u00dcM FRAGMANI YAYINLANDI MI?<\/h3>\n<p>Aksel ailesi babalar\u0131 \u00c7etin Aksel\u2019in fel\u00e7 ge\u00e7irmesi sonucunda Dil\u015fah\u2019\u0131n elinden kontrol\u00fc alabilmek i\u00e7in mahkeme karar\u0131 \u00e7\u0131karacak. Meyra Ercan\u2019\u0131n plan\u0131n\u0131 bozmak i\u00e7in beynindeki t\u00fcm\u00f6r\u00fc bas\u0131n yoluyla herkese duyurmas\u0131 neleri de\u011fi\u015ftirecek?<\/p>\n<p><img loading=\"lazy\" decoding=\"async\" class=\"alignnone wp-image-250689 size-full\" src=\"https:\/\/www.tgrthaber.com\/mavikadin\/wp-content\/uploads\/Adsiz-tasarim-51-36.jpg\" alt=\"a\u015fk ve g\u00f6zya\u015f\u0131 6. b\u00f6l\u00fcm fragman\u0131 yay\u0131nland\u0131 m\u0131\" width=\"1208\" height=\"680\" title=\"\" srcset=\"https:\/\/www.tgrthaber.com\/mavikadin\/wp-content\/uploads\/Adsiz-tasarim-51-36.jpg 1208w, https:\/\/www.tgrthaber.com\/mavikadin\/wp-content\/uploads\/Adsiz-tasarim-51-36-300x169.jpg 300w, https:\/\/www.tgrthaber.com\/mavikadin\/wp-content\/uploads\/Adsiz-tasarim-51-36-1024x576.jpg 1024w, https:\/\/www.tgrthaber.com\/mavikadin\/wp-content\/uploads\/Adsiz-tasarim-51-36-768x432.jpg 768w\" sizes=\"(max-width: 1208px) 100vw, 1208px\" \/><\/p>\n<hr \/>\n<p>Aksel ailesindeki sorunlar aras\u0131nda Selim ve Meyra birbirlerine olan sevgileri s\u0131nanmaya neyle devam edecek. A\u015fk ve G\u00f6zya\u015f\u0131 6. B\u00f6l\u00fcm fragman\u0131 izleyici taraf\u0131ndan merak edildi. Kanal y\u00f6netimi ve A\u015fk ve G\u00f6zya\u015f\u0131 dizisinin yap\u0131m ekibinden yeni b\u00f6l\u00fcme dair herhangi bir detay payla\u015f\u0131lmad\u0131.<\/p>\n","protected":false},"excerpt":{"rendered":"<p>A\u015fk ve G\u00f6zya\u015f\u0131 5. B\u00f6l\u00fcm\u00fcnde Meyra\u2019n\u0131n beynindeki t\u00fcm\u00f6r\u00fc herkesi \u00f6\u011frendi. \u00c7etin\u2019in ge\u00e7irdi\u011fi fel\u00e7 sonras\u0131 Aksel ailesinde bir\u00e7ok \u015fey alt \u00fcst oldu. Ercan ise Meyra\u2019y\u0131 Selim\u2019i \u00f6ld\u00fcrmek ile tehdit etti. Peki, A\u015fk ve G\u00f6zya\u015f\u0131 5. B\u00f6l\u00fcmde neler oldu? A\u015fk ve G\u00f6zya\u015f\u0131 6. B\u00f6l\u00fcm fragman\u0131 yay\u0131nland\u0131 m\u0131?<\/p>\n","protected":false},"author":10,"featured_media":250690,"comment_status":"closed","ping_status":"closed","sticky":false,"template":"","format":"standard","meta":{"rank_math_lock_modified_date":false,"footnotes":""},"categories":[602],"tags":[30445,64638,64639,32159],"class_list":["post-250684","post","type-post","status-publish","format-standard","has-post-thumbnail","hentry","category-diziler","tag-ask-ve-gozyasi","tag-ask-ve-gozyasi-5-bolum","tag-ask-ve-gozyasi-6-bolum-fragman","tag-dizi"],"_links":{"self":[{"href":"https:\/\/www.tgrthaber.com\/mavikadin\/wp-json\/wp\/v2\/posts\/250684"}],"collection":[{"href":"https:\/\/www.tgrthaber.com\/mavikadin\/wp-json\/wp\/v2\/posts"}],"about":[{"href":"https:\/\/www.tgrthaber.com\/mavikadin\/wp-json\/wp\/v2\/types\/post"}],"author":[{"embeddable":true,"href":"https:\/\/www.tgrthaber.com\/mavikadin\/wp-json\/wp\/v2\/users\/10"}],"replies":[{"embeddable":true,"href":"https:\/\/www.tgrthaber.com\/mavikadin\/wp-json\/wp\/v2\/comments?post=250684"}],"version-history":[{"count":1,"href":"https:\/\/www.tgrthaber.com\/mavikadin\/wp-json\/wp\/v2\/posts\/250684\/revisions"}],"predecessor-version":[{"id":250691,"href":"https:\/\/www.tgrthaber.com\/mavikadin\/wp-json\/wp\/v2\/posts\/250684\/revisions\/250691"}],"wp:featuredmedia":[{"embeddable":true,"href":"https:\/\/www.tgrthaber.com\/mavikadin\/wp-json\/wp\/v2\/media\/250690"}],"wp:attachment":[{"href":"https:\/\/www.tgrthaber.com\/mavikadin\/wp-json\/wp\/v2\/media?parent=250684"}],"wp:term":[{"taxonomy":"category","embeddable":true,"href":"https:\/\/www.tgrthaber.com\/mavikadin\/wp-json\/wp\/v2\/categories?post=250684"},{"taxonomy":"post_tag","embeddable":true,"href":"https:\/\/www.tgrthaber.com\/mavikadin\/wp-json\/wp\/v2\/tags?post=250684"}],"curies":[{"name":"wp","href":"https:\/\/api.w.org\/{rel}","templated":true}]}}