{"id":250723,"date":"2025-10-18T09:09:23","date_gmt":"2025-10-18T06:09:23","guid":{"rendered":"https:\/\/www.tgrthaber.com\/mavikadin\/?p=250723"},"modified":"2025-10-18T09:09:23","modified_gmt":"2025-10-18T06:09:23","slug":"tasacak-bu-deniz-bomba-gibi-basladi-milyonlari-ekrana-kilitleyen-sahne","status":"publish","type":"post","link":"https:\/\/www.tgrthaber.com\/mavikadin\/tasacak-bu-deniz-bomba-gibi-basladi-milyonlari-ekrana-kilitleyen-sahne\/","title":{"rendered":"Ta\u015facak Bu Deniz bomba gibi ba\u015flad\u0131! Milyonlar\u0131 ekrana kilitleyen sahne!"},"content":{"rendered":"<p>TRT 1\u2019in yeni dizisi <a href=\"https:\/\/www.tgrthaber.com\/mavikadin\/tasacak-bu-deniz-2-bolumde-neler-oldu-tasacak-bu-deniz-3-bolum-fragmani-yayinlandi-mi\/\">Ta\u015facak Bu Deniz<\/a>, ilk b\u00f6l\u00fcm\u00fcyle izleyicilerden tam not almay\u0131 ba\u015fard\u0131. Duygusal sahnelerinin yan\u0131 s\u0131ra farkl\u0131 kurgusuyla da be\u011feni toplayan Ta\u015facak Bu Deniz dizisi, 2. b\u00f6l\u00fcm\u00fcyle de g\u00fcndem oldu. 2. b\u00f6l\u00fcmde ya\u015fanan duygusal geli\u015fmeler sonras\u0131nda izleyiciler 3. b\u00f6l\u00fcmde neler olaca\u011f\u0131n\u0131 merak etmeye ba\u015flad\u0131.<\/p>\n<p><a href=\"https:\/\/www.instagram.com\/reel\/DP7Ee2HCE3B\/?igsh=MXJ4bHhtOW0xejZ4dA%3D%3D\" target=\"_blank\" rel=\"noopener\">https:\/\/www.instagram.com\/reel\/DP7Ee2HCE3B\/?igsh=MXJ4bHhtOW0xejZ4dA%3D%3D<\/a><\/p>\n<hr \/>\n<h3>TA\u015eACAK BU DEN\u0130Z BOMBA G\u0130B\u0130 BA\u015eLADI!<\/h3>\n<p>Karadeniz\u2019in mistik atmosferinde \u00e7ekimleri devam eden <a href=\"https:\/\/www.tgrthaber.com\/mavikadin\/tasacak-bu-deniz-adil-ve-esme-evli-miydi-esme-kimin-karisi\/\">Ta\u015facak Bu Deniz<\/a>, hem e\u011flenceli hem de h\u00fcz\u00fcnl\u00fc anlarla izleyiciyi ekran ba\u015f\u0131na kilitlemeyi ba\u015fard\u0131. Adil\u2019in d\u00fc\u011f\u00fcn s\u0131ras\u0131nda oynad\u0131\u011f\u0131 horon sahnesi b\u00fcy\u00fck be\u011feni toplarken, Esme\u2019nin \u00f6z k\u0131z\u0131 oldu\u011funu bilmeden Eleni\u2019yi korumas\u0131 duygusal anlara neden oldu. Ko\u00e7ari ve Furtuna aileleri aras\u0131ndaki gizli ge\u00e7mi\u015fin ise ne zaman ortaya \u00e7\u0131kaca\u011f\u0131 ise hen\u00fcz bilinmiyor.<\/p>\n<p><img loading=\"lazy\" decoding=\"async\" class=\"aligncenter size-full wp-image-250726\" src=\"https:\/\/www.tgrthaber.com\/mavikadin\/wp-content\/uploads\/Tasacak-Bu-Deniz-1.webp\" alt=\"\" width=\"800\" height=\"450\" title=\"\" srcset=\"https:\/\/www.tgrthaber.com\/mavikadin\/wp-content\/uploads\/Tasacak-Bu-Deniz-1.webp 800w, https:\/\/www.tgrthaber.com\/mavikadin\/wp-content\/uploads\/Tasacak-Bu-Deniz-1-300x169.webp 300w, https:\/\/www.tgrthaber.com\/mavikadin\/wp-content\/uploads\/Tasacak-Bu-Deniz-1-768x432.webp 768w\" sizes=\"(max-width: 800px) 100vw, 800px\" \/><\/p>\n<hr \/>\n<h3>TA\u015eACAK BU DEN\u0130Z 2. B\u00d6L\u00dcMDE NELER OLDU?<\/h3>\n<p>Adil ve Eleni ge\u00e7irdikleri kazan\u0131n ard\u0131ndan G\u00f6khan ve adamlar\u0131n\u0131n kurdu\u011fu pusunun ortas\u0131nda kal\u0131rlar. Kur\u015funlar\u0131n hedefi olan ikili, \u00f6l\u00fcm kal\u0131m m\u00fccadelesi verirken yard\u0131mlar\u0131na Esme ko\u015far. Adil, Eleni\u2019ye yap\u0131lan sald\u0131r\u0131n\u0131n hesab\u0131n\u0131 sormaya kararl\u0131d\u0131r.<\/p>\n<p><img loading=\"lazy\" decoding=\"async\" class=\"aligncenter size-full wp-image-250729\" src=\"https:\/\/www.tgrthaber.com\/mavikadin\/wp-content\/uploads\/Tasacak-Bu-Deniz-10.webp\" alt=\"\" width=\"800\" height=\"450\" title=\"\" srcset=\"https:\/\/www.tgrthaber.com\/mavikadin\/wp-content\/uploads\/Tasacak-Bu-Deniz-10.webp 800w, https:\/\/www.tgrthaber.com\/mavikadin\/wp-content\/uploads\/Tasacak-Bu-Deniz-10-300x169.webp 300w, https:\/\/www.tgrthaber.com\/mavikadin\/wp-content\/uploads\/Tasacak-Bu-Deniz-10-768x432.webp 768w\" sizes=\"(max-width: 800px) 100vw, 800px\" \/><\/p>\n<hr \/>\n<p>Di\u011fer yandan k\u00f6yde \u201cYunan doktorla Ko\u00e7ari birlikte\u201d dedikodular\u0131 h\u0131zla yay\u0131l\u0131rken, Oru\u00e7\u2019un Sevcan\u2019la ni\u015fan haz\u0131rl\u0131klar\u0131 da h\u0131z kazan\u0131r. K\u00f6yde bar\u0131nmas\u0131na izin verilmeyen Eleni hastalan\u0131r. Onu sahilde bulan Oru\u00e7, Esme\u2019ye teslim eder.<\/p>\n<p><img loading=\"lazy\" decoding=\"async\" class=\"aligncenter size-full wp-image-250727\" src=\"https:\/\/www.tgrthaber.com\/mavikadin\/wp-content\/uploads\/Tasacak-Bu-Deniz-2.webp\" alt=\"\" width=\"800\" height=\"450\" title=\"\" srcset=\"https:\/\/www.tgrthaber.com\/mavikadin\/wp-content\/uploads\/Tasacak-Bu-Deniz-2.webp 800w, https:\/\/www.tgrthaber.com\/mavikadin\/wp-content\/uploads\/Tasacak-Bu-Deniz-2-300x169.webp 300w, https:\/\/www.tgrthaber.com\/mavikadin\/wp-content\/uploads\/Tasacak-Bu-Deniz-2-768x432.webp 768w\" sizes=\"(max-width: 800px) 100vw, 800px\" \/><\/p>\n<hr \/>\n<p>Esme, k\u00f6y halk\u0131n\u0131n tepkisine ald\u0131rmadan Eleni\u2019yle \u00f6z k\u0131z\u0131 gibi ilgilenir. Ni\u015fan t\u00f6reni s\u0131ras\u0131nda Adil, \u201ckan hakk\u0131\u201d oldu\u011funu iddia etti\u011fi arazinin pe\u015fine d\u00fc\u015fer. Bu geli\u015fme Esme ve Adil\u2019i yeniden kar\u015f\u0131 kar\u015f\u0131ya getirir.<\/p>\n<p>Cezaevindeki \u015eerif, Eleni\u2019nin \u00f6ld\u00fcr\u00fclmesi i\u00e7in emir verir. Eleni\u2019nin annesi Trabzon\u2019a gelerek \u015eerif\u2019le yapt\u0131\u011f\u0131 eski anla\u015fmay\u0131 hat\u0131rlat\u0131r. Ger\u00e7ek ailesinin kim oldu\u011funu bilmeden ger\u00e7e\u011fin pe\u015fine d\u00fc\u015fen Eleni ise sald\u0131r\u0131ya u\u011frayarak kafas\u0131na darbe al\u0131r.<\/p>\n<p><img loading=\"lazy\" decoding=\"async\" class=\"aligncenter size-full wp-image-250728\" src=\"https:\/\/www.tgrthaber.com\/mavikadin\/wp-content\/uploads\/Tasacak-Bu-Deniz-3.webp\" alt=\"\" width=\"800\" height=\"450\" title=\"\" srcset=\"https:\/\/www.tgrthaber.com\/mavikadin\/wp-content\/uploads\/Tasacak-Bu-Deniz-3.webp 800w, https:\/\/www.tgrthaber.com\/mavikadin\/wp-content\/uploads\/Tasacak-Bu-Deniz-3-300x169.webp 300w, https:\/\/www.tgrthaber.com\/mavikadin\/wp-content\/uploads\/Tasacak-Bu-Deniz-3-768x432.webp 768w\" sizes=\"(max-width: 800px) 100vw, 800px\" \/><\/p>\n<hr \/>\n<h3>TA\u015eACAK BU DEN\u0130Z 3. B\u00d6L\u00dcM FRAGMANI YAYINLANDI MI?<\/h3>\n<p>Evet, Ta\u015facak Bu Deniz 3. b\u00f6l\u00fcm fragman\u0131 yay\u0131nland\u0131. Fragmanda \u0130rfan ve Fadime\u2019nin ortadan kaybolmas\u0131, k\u00f6yde endi\u015feye neden olur. Di\u011fer yandan Adil, \u0130so\u2019nun yerini bulmaya \u00e7al\u0131\u015f\u0131r. Ya\u015fanan bu geli\u015fmeler Esme ve Adil\u2019i bir kez daha kar\u015f\u0131 kar\u015f\u0131ya getirir. Yeni b\u00f6l\u00fcmde s\u0131rlar daha da derinle\u015fecek.<\/p>\n","protected":false},"excerpt":{"rendered":"<p>Milyonlar\u0131 ekran ba\u015f\u0131na kilitleyen Ta\u015facak Bu Deniz dizisinin 2. B\u00f6l\u00fcm\u00fcnde Esme, Eleni ve Adil\u2019in sahnesi be\u011feni toplad\u0131. Sezona bomba gibi ba\u015flayan dizide gelecek b\u00f6l\u00fcmdeki geli\u015fmeler \u015fimdiden merak konusu oldu. Peki 3. b\u00f6l\u00fcmde neler olacak?<\/p>\n","protected":false},"author":5,"featured_media":250725,"comment_status":"closed","ping_status":"closed","sticky":false,"template":"","format":"standard","meta":{"rank_math_lock_modified_date":false,"footnotes":""},"categories":[602],"tags":[64647,3602,64648,61052,64649],"class_list":["post-250723","post","type-post","status-publish","format-standard","has-post-thumbnail","hentry","category-diziler","tag-adil-kocari","tag-diziler","tag-evet","tag-tasacak-bu-deniz","tag-tasacak-bu-deniz-3-bolum"],"_links":{"self":[{"href":"https:\/\/www.tgrthaber.com\/mavikadin\/wp-json\/wp\/v2\/posts\/250723"}],"collection":[{"href":"https:\/\/www.tgrthaber.com\/mavikadin\/wp-json\/wp\/v2\/posts"}],"about":[{"href":"https:\/\/www.tgrthaber.com\/mavikadin\/wp-json\/wp\/v2\/types\/post"}],"author":[{"embeddable":true,"href":"https:\/\/www.tgrthaber.com\/mavikadin\/wp-json\/wp\/v2\/users\/5"}],"replies":[{"embeddable":true,"href":"https:\/\/www.tgrthaber.com\/mavikadin\/wp-json\/wp\/v2\/comments?post=250723"}],"version-history":[{"count":2,"href":"https:\/\/www.tgrthaber.com\/mavikadin\/wp-json\/wp\/v2\/posts\/250723\/revisions"}],"predecessor-version":[{"id":250731,"href":"https:\/\/www.tgrthaber.com\/mavikadin\/wp-json\/wp\/v2\/posts\/250723\/revisions\/250731"}],"wp:featuredmedia":[{"embeddable":true,"href":"https:\/\/www.tgrthaber.com\/mavikadin\/wp-json\/wp\/v2\/media\/250725"}],"wp:attachment":[{"href":"https:\/\/www.tgrthaber.com\/mavikadin\/wp-json\/wp\/v2\/media?parent=250723"}],"wp:term":[{"taxonomy":"category","embeddable":true,"href":"https:\/\/www.tgrthaber.com\/mavikadin\/wp-json\/wp\/v2\/categories?post=250723"},{"taxonomy":"post_tag","embeddable":true,"href":"https:\/\/www.tgrthaber.com\/mavikadin\/wp-json\/wp\/v2\/tags?post=250723"}],"curies":[{"name":"wp","href":"https:\/\/api.w.org\/{rel}","templated":true}]}}