{"id":250742,"date":"2025-10-18T09:52:02","date_gmt":"2025-10-18T06:52:02","guid":{"rendered":"https:\/\/www.tgrthaber.com\/mavikadin\/?p=250742"},"modified":"2025-10-18T09:53:52","modified_gmt":"2025-10-18T06:53:52","slug":"fatih-urekin-durumu-kotuye-mi-gidiyor-beyin-sapinda-hasar-olustugu-iddia-edildi","status":"publish","type":"post","link":"https:\/\/www.tgrthaber.com\/mavikadin\/fatih-urekin-durumu-kotuye-mi-gidiyor-beyin-sapinda-hasar-olustugu-iddia-edildi\/","title":{"rendered":"Fatih \u00dcrek\u2019in durumu k\u00f6t\u00fcye mi gidiyor? Beyin sap\u0131nda hasar olu\u015ftu\u011fu iddia edildi"},"content":{"rendered":"<p>Evinde kahvalt\u0131 yaparken fenala\u015fan ve ard\u0131ndan hemen hastaneye kald\u0131r\u0131lan 59 ya\u015f\u0131ndaki <a href=\"https:\/\/www.tgrthaber.com\/mavikadin\/fatih-urek-oldu-mu-fatih-urek-kalp-krizi-mi-gecirdi\/\">Fatih \u00dcrek<\/a> sevenlerini korkuttu. Gelen yeni bilgilere g\u00f6re Fatih \u00dcrek\u2019in beyin sap\u0131nda hasar olu\u015ftu\u011fu iddia edildi. Peki sanat\u00e7\u0131n\u0131n sa\u011fl\u0131k durumu nas\u0131l?<\/p>\n<h3>FAT\u0130H \u00dcREK\u2019\u0130N DURUMU K\u00d6T\u00dcYE M\u0130 G\u0130D\u0130YOR?<\/h3>\n<p>Yo\u011fun bak\u0131mda uyutularak tedavi edilen <a href=\"https:\/\/www.tgrthaber.com\/mavikadin\/fatih-urekin-hastaligi-nedir-fatih-urek-hangi-sirketin-sahibi\/\">Fatih \u00dcrek<\/a>\u2019in beyin sap\u0131nda hasar olu\u015ftu\u011fu iddia edildi. Kalp krizi s\u0131ras\u0131nda bir s\u00fcre kalbinin durdu\u011fu ve bu esnada beynine yeterli oksijen gitmedi\u011fi, bu durumun da kal\u0131c\u0131 hasar riski ta\u015f\u0131d\u0131\u011f\u0131 ifade edildi.<\/p>\n<p><img loading=\"lazy\" decoding=\"async\" class=\"aligncenter size-full wp-image-250091\" src=\"https:\/\/www.tgrthaber.com\/mavikadin\/wp-content\/uploads\/Adsiz-tasarim-7-100.jpg\" alt=\"\" width=\"1208\" height=\"680\" title=\"\" srcset=\"https:\/\/www.tgrthaber.com\/mavikadin\/wp-content\/uploads\/Adsiz-tasarim-7-100.jpg 1208w, https:\/\/www.tgrthaber.com\/mavikadin\/wp-content\/uploads\/Adsiz-tasarim-7-100-300x169.jpg 300w, https:\/\/www.tgrthaber.com\/mavikadin\/wp-content\/uploads\/Adsiz-tasarim-7-100-1024x576.jpg 1024w, https:\/\/www.tgrthaber.com\/mavikadin\/wp-content\/uploads\/Adsiz-tasarim-7-100-768x432.jpg 768w\" sizes=\"(max-width: 1208px) 100vw, 1208px\" \/><\/p>\n<hr \/>\n<p>Beyin sap\u0131, v\u00fccudun ya\u015famsal fonksiyonlar\u0131n\u0131 y\u00f6neten kritik bir b\u00f6lge oldu\u011fu i\u00e7in, burada meydana gelen bir hasar olduk\u00e7a \u00f6nemli. Beyin sap\u0131 bilin\u00e7, solunum, kalp ritmi gibi hayati i\u015flevleri do\u011frudan etkileyebiliyor. Bu nedenle, sanat\u00e7\u0131n\u0131n uyand\u0131r\u0131lmas\u0131 s\u00fcreci doktorlar taraf\u0131ndan son derece dikkatli bir \u015fekilde takip ediliyor.<\/p>\n<h3>KR\u0130T\u0130K S\u00dcRE\u00c7 DEVAM ED\u0130YOR<\/h3>\n<p>Kalp krizinin ard\u0131ndan ge\u00e7en ilk 48 saatin, ikinci bir atak riski a\u00e7\u0131s\u0131ndan en kritik d\u00f6nem oldu\u011funu vurgulayan doktorlar, \u00dcrek\u2019in sa\u011fl\u0131k durumunun yak\u0131ndan takip edildi\u011fini ve \u015fu an i\u00e7in yo\u011fun bak\u0131mda tedavisinin s\u00fcrd\u00fc\u011f\u00fcn\u00fc a\u00e7\u0131klad\u0131.<\/p>\n<p><img loading=\"lazy\" decoding=\"async\" class=\"aligncenter size-full wp-image-249978\" src=\"https:\/\/www.tgrthaber.com\/mavikadin\/wp-content\/uploads\/fatih-urekin-saglik-durum-928.webp\" alt=\"\" width=\"1303\" height=\"700\" title=\"\" srcset=\"https:\/\/www.tgrthaber.com\/mavikadin\/wp-content\/uploads\/fatih-urekin-saglik-durum-928.webp 1303w, https:\/\/www.tgrthaber.com\/mavikadin\/wp-content\/uploads\/fatih-urekin-saglik-durum-928-300x161.webp 300w, https:\/\/www.tgrthaber.com\/mavikadin\/wp-content\/uploads\/fatih-urekin-saglik-durum-928-1024x550.webp 1024w, https:\/\/www.tgrthaber.com\/mavikadin\/wp-content\/uploads\/fatih-urekin-saglik-durum-928-768x413.webp 768w\" sizes=\"(max-width: 1303px) 100vw, 1303px\" \/><\/p>\n<hr \/>\n<p>Sanat d\u00fcnyas\u0131n\u0131n sevilen isimlerinden biri olan Fatih \u00dcrek\u2019in sa\u011fl\u0131k durumu ile ilgili geli\u015fmeler merakla takip ediliyor. Sanat\u00e7\u0131n\u0131n hem hayranlar\u0131 hem de yak\u0131n \u00e7evresi bir an \u00f6nce sa\u011fl\u0131\u011f\u0131na kavu\u015fmas\u0131n\u0131 bekliyor.<\/p>\n<h3>FAT\u0130H \u00dcREK K\u0130MD\u0130R?<\/h3>\n<p>Fatih \u00dcrek, 3 Nisan 1966 tarihinde Erzurum&#8217;da do\u011fan T\u00fcrk \u015fark\u0131c\u0131, sunucu ve tiyatro sanat\u00e7\u0131s\u0131d\u0131r. Sahne enerjisi, renkli ki\u015fili\u011fi ve televizyon projeleriyle uzun y\u0131llard\u0131r T\u00fcrk e\u011flence d\u00fcnyas\u0131n\u0131n sevilen isimlerinden biridir.<br \/>\nErzurum\u2019da, bir sucuk fabrikas\u0131nda kasap olarak \u00e7al\u0131\u015fan \u015eerafettin \u00dcrek\u2019in d\u00f6rt \u00e7ocu\u011fundan biri olarak d\u00fcnyaya gelen Fatih \u00dcrek\u2019in \u00fc\u00e7 k\u0131z karde\u015fi vard\u0131r. Ailesi, o hen\u00fcz bir ya\u015f\u0131ndayken Bursa\u2019ya g\u00f6\u00e7 etti. Sanata olan ilgisi k\u00fc\u00e7\u00fck ya\u015flarda ba\u015flad\u0131.<\/p>\n<p><img loading=\"lazy\" decoding=\"async\" class=\"aligncenter size-full wp-image-249975\" src=\"https:\/\/www.tgrthaber.com\/mavikadin\/wp-content\/uploads\/i-24-4.webp\" alt=\"\" width=\"476\" height=\"250\" title=\"\" srcset=\"https:\/\/www.tgrthaber.com\/mavikadin\/wp-content\/uploads\/i-24-4.webp 476w, https:\/\/www.tgrthaber.com\/mavikadin\/wp-content\/uploads\/i-24-4-300x158.webp 300w\" sizes=\"(max-width: 476px) 100vw, 476px\" \/><\/p>\n<hr \/>\n<p>15 ya\u015f\u0131nda, Bursa Devlet Tiyatrosu&#8217;nun fig\u00fcran kadrosuna girerek tiyatro sahnesine ad\u0131m att\u0131. Burada, usta tiyatrocu Mahir Canova\u2019dan dersler ald\u0131. Ancak tiyatro kariyerine uzun s\u00fcre devam etmedi. Bu s\u00fcre\u00e7te farkl\u0131 sekt\u00f6rlerde de \u00e7al\u0131\u015ft\u0131. Bir d\u00f6nem z\u00fcccaciye ve mobilya ma\u011fazalar\u0131nda \u00e7al\u0131\u015ft\u0131.<\/p>\n<p><img loading=\"lazy\" decoding=\"async\" class=\"aligncenter wp-image-249855 size-full\" src=\"https:\/\/www.tgrthaber.com\/mavikadin\/wp-content\/uploads\/Fatih-Urek-3-1.jpg\" alt=\"\" width=\"1208\" height=\"680\" title=\"\" srcset=\"https:\/\/www.tgrthaber.com\/mavikadin\/wp-content\/uploads\/Fatih-Urek-3-1.jpg 1208w, https:\/\/www.tgrthaber.com\/mavikadin\/wp-content\/uploads\/Fatih-Urek-3-1-300x169.jpg 300w, https:\/\/www.tgrthaber.com\/mavikadin\/wp-content\/uploads\/Fatih-Urek-3-1-1024x576.jpg 1024w, https:\/\/www.tgrthaber.com\/mavikadin\/wp-content\/uploads\/Fatih-Urek-3-1-768x432.jpg 768w\" sizes=\"(max-width: 1208px) 100vw, 1208px\" \/><\/p>\n<hr \/>\n<h3>M\u00fczik Kariyeri<\/h3>\n<p>Tiyatrodan sonra m\u00fczi\u011fe y\u00f6nelen Fatih \u00dcrek, sahne hayat\u0131na Taylan Gazinosu\u2019nda ba\u015flad\u0131. Ard\u0131ndan \u0130stanbul\u2019a ta\u015f\u0131nd\u0131 ve m\u00fczik kariyerini profesyonel olarak s\u00fcrd\u00fcrmeye ba\u015flad\u0131. \u0130lk alb\u00fcm\u00fc &#8220;Yakt\u0131 Yakt\u0131&#8221;, 1993 y\u0131l\u0131nda Raks M\u00fczik etiketiyle yay\u0131mland\u0131. Alb\u00fcmde, daha \u00f6nce B\u00fclent Ersoy\u2019un seslendirdi\u011fi &#8220;Sefam Olsun&#8221; adl\u0131 \u015fark\u0131ya kendi yorumunu katt\u0131. 1995\u2019te \u00e7\u0131kard\u0131\u011f\u0131 ikinci alb\u00fcm\u00fc &#8220;Sen \u0130ki G\u00f6z\u00fcms\u00fcn&#8221;, pop \u015fark\u0131lar\u0131n yan\u0131 s\u0131ra klasik eserlere de yer vermesiyle dikkat \u00e7ekti. Y\u0131llar i\u00e7inde bir\u00e7ok alb\u00fcm ve tekli (single) yay\u0131mlayan sanat\u00e7\u0131, m\u00fczikte e\u011flenceli ve hareketli bir tarz benimsedi.<\/p>\n<p><img loading=\"lazy\" decoding=\"async\" class=\"aligncenter wp-image-249853 size-full\" src=\"https:\/\/www.tgrthaber.com\/mavikadin\/wp-content\/uploads\/ARZU-2025-10-16T143315.767.jpg\" alt=\"\" width=\"1208\" height=\"680\" title=\"\" srcset=\"https:\/\/www.tgrthaber.com\/mavikadin\/wp-content\/uploads\/ARZU-2025-10-16T143315.767.jpg 1208w, https:\/\/www.tgrthaber.com\/mavikadin\/wp-content\/uploads\/ARZU-2025-10-16T143315.767-300x169.jpg 300w, https:\/\/www.tgrthaber.com\/mavikadin\/wp-content\/uploads\/ARZU-2025-10-16T143315.767-1024x576.jpg 1024w, https:\/\/www.tgrthaber.com\/mavikadin\/wp-content\/uploads\/ARZU-2025-10-16T143315.767-768x432.jpg 768w\" sizes=\"(max-width: 1208px) 100vw, 1208px\" \/><\/p>\n<hr \/>\n<h3>Diskografi (Se\u00e7me Alb\u00fcm ve Single\u2019lar)<\/h3>\n<p>Yakt\u0131 Yakt\u0131 (1993)<\/p>\n<p>Sen \u0130ki G\u00f6z\u00fcms\u00fcn (1995)<\/p>\n<p>Sus (2008)<\/p>\n<p>Hala Hala (2009)<\/p>\n<p>Al\u0131r\u0131m Akl\u0131n\u0131 (2010)<\/p>\n<p>Alt\u0131n \u00c7a\u011f (2015)<\/p>\n<p>Afra Tafra (2023 \u2013 Single)<\/p>\n<p>Bal Kaymak (2024 \u2013 Single)<\/p>\n<p>Gelin G\u00f6r\u00fcmce (2024 \u2013 EP)<\/p>\n<p>Vay Haline (2025 \u2013 Single)<\/p>\n<p><img loading=\"lazy\" decoding=\"async\" class=\"aligncenter size-full wp-image-249850\" src=\"https:\/\/www.tgrthaber.com\/mavikadin\/wp-content\/uploads\/ARZU-2025-10-16T143327.986.jpg\" alt=\"\" width=\"1208\" height=\"680\" title=\"\" srcset=\"https:\/\/www.tgrthaber.com\/mavikadin\/wp-content\/uploads\/ARZU-2025-10-16T143327.986.jpg 1208w, https:\/\/www.tgrthaber.com\/mavikadin\/wp-content\/uploads\/ARZU-2025-10-16T143327.986-300x169.jpg 300w, https:\/\/www.tgrthaber.com\/mavikadin\/wp-content\/uploads\/ARZU-2025-10-16T143327.986-1024x576.jpg 1024w, https:\/\/www.tgrthaber.com\/mavikadin\/wp-content\/uploads\/ARZU-2025-10-16T143327.986-768x432.jpg 768w\" sizes=\"(max-width: 1208px) 100vw, 1208px\" \/><\/p>\n<hr \/>\n<h3>Televizyon ve Oyunculuk Kariyeri<\/h3>\n<p>Fatih \u00dcrek, televizyon ekranlar\u0131nda da ba\u015far\u0131l\u0131 bir kariyer s\u00fcrd\u00fcrd\u00fc. 1995 y\u0131l\u0131nda Reyting Hamdi adl\u0131 programda &#8216;Fred \u00c7akmakta\u015f&#8217; karakteriyle be\u011feni toplad\u0131. Ard\u0131ndan bir\u00e7ok dizi ve e\u011flence program\u0131nda hem oyuncu hem konuk hem de sunucu olarak yer ald\u0131.<\/p>\n<p>Filmografi (Se\u00e7me Projeler)<\/p>\n<p>Reyting Hamdi (1995\u20132003) \u2013 Fred \u00c7akmakta\u015f<\/p>\n<p>Ruhsar (1998) \u2013 Konuk oyuncu<\/p>\n<p>Neredesin Firuze (2004)<\/p>\n<p>\u015eeytan\u0131n Pabucu (2008) \u2013 Burhan<\/p>\n<p>Genco (2008) \u2013 Ses sanat\u00e7\u0131s\u0131 (42. b\u00f6l\u00fcm)<\/p>\n<p>G\u00fcld\u00fcr G\u00fcld\u00fcr Show, Arkada\u015f\u0131m Ho\u015fgeldin, Beyaz Show \u2013 Konuk<\/p>\n<p>Bu Tarz Benim (2014) \u2013 Yar\u0131\u015fma format\u0131nda ekranlarda<\/p>\n<p>Gelinim Mutfakta (2018\u20132020) \u2013 Sunucu<\/p>\n<p>Jet Sosyete (2019) \u2013 Kendisi (Konuk, 44. b\u00f6l\u00fcm)<\/p>\n<p>Kuaf\u00f6r\u00fcm Sensin (2020) \u2013 J\u00fcri<\/p>\n<p>Menajerimi Ara (2021) \u2013 Kendisi (Konuk, 41. b\u00f6l\u00fcm)<\/p>\n<p>Gelin G\u00f6r\u00fcmce (2024\u20132025) \u2013 Sunucu<\/p>\n","protected":false},"excerpt":{"rendered":"<p>Fatih \u00dcrek\u2019in durumu k\u00f6t\u00fcye mi gidiyor? Merak ediliyor. \u00dcnl\u00fc sanat\u00e7\u0131 ge\u00e7ti\u011fimiz g\u00fcnlerde evinde ge\u00e7irdi\u011fi kalp krizi sonras\u0131 hastaneye kald\u0131r\u0131larak yo\u011fun bak\u0131ma al\u0131nm\u0131\u015ft\u0131. \u0130lk m\u00fcdahalenin ard\u0131ndan hayata d\u00f6nd\u00fcr\u00fclen sanat\u00e7\u0131n\u0131n sa\u011fl\u0131k durumuyla ilgili yeni ve endi\u015fe verici iddialar ortaya at\u0131ld\u0131.<\/p>\n","protected":false},"author":5,"featured_media":250743,"comment_status":"closed","ping_status":"closed","sticky":false,"template":"","format":"standard","meta":{"rank_math_lock_modified_date":false,"footnotes":""},"categories":[76],"tags":[2830,64652,64653],"class_list":["post-250742","post","type-post","status-publish","format-standard","has-post-thumbnail","hentry","category-magazin","tag-fatih-urek","tag-fatih-urek-beyin-sapi","tag-fatih-urek-ne-oldu"],"_links":{"self":[{"href":"https:\/\/www.tgrthaber.com\/mavikadin\/wp-json\/wp\/v2\/posts\/250742"}],"collection":[{"href":"https:\/\/www.tgrthaber.com\/mavikadin\/wp-json\/wp\/v2\/posts"}],"about":[{"href":"https:\/\/www.tgrthaber.com\/mavikadin\/wp-json\/wp\/v2\/types\/post"}],"author":[{"embeddable":true,"href":"https:\/\/www.tgrthaber.com\/mavikadin\/wp-json\/wp\/v2\/users\/5"}],"replies":[{"embeddable":true,"href":"https:\/\/www.tgrthaber.com\/mavikadin\/wp-json\/wp\/v2\/comments?post=250742"}],"version-history":[{"count":2,"href":"https:\/\/www.tgrthaber.com\/mavikadin\/wp-json\/wp\/v2\/posts\/250742\/revisions"}],"predecessor-version":[{"id":250745,"href":"https:\/\/www.tgrthaber.com\/mavikadin\/wp-json\/wp\/v2\/posts\/250742\/revisions\/250745"}],"wp:featuredmedia":[{"embeddable":true,"href":"https:\/\/www.tgrthaber.com\/mavikadin\/wp-json\/wp\/v2\/media\/250743"}],"wp:attachment":[{"href":"https:\/\/www.tgrthaber.com\/mavikadin\/wp-json\/wp\/v2\/media?parent=250742"}],"wp:term":[{"taxonomy":"category","embeddable":true,"href":"https:\/\/www.tgrthaber.com\/mavikadin\/wp-json\/wp\/v2\/categories?post=250742"},{"taxonomy":"post_tag","embeddable":true,"href":"https:\/\/www.tgrthaber.com\/mavikadin\/wp-json\/wp\/v2\/tags?post=250742"}],"curies":[{"name":"wp","href":"https:\/\/api.w.org\/{rel}","templated":true}]}}