{"id":250848,"date":"2025-10-18T16:53:06","date_gmt":"2025-10-18T13:53:06","guid":{"rendered":"https:\/\/www.tgrthaber.com\/mavikadin\/?p=250848"},"modified":"2025-10-18T16:53:06","modified_gmt":"2025-10-18T13:53:06","slug":"korhan-abay-kimdir-kac-yasinda-korhan-abay-nerede","status":"publish","type":"post","link":"https:\/\/www.tgrthaber.com\/mavikadin\/korhan-abay-kimdir-kac-yasinda-korhan-abay-nerede\/","title":{"rendered":"Korhan Abay kimdir ka\u00e7 ya\u015f\u0131nda? Korhan Abay nerede?"},"content":{"rendered":"<p>Korhan Abay kimdir ka\u00e7 ya\u015f\u0131nda? merak ediliyor. Oyuncu, yazar, y\u00f6netmen, yap\u0131mc\u0131 ve <a href=\"https:\/\/www.tgrthaber.com\/mavikadin\/masterchef-yeni-sunucusu-wanda-nara-oldu-eski-esi-yarismaci-olarak-katildi\/\">sunucu<\/a> kimlikleriyle T\u00fcrk sanat d\u00fcnyas\u0131n\u0131n en \u00fcretken isimlerinden biri olan Korhan Abay \u015fu s\u0131ralar magazin g\u00fcndemine geldi. \u0130\u015fte Korhan Abay hakk\u0131nda merak edilenler.<\/p>\n<h3>KORHAN ABAY K\u0130MD\u0130R KA\u00c7 YA\u015eINDA?<\/h3>\n<p>1954 y\u0131l\u0131nda \u0130stanbul\u2019da d\u00fcnyaya gelen Korhan Abay oyuncu, yazar, y\u00f6netmen, yap\u0131mc\u0131 ve <a href=\"https:\/\/www.tgrthaber.com\/mavikadin\/kadir-ezildi-anneannesinin-kuzeni-icin-dua-istedi-unlu-sunucunun-paylasimi-takdir-topladi\/\">sunucu<\/a> kimlikleriyle dikkat \u00e7ekiyor.<\/p>\n<p><img loading=\"lazy\" decoding=\"async\" class=\"aligncenter size-full wp-image-250849\" src=\"https:\/\/www.tgrthaber.com\/mavikadin\/wp-content\/uploads\/Korhan-Abay-1.webp\" alt=\"\" width=\"1200\" height=\"783\" title=\"\" srcset=\"https:\/\/www.tgrthaber.com\/mavikadin\/wp-content\/uploads\/Korhan-Abay-1.webp 1200w, https:\/\/www.tgrthaber.com\/mavikadin\/wp-content\/uploads\/Korhan-Abay-1-300x196.webp 300w, https:\/\/www.tgrthaber.com\/mavikadin\/wp-content\/uploads\/Korhan-Abay-1-1024x668.webp 1024w, https:\/\/www.tgrthaber.com\/mavikadin\/wp-content\/uploads\/Korhan-Abay-1-768x501.webp 768w\" sizes=\"(max-width: 1200px) 100vw, 1200px\" \/><\/p>\n<hr \/>\n<p>Galatasaray Lisesi ve \u0130stanbul \u00dcniversitesi \u0130\u015fletme Fak\u00fcltesi mezunu olan Abay, sanat hayat\u0131na Ali Poyrazo\u011flu Tiyatrosu\u2019nda ba\u015flad\u0131. Daha sonra kendi tiyatrosu olan Teatro Korhan Abay\u2019\u0131 kurarak hem sahneye hem de y\u00f6netmenlik ve yap\u0131mc\u0131l\u0131\u011fa ad\u0131m att\u0131.<\/p>\n<h3>KORHAN ABAY KAR\u0130YER\u0130N\u0130N D\u00d6N\u00dcM NOKTALARI<\/h3>\n<p>Tiyatro yazarl\u0131\u011f\u0131 ve oyunculu\u011funun yan\u0131 s\u0131ra 1980\u2019li y\u0131llardan itibaren televizyon d\u00fcnyas\u0131nda da etkili bir rol\u00fc olan Korhan Abay, pek \u00e7ok programda sunucu, yap\u0131mc\u0131 ve genel y\u00f6netmen olarak g\u00f6rev ald\u0131.<\/p>\n<p><img loading=\"lazy\" decoding=\"async\" class=\"aligncenter size-full wp-image-250850\" src=\"https:\/\/www.tgrthaber.com\/mavikadin\/wp-content\/uploads\/Korhan-Abay-1.jpg\" alt=\"\" width=\"1080\" height=\"1080\" title=\"\" srcset=\"https:\/\/www.tgrthaber.com\/mavikadin\/wp-content\/uploads\/Korhan-Abay-1.jpg 1080w, https:\/\/www.tgrthaber.com\/mavikadin\/wp-content\/uploads\/Korhan-Abay-1-300x300.jpg 300w, https:\/\/www.tgrthaber.com\/mavikadin\/wp-content\/uploads\/Korhan-Abay-1-1024x1024.jpg 1024w, https:\/\/www.tgrthaber.com\/mavikadin\/wp-content\/uploads\/Korhan-Abay-1-150x150.jpg 150w, https:\/\/www.tgrthaber.com\/mavikadin\/wp-content\/uploads\/Korhan-Abay-1-768x768.jpg 768w\" sizes=\"(max-width: 1080px) 100vw, 1080px\" \/><\/p>\n<hr \/>\n<p>Korhan Abay\u2019\u0131n 2004 y\u0131l\u0131nda, \u0130stanbul\u2019da d\u00fczenlenen Eurovision \u015eark\u0131 Yar\u0131\u015fmas\u0131\u2019nda Meltem Cumbul ile birlikte sunuculuk yapmas\u0131, kariyerindeki \u00f6nemli kilometre ta\u015flar\u0131ndan biri oldu.<\/p>\n<p>Korhan Abay 1982 y\u0131l\u0131nda yaz\u0131p oynad\u0131\u011f\u0131 &#8220;Hayvanat Bah\u00e7esi&#8221; adl\u0131 oyunla Avni Dilligil \u00d6zel \u00d6d\u00fcl\u00fc\u2019ne lay\u0131k g\u00f6r\u00fcld\u00fc.<br \/>\n2007 yap\u0131m\u0131 \u0130sve\u00e7 filmi Kap\u0131lara Dikkat\u2019te ba\u015frol oynayan Korhan Abay, bu rol i\u00e7in \u0130sve\u00e7\u00e7e \u00f6\u011frendi. Bu y\u00f6n\u00fcyle sadece T\u00fcrkiye&#8217;de de\u011fil, uluslararas\u0131 platformda da dikkat \u00e7ekti.<\/p>\n<p><img loading=\"lazy\" decoding=\"async\" class=\"aligncenter size-full wp-image-250857\" src=\"https:\/\/www.tgrthaber.com\/mavikadin\/wp-content\/uploads\/Korhan-Abay-4.jpg\" alt=\"\" width=\"1080\" height=\"719\" title=\"\" srcset=\"https:\/\/www.tgrthaber.com\/mavikadin\/wp-content\/uploads\/Korhan-Abay-4.jpg 1080w, https:\/\/www.tgrthaber.com\/mavikadin\/wp-content\/uploads\/Korhan-Abay-4-300x200.jpg 300w, https:\/\/www.tgrthaber.com\/mavikadin\/wp-content\/uploads\/Korhan-Abay-4-1024x682.jpg 1024w, https:\/\/www.tgrthaber.com\/mavikadin\/wp-content\/uploads\/Korhan-Abay-4-768x511.jpg 768w\" sizes=\"(max-width: 1080px) 100vw, 1080px\" \/><\/p>\n<hr \/>\n<p>Abay sadece sahne ve ekranla s\u0131n\u0131rl\u0131 kalmayarak \u00f6zel u\u00e7ak pilotlu\u011fu lisans\u0131n\u0131 da alm\u0131\u015ft\u0131r. Ayr\u0131ca \u00e7ok say\u0131da yabanc\u0131 dili ak\u0131c\u0131 \u015fekilde konu\u015farak \u00e7ok dilli sunuculuk yapabilen nadir sanat\u00e7\u0131lar aras\u0131nda yer almaktad\u0131r.<br \/>\nTelevizyon d\u00fcnyas\u0131nda iz b\u0131rakan Korhan Abay \u00e7ok y\u00f6nl\u00fc kimli\u011fiyle dikkat \u00e7ekiyor. Kendine \u00f6zg\u00fc sunum tarz\u0131, \u00fcretkenli\u011fi ve sanata duydu\u011fu tutkuyla, T\u00fcrk sanat tarihinde \u00f6zel bir yere sahiptir.<\/p>\n<p><img loading=\"lazy\" decoding=\"async\" class=\"aligncenter size-full wp-image-250851\" src=\"https:\/\/www.tgrthaber.com\/mavikadin\/wp-content\/uploads\/Korhan-Abay-2.jpg\" alt=\"\" width=\"1080\" height=\"1350\" title=\"\" srcset=\"https:\/\/www.tgrthaber.com\/mavikadin\/wp-content\/uploads\/Korhan-Abay-2.jpg 1080w, https:\/\/www.tgrthaber.com\/mavikadin\/wp-content\/uploads\/Korhan-Abay-2-240x300.jpg 240w, https:\/\/www.tgrthaber.com\/mavikadin\/wp-content\/uploads\/Korhan-Abay-2-819x1024.jpg 819w, https:\/\/www.tgrthaber.com\/mavikadin\/wp-content\/uploads\/Korhan-Abay-2-768x960.jpg 768w\" sizes=\"(max-width: 1080px) 100vw, 1080px\" \/><\/p>\n<hr \/>\n<h3>KORHAN ABAY NEREDE?<\/h3>\n<p>Efsane TRT spikeri ve tiyatro sanat\u00e7\u0131s\u0131 Korhan Abay, uzun bir aran\u0131n ard\u0131ndan Ni\u015fanta\u015f\u0131&#8217;nda otob\u00fcs beklerken g\u00f6r\u00fcnt\u00fclendi. M\u00fctevaz\u0131 ya\u015fam\u0131yla dikkat \u00e7eken Abay, &#8220;Emekli olduk ama h\u00e2l\u00e2 \u00fcretmeye devam ediyoruz.&#8221; dedi. G\u00fcnlerini k\u00f6pekleriyle ge\u00e7irdi\u011fini s\u00f6yleyen usta sanat\u00e7\u0131, &#8220;Tiyatroyu \u00f6zledim, belki yeniden sahneye d\u00f6nerim.&#8221; s\u00f6zleriyle hayranlar\u0131n\u0131 heyecanland\u0131rd\u0131.<\/p>\n<p><img loading=\"lazy\" decoding=\"async\" class=\"aligncenter size-full wp-image-250853\" src=\"https:\/\/www.tgrthaber.com\/mavikadin\/wp-content\/uploads\/Korhan-Abay-3.jpg\" alt=\"\" width=\"750\" height=\"938\" title=\"\" srcset=\"https:\/\/www.tgrthaber.com\/mavikadin\/wp-content\/uploads\/Korhan-Abay-3.jpg 750w, https:\/\/www.tgrthaber.com\/mavikadin\/wp-content\/uploads\/Korhan-Abay-3-240x300.jpg 240w\" sizes=\"(max-width: 750px) 100vw, 750px\" \/><\/p>\n<hr \/>\n<p>TV8 kameralar\u0131na yans\u0131yan usta isim &#8220;Nas\u0131ls\u0131n\u0131z, neler yap\u0131yorsunuz?&#8221; sorusuna g\u00fcl\u00fcmseyerek &#8220;\u0130yiyim vallahi, fena de\u011fil. U\u011fra\u015f\u0131yoruz i\u015fte. Emekli olduk, ama h\u00e2l\u00e2 aktifiz. Kendi yaratt\u0131\u011f\u0131m\u0131z kurumsal yar\u0131\u015fmalar yap\u0131yoruz. Bilgi yar\u0131\u015fmalar\u0131, futbol ma\u00e7lar\u0131, gibi oyunlar d\u00fczenliyoruz. Olduk\u00e7a yo\u011funum asl\u0131nda.&#8221; dedi.<br \/>\nEmeklilik g\u00fcnlerinden bahseden Abay, &#8220;Evde k\u00f6peklerimiz var, onlarla ilgileniyorum. Onlar benim dostlar\u0131m.&#8221; diyerek sade ya\u015fam tarz\u0131n\u0131 anlatt\u0131.<\/p>\n<p><img loading=\"lazy\" decoding=\"async\" class=\"aligncenter size-full wp-image-250855\" src=\"https:\/\/www.tgrthaber.com\/mavikadin\/wp-content\/uploads\/Korhan-Abay-.webp\" alt=\"\" width=\"640\" height=\"426\" title=\"\" srcset=\"https:\/\/www.tgrthaber.com\/mavikadin\/wp-content\/uploads\/Korhan-Abay-.webp 640w, https:\/\/www.tgrthaber.com\/mavikadin\/wp-content\/uploads\/Korhan-Abay--300x200.webp 300w\" sizes=\"(max-width: 640px) 100vw, 640px\" \/><\/p>\n<hr \/>\n<p>Abay, &#8220;Eskiden herkes tan\u0131yordu, \u015fimdi o kadar fazla tan\u0131m\u0131yorlar. Bu sayede rahat rahat gezebiliyorum.&#8221; diyerek m\u00fctevaz\u0131 tavr\u0131n\u0131 korudu.<\/p>\n<p>Tiyatroya olan ilgisinin devam etti\u011fini ifade eden Korhan Abay, &#8220;Bir iki teklif geldi, biri Sabahattin Ali&#8217;nin oyunuydu. Ge\u00e7en g\u00fcn Ali Poyrazo\u011flu da arad\u0131, belki yeniden tiyatro yapar\u0131z. \u00d6zledim sahneleri&#8221; dedi.<\/p>\n","protected":false},"excerpt":{"rendered":"<p>T\u00fcrk tiyatrosu ve sinemas\u0131n\u0131n unutulmaz isimlerinden biri Korhan Abay kimdir ka\u00e7 ya\u015f\u0131nda? merak ediliyor. Sahne ve ekranlarda y\u0131llard\u0131r kendine \u00f6zg\u00fc tarz\u0131yla izleyicilerin be\u011fenisini kazanan Abay kariyeriyle ve ki\u015fili\u011fiyle dikkat \u00e7ekiyor. Peki Korhan Abay kimdir ka\u00e7 ya\u015f\u0131nda? Korhan Abay nerede?<\/p>\n","protected":false},"author":5,"featured_media":250854,"comment_status":"closed","ping_status":"closed","sticky":false,"template":"","format":"standard","meta":{"rank_math_lock_modified_date":false,"footnotes":""},"categories":[491],"tags":[64667,64669,64668],"class_list":["post-250848","post","type-post","status-publish","format-standard","has-post-thumbnail","hentry","category-biyografi","tag-korhan-abay","tag-korhan-abay-kimdir","tag-korhan-abay-nerede"],"_links":{"self":[{"href":"https:\/\/www.tgrthaber.com\/mavikadin\/wp-json\/wp\/v2\/posts\/250848"}],"collection":[{"href":"https:\/\/www.tgrthaber.com\/mavikadin\/wp-json\/wp\/v2\/posts"}],"about":[{"href":"https:\/\/www.tgrthaber.com\/mavikadin\/wp-json\/wp\/v2\/types\/post"}],"author":[{"embeddable":true,"href":"https:\/\/www.tgrthaber.com\/mavikadin\/wp-json\/wp\/v2\/users\/5"}],"replies":[{"embeddable":true,"href":"https:\/\/www.tgrthaber.com\/mavikadin\/wp-json\/wp\/v2\/comments?post=250848"}],"version-history":[{"count":2,"href":"https:\/\/www.tgrthaber.com\/mavikadin\/wp-json\/wp\/v2\/posts\/250848\/revisions"}],"predecessor-version":[{"id":250859,"href":"https:\/\/www.tgrthaber.com\/mavikadin\/wp-json\/wp\/v2\/posts\/250848\/revisions\/250859"}],"wp:featuredmedia":[{"embeddable":true,"href":"https:\/\/www.tgrthaber.com\/mavikadin\/wp-json\/wp\/v2\/media\/250854"}],"wp:attachment":[{"href":"https:\/\/www.tgrthaber.com\/mavikadin\/wp-json\/wp\/v2\/media?parent=250848"}],"wp:term":[{"taxonomy":"category","embeddable":true,"href":"https:\/\/www.tgrthaber.com\/mavikadin\/wp-json\/wp\/v2\/categories?post=250848"},{"taxonomy":"post_tag","embeddable":true,"href":"https:\/\/www.tgrthaber.com\/mavikadin\/wp-json\/wp\/v2\/tags?post=250848"}],"curies":[{"name":"wp","href":"https:\/\/api.w.org\/{rel}","templated":true}]}}