{"id":250872,"date":"2025-10-18T17:51:21","date_gmt":"2025-10-18T14:51:21","guid":{"rendered":"https:\/\/www.tgrthaber.com\/mavikadin\/?p=250872"},"modified":"2025-10-18T17:51:21","modified_gmt":"2025-10-18T14:51:21","slug":"gonul-dagi-189-bolum-fragmani-yayinda-veysel-cemilenin-hastaligini-ogrenecek-mi","status":"publish","type":"post","link":"https:\/\/www.tgrthaber.com\/mavikadin\/gonul-dagi-189-bolum-fragmani-yayinda-veysel-cemilenin-hastaligini-ogrenecek-mi\/","title":{"rendered":"G\u00f6n\u00fcl Da\u011f\u0131 189. b\u00f6l\u00fcm fragman\u0131 yay\u0131nda! Veysel, Cemile\u2019nin hastal\u0131\u011f\u0131n\u0131 \u00f6\u011frenecek mi?"},"content":{"rendered":"<p>G\u00f6n\u00fcl Da\u011f\u0131 18 Ekim Cumartesi ak\u015fam\u0131 saat 20:00&#8217;de TRT 1 ekranlar\u0131na yeni b\u00f6l\u00fcm\u00fcyle geliyor. Yay\u0131nlanacak 189. b\u00f6l\u00fcm \u00f6ncesi en \u00e7ok merak edilen konular\u0131n ba\u015f\u0131nda &#8216;Veysel, Cemile&#8217;nin hastal\u0131\u011f\u0131n\u0131 \u00f6\u011frenecek mi?&#8217; oldu. Taner&#8217;in \u00f6zg\u00fcrl\u00fc\u011f\u00fc i\u00e7in verdi\u011fi m\u00fccadele, Cemile&#8217;nin sa\u011fl\u0131k sorunlar\u0131, Veysel ve Kenan&#8217;\u0131n delil aray\u0131\u015f\u0131na girmeleri G\u00f6n\u00fcl Da\u011f\u0131 189. b\u00f6l\u00fcm fragman\u0131na damga vurdu. Peki TRT 1 ekranlar\u0131n\u0131n en \u00e7ok takip edilen dizisi G\u00f6n\u00fcl Da\u011f\u0131&#8217;nda Veysel Cemile&#8217;nin hastal\u0131\u011f\u0131n\u0131 \u00f6\u011frenecek mi? \u0130\u015fte G\u00f6n\u00fcl Da\u011f\u0131 189. b\u00f6l\u00fcm fragman\u0131 ve t\u00fcm detaylar&#8230;<\/p>\n<h3>G\u00d6N\u00dcL DA\u011eI 189. B\u00d6L\u00dcM FRAGMANI YAYINDA!<\/h3>\n<p>G\u00f6n\u00fcl Da\u011f\u0131 yeni b\u00f6l\u00fcm fragman\u0131, dizinin fanlar\u0131n\u0131 bir kere daha ekran ba\u015f\u0131na kilitleyecek t\u00fcrden. Taner\u2019in hapse at\u0131lmas\u0131, hem ailesinin hem de kasaba halk\u0131n\u0131n hayat\u0131n\u0131 alt\u00fcst ediyor.<\/p>\n<p><img loading=\"lazy\" decoding=\"async\" class=\"alignnone wp-image-250884\" src=\"https:\/\/www.tgrthaber.com\/mavikadin\/wp-content\/uploads\/Adsiz-tasarim-8-91-1024x576-1-300x169.webp\" alt=\"\" width=\"1208\" height=\"680\" title=\"\" srcset=\"https:\/\/www.tgrthaber.com\/mavikadin\/wp-content\/uploads\/Adsiz-tasarim-8-91-1024x576-1-300x169.webp 300w, https:\/\/www.tgrthaber.com\/mavikadin\/wp-content\/uploads\/Adsiz-tasarim-8-91-1024x576-1-768x432.webp 768w, https:\/\/www.tgrthaber.com\/mavikadin\/wp-content\/uploads\/Adsiz-tasarim-8-91-1024x576-1.webp 1024w\" sizes=\"(max-width: 1208px) 100vw, 1208px\" \/><\/p>\n<hr \/>\n<p>G\u00f6n\u00fcl Da\u011f\u0131 yeni b\u00f6l\u00fcmde Taner&#8217;in \u00f6zg\u00fcrl\u00fc\u011f\u00fc i\u00e7in verilen m\u00fccadele daha da artacak. Mahkeme g\u00fcn\u00fc yakla\u015f\u0131rken Selma, hem Taner\u2019e hem de ailesine moral olmak i\u00e7in elinden geleni yap\u0131yor. Kasaba halk\u0131n\u0131n ise olduk\u00e7a gergin durumda oldu\u011fu g\u00f6r\u00fclecek.<\/p>\n<p><img loading=\"lazy\" decoding=\"async\" class=\"alignnone wp-image-250885\" src=\"https:\/\/www.tgrthaber.com\/mavikadin\/wp-content\/uploads\/Ekran-goruntusu-2025-10-18-172910-300x153.png\" alt=\"\" width=\"1208\" height=\"615\" title=\"\" srcset=\"https:\/\/www.tgrthaber.com\/mavikadin\/wp-content\/uploads\/Ekran-goruntusu-2025-10-18-172910-300x153.png 300w, https:\/\/www.tgrthaber.com\/mavikadin\/wp-content\/uploads\/Ekran-goruntusu-2025-10-18-172910-1024x522.png 1024w, https:\/\/www.tgrthaber.com\/mavikadin\/wp-content\/uploads\/Ekran-goruntusu-2025-10-18-172910-768x391.png 768w, https:\/\/www.tgrthaber.com\/mavikadin\/wp-content\/uploads\/Ekran-goruntusu-2025-10-18-172910-1536x782.png 1536w, https:\/\/www.tgrthaber.com\/mavikadin\/wp-content\/uploads\/Ekran-goruntusu-2025-10-18-172910.png 1545w\" sizes=\"(max-width: 1208px) 100vw, 1208px\" \/><\/p>\n<hr \/>\n<p>Fragmanda dikkat \u00e7eken en \u00e7arp\u0131c\u0131 anlardan biri ise Veysel ve Kenan\u2019\u0131n adeta bir dedektif delil aray\u0131\u015f\u0131nda olmas\u0131 oldu. \u0130kilinin bulaca\u011f\u0131 birtak\u0131m deliller Taner\u2019in masumiyetini kan\u0131tlayabilecek mi? Bu sorular\u0131n cevaplar\u0131 da yeni b\u00f6l\u00fcm \u00f6ncesinde olduk\u00e7a merak edildi.<\/p>\n<p><img loading=\"lazy\" decoding=\"async\" class=\"alignnone wp-image-250886\" src=\"https:\/\/www.tgrthaber.com\/mavikadin\/wp-content\/uploads\/Ekran-goruntusu-2025-10-18-172929-300x159.png\" alt=\"\" width=\"1208\" height=\"642\" title=\"\" srcset=\"https:\/\/www.tgrthaber.com\/mavikadin\/wp-content\/uploads\/Ekran-goruntusu-2025-10-18-172929-300x159.png 300w, https:\/\/www.tgrthaber.com\/mavikadin\/wp-content\/uploads\/Ekran-goruntusu-2025-10-18-172929-1024x544.png 1024w, https:\/\/www.tgrthaber.com\/mavikadin\/wp-content\/uploads\/Ekran-goruntusu-2025-10-18-172929-768x408.png 768w, https:\/\/www.tgrthaber.com\/mavikadin\/wp-content\/uploads\/Ekran-goruntusu-2025-10-18-172929.png 1469w\" sizes=\"(max-width: 1208px) 100vw, 1208px\" \/><\/p>\n<hr \/>\n<h3>VEYSEL, CEM\u0130LE&#8217;N\u0130N HASTALI\u011eINI \u00d6\u011eRENECEK M\u0130?<\/h3>\n<p>G\u00f6n\u00fcl Da\u011f\u0131 189. b\u00f6l\u00fcm fragman\u0131nda en merak edilen sahne ise Cemile cephesinde ya\u015fand\u0131. Cemile, uzun zamand\u0131r sa\u011fl\u0131k sorunlar\u0131n\u0131 Veysel\u2019den sakl\u0131yordu.<\/p>\n<p><img loading=\"lazy\" decoding=\"async\" class=\"alignnone wp-image-250883\" src=\"https:\/\/www.tgrthaber.com\/mavikadin\/wp-content\/uploads\/i-54-1-300x200.webp\" alt=\"\" width=\"1208\" height=\"805\" title=\"\" srcset=\"https:\/\/www.tgrthaber.com\/mavikadin\/wp-content\/uploads\/i-54-1-300x200.webp 300w, https:\/\/www.tgrthaber.com\/mavikadin\/wp-content\/uploads\/i-54-1.webp 480w\" sizes=\"(max-width: 1208px) 100vw, 1208px\" \/><\/p>\n<hr \/>\n<p>Fakat G\u00f6n\u00fcl Da\u011f\u0131 dizisinde Cemile\u2019nin durumu art\u0131k gizlenemez bir byuta ula\u015f\u0131yor. Fakat Cemile, ailesini \u00fczmemek ve d\u00fczeni bozmamak i\u00e7in susmaya devam ediyor. G\u00f6n\u00fcl Da\u011f\u0131 yeni b\u00f6l\u00fcm fragman\u0131nda Cemile\u2019nin g\u00f6zlerindeki endi\u015fe ve yorgunluk dikkat \u00e7ekerken, izleyici &#8216;Veysel, Cemile&#8217;nin hastal\u0131\u011f\u0131n\u0131 \u00f6\u011frenecek mi?&#8217; sorusuna cevap ar\u0131yor.<\/p>\n<div style=\"width: 640px;\" class=\"wp-video\"><!--[if lt IE 9]><script>document.createElement('video');<\/script><![endif]-->\n<video class=\"wp-video-shortcode\" id=\"video-250872-1\" width=\"640\" height=\"360\" preload=\"metadata\" controls=\"controls\"><source type=\"video\/mp4\" src=\"https:\/\/www.tgrthaber.com\/mavikadin\/wp-content\/uploads\/CLW02HDlm8l_PNRq.mp4?_=1\" \/><a href=\"https:\/\/www.tgrthaber.com\/mavikadin\/wp-content\/uploads\/CLW02HDlm8l_PNRq.mp4\">https:\/\/www.tgrthaber.com\/mavikadin\/wp-content\/uploads\/CLW02HDlm8l_PNRq.mp4<\/a><\/video><\/div>\n<hr \/>\n<h3>G\u00d6N\u00dcL DA\u011eI 189. B\u00d6L\u00dcM\u00dcYLE TRT 1 EKRANLARINA DAMGA VURMAYA HAZIRLANIYOR<\/h3>\n<p>Milyonlar\u0131 takip etti\u011fi TRT 1 dizisi G\u00f6n\u00fcl Da\u011f\u0131 18 Ekim Pazartesi saat 20:00&#8217;de izleyicisinin kar\u015f\u0131s\u0131na \u00e7\u0131kacak.<\/p>\n<p><img loading=\"lazy\" decoding=\"async\" class=\"alignnone wp-image-250881\" src=\"https:\/\/www.tgrthaber.com\/mavikadin\/wp-content\/uploads\/1200x675-gonul-dagi-189-bolum-izle-trt-1-gonul-dagi-son-bolum-full-izle-1760770975346-300x169.jpeg\" alt=\"\" width=\"1208\" height=\"680\" title=\"\" srcset=\"https:\/\/www.tgrthaber.com\/mavikadin\/wp-content\/uploads\/1200x675-gonul-dagi-189-bolum-izle-trt-1-gonul-dagi-son-bolum-full-izle-1760770975346-300x169.jpeg 300w, https:\/\/www.tgrthaber.com\/mavikadin\/wp-content\/uploads\/1200x675-gonul-dagi-189-bolum-izle-trt-1-gonul-dagi-son-bolum-full-izle-1760770975346-1024x576.jpeg 1024w, https:\/\/www.tgrthaber.com\/mavikadin\/wp-content\/uploads\/1200x675-gonul-dagi-189-bolum-izle-trt-1-gonul-dagi-son-bolum-full-izle-1760770975346-768x432.jpeg 768w, https:\/\/www.tgrthaber.com\/mavikadin\/wp-content\/uploads\/1200x675-gonul-dagi-189-bolum-izle-trt-1-gonul-dagi-son-bolum-full-izle-1760770975346.jpeg 1200w\" sizes=\"(max-width: 1208px) 100vw, 1208px\" \/><\/p>\n<hr \/>\n<p>\u0130lk b\u00f6l\u00fcm\u00fcnden bu yana y\u0131llard\u0131r reyting rekorlar\u0131 k\u0131ran <a href=\"https:\/\/www.tgrthaber.com\/mavikadin\/gonul-dagi-arka-sokaklari-gececek-anadolu-hikayesi-rekor-kirdi\/\">G\u00f6n\u00fcl Da\u011f\u0131<\/a>&#8216;n\u0131n 189. b\u00f6l\u00fcm\u00fc yine b\u00fcy\u00fck beir merak ve heyecanla bekleniyor. Veysel, ger\u00e7e\u011fi \u00f6\u011frenecek mi?, &#8216;Taner tutuklanacak m\u0131? sorular\u0131n\u0131n yeni b\u00f6l\u00fcmle birlikte cevap bulmas\u0131 bekleniyor.<\/p>\n","protected":false},"excerpt":{"rendered":"<p>TRT 1 ekranlar\u0131n\u0131n y\u0131llard\u0131r izleyicisini ekranlara kilitleyen dizisi G\u00f6n\u00fcl Da\u011f\u0131, 189. b\u00f6l\u00fcm\u00fcyle bu ak\u015fam TRT 1 ekranlar\u0131nda olacak. Anadolu insan\u0131n\u0131n hikayelerini anlatan dizinin 189. b\u00f6l\u00fcm fragman\u0131nda en \u00e7ok merak edilen detay Veysel&#8217;in Cemile&#8217;nin hastal\u0131\u011f\u0131n\u0131 \u00f6\u011frenip \u00f6\u011frenemeyece\u011fi oldu. Peki Veysel, Cemile&#8217;nin hastal\u0131\u011f\u0131n\u0131 \u00f6\u011frenecek mi? \u0130\u015fte detaylar&#8230;<\/p>\n","protected":false},"author":35,"featured_media":250878,"comment_status":"closed","ping_status":"closed","sticky":false,"template":"","format":"standard","meta":{"rank_math_lock_modified_date":false,"footnotes":""},"categories":[602],"tags":[3602,64673,9027,60955],"class_list":["post-250872","post","type-post","status-publish","format-standard","has-post-thumbnail","hentry","category-diziler","tag-diziler","tag-gonul-dagi-189-bolum","tag-gonul-dagi-yeni-bolum","tag-trt-1-dizisi"],"_links":{"self":[{"href":"https:\/\/www.tgrthaber.com\/mavikadin\/wp-json\/wp\/v2\/posts\/250872"}],"collection":[{"href":"https:\/\/www.tgrthaber.com\/mavikadin\/wp-json\/wp\/v2\/posts"}],"about":[{"href":"https:\/\/www.tgrthaber.com\/mavikadin\/wp-json\/wp\/v2\/types\/post"}],"author":[{"embeddable":true,"href":"https:\/\/www.tgrthaber.com\/mavikadin\/wp-json\/wp\/v2\/users\/35"}],"replies":[{"embeddable":true,"href":"https:\/\/www.tgrthaber.com\/mavikadin\/wp-json\/wp\/v2\/comments?post=250872"}],"version-history":[{"count":2,"href":"https:\/\/www.tgrthaber.com\/mavikadin\/wp-json\/wp\/v2\/posts\/250872\/revisions"}],"predecessor-version":[{"id":250890,"href":"https:\/\/www.tgrthaber.com\/mavikadin\/wp-json\/wp\/v2\/posts\/250872\/revisions\/250890"}],"wp:featuredmedia":[{"embeddable":true,"href":"https:\/\/www.tgrthaber.com\/mavikadin\/wp-json\/wp\/v2\/media\/250878"}],"wp:attachment":[{"href":"https:\/\/www.tgrthaber.com\/mavikadin\/wp-json\/wp\/v2\/media?parent=250872"}],"wp:term":[{"taxonomy":"category","embeddable":true,"href":"https:\/\/www.tgrthaber.com\/mavikadin\/wp-json\/wp\/v2\/categories?post=250872"},{"taxonomy":"post_tag","embeddable":true,"href":"https:\/\/www.tgrthaber.com\/mavikadin\/wp-json\/wp\/v2\/tags?post=250872"}],"curies":[{"name":"wp","href":"https:\/\/api.w.org\/{rel}","templated":true}]}}