{"id":250957,"date":"2025-10-18T21:08:18","date_gmt":"2025-10-18T18:08:18","guid":{"rendered":"https:\/\/www.tgrthaber.com\/mavikadin\/?p=250957"},"modified":"2025-10-18T21:08:18","modified_gmt":"2025-10-18T18:08:18","slug":"kivanc-tatlitug-survivor-2026ya-mi-katiliyor-aciklamalari-kafalari-karistirdi","status":"publish","type":"post","link":"https:\/\/www.tgrthaber.com\/mavikadin\/kivanc-tatlitug-survivor-2026ya-mi-katiliyor-aciklamalari-kafalari-karistirdi\/","title":{"rendered":"K\u0131van\u00e7 Tatl\u0131tu\u011f Survivor 2026&#8217;ya m\u0131 kat\u0131l\u0131yor? A\u00e7\u0131klamalar\u0131 kafalar\u0131 kar\u0131\u015ft\u0131rd\u0131!"},"content":{"rendered":"<p>K\u0131van\u00e7 Tatl\u0131tu\u011f&#8217;un ad\u0131 son d\u00f6nemlerde Survivor ile an\u0131lmaya ba\u015fland\u0131. Yak\u0131\u015f\u0131kl\u0131 oyuncu oynad\u0131\u011f\u0131 rollerle milyonlar\u0131 etkilemeyi ba\u015far\u0131rken, \u015fimdi g\u00f6zler Tatl\u0131tu\u011f i\u00e7in Survivor parkurlar\u0131na \u00e7evrildi. \u00d6zellikle yapt\u0131\u011f\u0131 son r\u00f6portaj\u0131nda &#8216;Yeni sezonda hi\u00e7 bir dizi de beni g\u00f6remeyeceksiniz&#8217; s\u00f6zleri kafalar\u0131 iyice kar\u0131\u015ft\u0131r\u0131rken, &#8216;K\u0131van\u00e7 Tatl\u0131tu\u011f Survivor 2026&#8217;ya m\u0131 kat\u0131lacak?&#8217; sorusu h\u0131z kazand\u0131. Peki K\u0131van\u00e7 Tatl\u0131tu\u011f ger\u00e7ekten Survivor yeni sezonda olacak m\u0131? K\u0131van\u00e7 Tatl\u0131tu\u011f Survivor 2026&#8217;ya m\u0131 kat\u0131l\u0131yor? \u0130\u015fte herkesin merak etti\u011fi detaylar&#8230;<\/p>\n<h3>KIVAN\u00c7 TATLITU\u011e SURV\u0130VOR 2026&#8217;YA MI KATILIYOR?<\/h3>\n<p>Survivor 2026 haz\u0131rl\u0131klar\u0131 son s\u00fcrat devam ederken, yeni sezona ilgi her zaman oldu\u011fu gibi yine \u00e7ok fazla. Yar\u0131\u015fmac\u0131lar tek tek belirlenmeye devam ederken, \u00fcnl\u00fc oyuncu K\u0131van\u00e7 Tatl\u0131tu\u011f&#8217;un Survivor yeni sezon i\u00e7in ad\u0131 s\u0131kl\u0131kla ge\u00e7meye ba\u015flad\u0131.<\/p>\n<p><img loading=\"lazy\" decoding=\"async\" class=\"alignnone wp-image-250961\" src=\"https:\/\/www.tgrthaber.com\/mavikadin\/wp-content\/uploads\/61ab0a5f5cf3b00fb838a515-300x169.webp\" alt=\"\" width=\"1208\" height=\"679\" title=\"\" srcset=\"https:\/\/www.tgrthaber.com\/mavikadin\/wp-content\/uploads\/61ab0a5f5cf3b00fb838a515-300x169.webp 300w, https:\/\/www.tgrthaber.com\/mavikadin\/wp-content\/uploads\/61ab0a5f5cf3b00fb838a515-768x431.webp 768w, https:\/\/www.tgrthaber.com\/mavikadin\/wp-content\/uploads\/61ab0a5f5cf3b00fb838a515.webp 988w\" sizes=\"(max-width: 1208px) 100vw, 1208px\" \/><\/p>\n<hr \/>\n<p>Herkes Tatl\u0131tu\u011f&#8217;un Survivor&#8217;a kat\u0131l\u0131p kat\u0131lmayaca\u011f\u0131n\u0131 merak ederken, yak\u0131\u015f\u0131kl\u0131 oyuncudan son dakika a\u00e7\u0131klamas\u0131 kafalar\u0131 iyiden iyiye kar\u0131\u015ft\u0131rd\u0131.<\/p>\n<p><img loading=\"lazy\" decoding=\"async\" class=\"alignnone wp-image-250964\" src=\"https:\/\/www.tgrthaber.com\/mavikadin\/wp-content\/uploads\/s-07e1f3d5dc7918c4989946afb391b81303ae576f-300x192.jpg\" alt=\"\" width=\"1208\" height=\"772\" title=\"\" srcset=\"https:\/\/www.tgrthaber.com\/mavikadin\/wp-content\/uploads\/s-07e1f3d5dc7918c4989946afb391b81303ae576f-300x192.jpg 300w, https:\/\/www.tgrthaber.com\/mavikadin\/wp-content\/uploads\/s-07e1f3d5dc7918c4989946afb391b81303ae576f-1024x655.jpg 1024w, https:\/\/www.tgrthaber.com\/mavikadin\/wp-content\/uploads\/s-07e1f3d5dc7918c4989946afb391b81303ae576f-768x491.jpg 768w, https:\/\/www.tgrthaber.com\/mavikadin\/wp-content\/uploads\/s-07e1f3d5dc7918c4989946afb391b81303ae576f.jpg 1200w\" sizes=\"(max-width: 1208px) 100vw, 1208px\" \/><\/p>\n<hr \/>\n<p>Ba\u015far\u0131l\u0131 oyuncu verdi\u011fi r\u00f6portajda; &#8216;Bu sezon dizi yapmayaca\u011f\u0131m ancak s\u00fcrpriz bir projeyle ekranlarda bulunucam. Projenin detaylar\u0131n\u0131 maalesef s\u00f6yleyemem. Belki kula\u011f\u0131n\u0131za gelmi\u015ftir sizinde. Ancak a\u00e7\u0131klamam m\u00fcmk\u00fcn de\u011fil. Yo\u011fun bir \u00e7al\u0131\u015fma i\u00e7erisindeyim&#8217; dedi.<\/p>\n<p><img loading=\"lazy\" decoding=\"async\" class=\"alignnone wp-image-250963\" src=\"https:\/\/www.tgrthaber.com\/mavikadin\/wp-content\/uploads\/s-308bdfa1a85fd567917f055353c7f4d3e6890b3f-300x169.jpg\" alt=\"\" width=\"1208\" height=\"680\" title=\"\" srcset=\"https:\/\/www.tgrthaber.com\/mavikadin\/wp-content\/uploads\/s-308bdfa1a85fd567917f055353c7f4d3e6890b3f-300x169.jpg 300w, https:\/\/www.tgrthaber.com\/mavikadin\/wp-content\/uploads\/s-308bdfa1a85fd567917f055353c7f4d3e6890b3f-1024x576.jpg 1024w, https:\/\/www.tgrthaber.com\/mavikadin\/wp-content\/uploads\/s-308bdfa1a85fd567917f055353c7f4d3e6890b3f-768x432.jpg 768w, https:\/\/www.tgrthaber.com\/mavikadin\/wp-content\/uploads\/s-308bdfa1a85fd567917f055353c7f4d3e6890b3f.jpg 1200w\" sizes=\"(max-width: 1208px) 100vw, 1208px\" \/><\/p>\n<hr \/>\n<h3>BAYHAN VE MANSUR ARK SURV\u0130VOR 2026 SEZONUNDA!<\/h3>\n<p>Survivor 2026 sezonuna dair a\u00e7\u0131klanan son isimler de K\u0131van\u00e7 Ttal\u0131tu\u011f Survivor iddialar\u0131n\u0131 daha dikkat \u00e7ekici hale getirdi. Survivor 2026 i\u00e7in Bahyan ve Mansur Ark isimleri netle\u015fti. Bu iki ismin ard\u0131ndan K\u0131van\u00e7 Ttal\u0131tu\u011f&#8217;un da Survivor 2026&#8217;da\u00fc\u00e7\u00fcnc\u00fc isim olma ihtimali ve Tatl\u0131tu\u011f&#8217;un Survivor a\u00e7\u0131klamas\u0131 ihtimalleri daha da g\u00fc\u00e7lendirdi.<\/p>\n<p><img loading=\"lazy\" decoding=\"async\" class=\"alignnone wp-image-250959\" src=\"https:\/\/www.tgrthaber.com\/mavikadin\/wp-content\/uploads\/Ekran-Resmi-2025-10-15-06.25.40-1-300x182-1.webp\" alt=\"\" width=\"1208\" height=\"733\" title=\"\"><\/p>\n<hr \/>\n<p>\u00d6zellikle sosyal medyada b\u00fcy\u00fck yank\u0131 uyand\u0131ran bu iddia sonras\u0131 yorumlar hi\u00e7 eksik olmad\u0131. &#8216;E\u011fer K\u0131van\u00e7 da Dominic&#8217;e giderse bu sezon unutulmaz olur&#8217;, &#8216;Survivor parkurlar\u0131nda K\u0131van\u00e7 r\u00fczgar\u0131 esecek&#8217; tarz\u0131 yorumlar pe\u015f pe\u015fe ya\u011fd\u0131.<\/p>\n<p><img loading=\"lazy\" decoding=\"async\" class=\"alignnone wp-image-250962\" src=\"https:\/\/www.tgrthaber.com\/mavikadin\/wp-content\/uploads\/85629-300x169.jpg\" alt=\"\" width=\"1208\" height=\"680\" title=\"\" srcset=\"https:\/\/www.tgrthaber.com\/mavikadin\/wp-content\/uploads\/85629-300x169.jpg 300w, https:\/\/www.tgrthaber.com\/mavikadin\/wp-content\/uploads\/85629-1024x576.jpg 1024w, https:\/\/www.tgrthaber.com\/mavikadin\/wp-content\/uploads\/85629-768x432.jpg 768w, https:\/\/www.tgrthaber.com\/mavikadin\/wp-content\/uploads\/85629.jpg 1200w\" sizes=\"(max-width: 1208px) 100vw, 1208px\" \/><\/p>\n<hr \/>\n<p>K\u0131van\u00e7 Tatl\u0131tu\u011f&#8217;un Survivor transferi ger\u00e7ekle\u015firse, Survivor tarihinin en \u00e7ok konu\u015fulan hamlesi olaca\u011fa benziyor. \u00d6zellikle Tatl\u0131tu\u011f&#8217;un s\u00fcrekli olarak s\u00fcrpriz bir proje vurgusu yapmas\u0131, iddialar\u0131 g\u00fc\u00e7lendiren bir detay olarak de\u011ferlendirildi.<\/p>\n<p><img loading=\"lazy\" decoding=\"async\" class=\"alignnone wp-image-250965\" src=\"https:\/\/www.tgrthaber.com\/mavikadin\/wp-content\/uploads\/607e01b68cebbb838a9e24b7909aec91-300x188.jpg\" alt=\"\" width=\"1208\" height=\"755\" title=\"\" srcset=\"https:\/\/www.tgrthaber.com\/mavikadin\/wp-content\/uploads\/607e01b68cebbb838a9e24b7909aec91-300x188.jpg 300w, https:\/\/www.tgrthaber.com\/mavikadin\/wp-content\/uploads\/607e01b68cebbb838a9e24b7909aec91-1024x640.jpg 1024w, https:\/\/www.tgrthaber.com\/mavikadin\/wp-content\/uploads\/607e01b68cebbb838a9e24b7909aec91-768x480.jpg 768w, https:\/\/www.tgrthaber.com\/mavikadin\/wp-content\/uploads\/607e01b68cebbb838a9e24b7909aec91-1536x960.jpg 1536w, https:\/\/www.tgrthaber.com\/mavikadin\/wp-content\/uploads\/607e01b68cebbb838a9e24b7909aec91.jpg 1920w\" sizes=\"(max-width: 1208px) 100vw, 1208px\" \/><\/p>\n<hr \/>\n<p>&#8216;\u015eu an a\u00e7\u0131klama yapamam, yo\u011fun bir \u00e7al\u0131\u015fma i\u00e7erisindeyim&#8217;s\u00f6zleri ise Tatl\u0131tu\u011f&#8217;un, Survivor iddialar\u0131n\u0131 daha da alevlendirdi. K\u0131van\u00e7 Tatl\u0131tu\u011f&#8217;un Survivor maceras\u0131na dair iddialara kar\u015f\u0131, \u015fimdi g\u00f6zler <a href=\"https:\/\/www.tgrthaber.com\/mavikadin\/derin-talu-survivora-mi-katiliyor-derin-talu-kimdir\/\">Survivor<\/a> ekibinden ya da Acun Il\u0131cal\u0131&#8217;dan gelecek resmi a\u00e7\u0131klamalara \u00e7evrildi.<\/p>\n","protected":false},"excerpt":{"rendered":"<p>Ekranlar\u0131n en \u00e7ok konu\u015fulan oyuncular\u0131ndan K\u0131van\u00e7 Tatl\u0131tu\u011f, yapt\u0131\u011f\u0131 a\u00e7\u0131klamalarla magazin d\u00fcnyas\u0131n\u0131 resmen aya\u011fa kald\u0131rd\u0131. Oyunculu\u011fuyla ad\u0131ndan s\u00f6z ettiren K\u0131van\u00e7 Tatl\u0131tu\u011f, Survivor yeni sezonuyla g\u00fcndeme bomba gibi d\u00fc\u015ft\u00fc. Peki K\u0131van\u00e7 Tatl\u0131tu\u011f, Survivor 2026&#8217;ya m\u0131 kat\u0131l\u0131yor? \u0130\u015fte yak\u0131\u015f\u0131kl\u0131 oyuncunun kafalar\u0131 kar\u0131\u015ft\u0131ran Survivor a\u00e7\u0131klamas\u0131&#8230;<\/p>\n","protected":false},"author":35,"featured_media":250958,"comment_status":"closed","ping_status":"closed","sticky":false,"template":"","format":"standard","meta":{"rank_math_lock_modified_date":false,"footnotes":""},"categories":[76],"tags":[2498,133,2366,63785,64620],"class_list":["post-250957","post","type-post","status-publish","format-standard","has-post-thumbnail","hentry","category-magazin","tag-kivanc-tatlitug","tag-magazin","tag-survivor","tag-survivor-2026","tag-survivor-yeni-sezon"],"_links":{"self":[{"href":"https:\/\/www.tgrthaber.com\/mavikadin\/wp-json\/wp\/v2\/posts\/250957"}],"collection":[{"href":"https:\/\/www.tgrthaber.com\/mavikadin\/wp-json\/wp\/v2\/posts"}],"about":[{"href":"https:\/\/www.tgrthaber.com\/mavikadin\/wp-json\/wp\/v2\/types\/post"}],"author":[{"embeddable":true,"href":"https:\/\/www.tgrthaber.com\/mavikadin\/wp-json\/wp\/v2\/users\/35"}],"replies":[{"embeddable":true,"href":"https:\/\/www.tgrthaber.com\/mavikadin\/wp-json\/wp\/v2\/comments?post=250957"}],"version-history":[{"count":2,"href":"https:\/\/www.tgrthaber.com\/mavikadin\/wp-json\/wp\/v2\/posts\/250957\/revisions"}],"predecessor-version":[{"id":250967,"href":"https:\/\/www.tgrthaber.com\/mavikadin\/wp-json\/wp\/v2\/posts\/250957\/revisions\/250967"}],"wp:featuredmedia":[{"embeddable":true,"href":"https:\/\/www.tgrthaber.com\/mavikadin\/wp-json\/wp\/v2\/media\/250958"}],"wp:attachment":[{"href":"https:\/\/www.tgrthaber.com\/mavikadin\/wp-json\/wp\/v2\/media?parent=250957"}],"wp:term":[{"taxonomy":"category","embeddable":true,"href":"https:\/\/www.tgrthaber.com\/mavikadin\/wp-json\/wp\/v2\/categories?post=250957"},{"taxonomy":"post_tag","embeddable":true,"href":"https:\/\/www.tgrthaber.com\/mavikadin\/wp-json\/wp\/v2\/tags?post=250957"}],"curies":[{"name":"wp","href":"https:\/\/api.w.org\/{rel}","templated":true}]}}