{"id":250991,"date":"2025-10-18T22:52:17","date_gmt":"2025-10-18T19:52:17","guid":{"rendered":"https:\/\/www.tgrthaber.com\/mavikadin\/?p=250991"},"modified":"2025-10-18T22:52:18","modified_gmt":"2025-10-18T19:52:18","slug":"ferdi-tayfurun-kizi-tugce-tayfurdan-bebek-acilisinda-bomba-aciklamalar-aile-itirafi-sosyal-medyayi-karistirdi","status":"publish","type":"post","link":"https:\/\/www.tgrthaber.com\/mavikadin\/ferdi-tayfurun-kizi-tugce-tayfurdan-bebek-acilisinda-bomba-aciklamalar-aile-itirafi-sosyal-medyayi-karistirdi\/","title":{"rendered":"Ferdi Tayfur&#8217;un k\u0131z\u0131 Tu\u011f\u00e7e Tayfur&#8217;dan Bebek a\u00e7\u0131l\u0131\u015f\u0131nda bomba a\u00e7\u0131klamalar! Aile itiraf\u0131 sosyal medyay\u0131 kar\u0131\u015ft\u0131rd\u0131"},"content":{"rendered":"<p>Ferdi Tayfur&#8217;un k\u0131z\u0131 Tu\u011f\u00e7e Tayfur, aile hayat\u0131na dair \u00e7ok \u00f6nemli a\u00e7\u0131klamalarda bulundu. Bebek&#8217;te e\u015fi Muhammet Ayd\u0131n ile a\u00e7t\u0131\u011f\u0131 kafenin a\u00e7\u0131l\u0131\u015f\u0131nda bas\u0131n\u0131n sorular\u0131n\u0131 cevaplayanm Tu\u011f\u00e7e Tayfur, bomba a\u00e7\u0131klamalar\u0131 pe\u015f pe\u015fe s\u0131ralad\u0131. Tu\u011f\u00e7e Tayfur, baba taraf\u0131yla uzun zamand\u0131r s\u00fcren so\u011fuklu\u011fa kar\u015f\u0131, samimi a\u00e7\u0131klamalarda bulunurken, payla\u015ft\u0131\u011f\u0131 aile itiraf\u0131 da sosyal medyay\u0131 resmen kar\u0131\u015ft\u0131rd\u0131. \u0130\u015fte detaylar&#8230;<\/p>\n<h3>FERD\u0130 TAYFUR&#8217;UN KIZI TU\u011e\u00c7E TAYFUR&#8217;DAN BEBEK A\u00c7ILI\u015eINDA BOMBA A\u00c7IKLAMALAR!<\/h3>\n<p>Ferdi Tayfur, Bebek a\u00e7\u0131l\u0131\u015f\u0131nda yeni mekan\u0131n\u0131n heyecan\u0131n\u0131 payla\u015fmak ad\u0131na kameralar kar\u015f\u0131s\u0131nda yer ald\u0131. Yapt\u0131\u011f\u0131 a\u00e7\u0131klamalarla dikkatleri \u00fczerine \u00e7eken Tayfur,<\/p>\n<p><img loading=\"lazy\" decoding=\"async\" class=\"alignnone wp-image-251012\" src=\"https:\/\/www.tgrthaber.com\/mavikadin\/wp-content\/uploads\/1093194128_0_280_1170_1158_1920x0_80_0_0_84986f126c8be5f1c71abb7e58d37125-300x225.jpg\" alt=\"\" width=\"1208\" height=\"906\" title=\"\" srcset=\"https:\/\/www.tgrthaber.com\/mavikadin\/wp-content\/uploads\/1093194128_0_280_1170_1158_1920x0_80_0_0_84986f126c8be5f1c71abb7e58d37125-300x225.jpg 300w, https:\/\/www.tgrthaber.com\/mavikadin\/wp-content\/uploads\/1093194128_0_280_1170_1158_1920x0_80_0_0_84986f126c8be5f1c71abb7e58d37125-1024x768.jpg 1024w, https:\/\/www.tgrthaber.com\/mavikadin\/wp-content\/uploads\/1093194128_0_280_1170_1158_1920x0_80_0_0_84986f126c8be5f1c71abb7e58d37125-768x576.jpg 768w, https:\/\/www.tgrthaber.com\/mavikadin\/wp-content\/uploads\/1093194128_0_280_1170_1158_1920x0_80_0_0_84986f126c8be5f1c71abb7e58d37125-1536x1152.jpg 1536w, https:\/\/www.tgrthaber.com\/mavikadin\/wp-content\/uploads\/1093194128_0_280_1170_1158_1920x0_80_0_0_84986f126c8be5f1c71abb7e58d37125.jpg 1920w\" sizes=\"(max-width: 1208px) 100vw, 1208px\" \/><\/p>\n<hr \/>\n<p>&#8216;Elbette benim bir ailem var ama onlar\u0131n gelece\u011fini de korumak zorunday\u0131m&#8217; diyerek hem ge\u00e7mi\u015fe y\u00f6nelik hem de ailesine dair \u00f6nemli a\u00e7\u0131klamalarda bulundu.<\/p>\n<p><img loading=\"lazy\" decoding=\"async\" class=\"alignnone wp-image-251010\" src=\"https:\/\/www.tgrthaber.com\/mavikadin\/wp-content\/uploads\/1200x675-miras-davasi-sonrasi-mesaj-verdi-tugce-tayfurdan-manidar-paylasim-edi-ile-budu-1746014661099-300x169.webp\" alt=\"\" width=\"1208\" height=\"680\" title=\"\" srcset=\"https:\/\/www.tgrthaber.com\/mavikadin\/wp-content\/uploads\/1200x675-miras-davasi-sonrasi-mesaj-verdi-tugce-tayfurdan-manidar-paylasim-edi-ile-budu-1746014661099-300x169.webp 300w, https:\/\/www.tgrthaber.com\/mavikadin\/wp-content\/uploads\/1200x675-miras-davasi-sonrasi-mesaj-verdi-tugce-tayfurdan-manidar-paylasim-edi-ile-budu-1746014661099-1024x576.webp 1024w, https:\/\/www.tgrthaber.com\/mavikadin\/wp-content\/uploads\/1200x675-miras-davasi-sonrasi-mesaj-verdi-tugce-tayfurdan-manidar-paylasim-edi-ile-budu-1746014661099-768x432.webp 768w, https:\/\/www.tgrthaber.com\/mavikadin\/wp-content\/uploads\/1200x675-miras-davasi-sonrasi-mesaj-verdi-tugce-tayfurdan-manidar-paylasim-edi-ile-budu-1746014661099.webp 1200w\" sizes=\"(max-width: 1208px) 100vw, 1208px\" \/><\/p>\n<hr \/>\n<p>Kendisine y\u00f6neltilen sorulardan en dikkat \u00e7ekeni ise Taha ile ilgili olan k\u0131sm\u0131yd\u0131. Tu\u011f\u00e7a Tayfur&#8217;un karde\u015fi Taha ile ilgili soruya &#8216;Taha&#8217;y\u0131 ar\u0131yorum ama hen\u00fcz ula\u015famad\u0131m!&#8217; diyen Tu\u011f\u00e7e Tayfur&#8217;un s\u00f6zleri merak uyand\u0131rd\u0131. Bununla birlikte &#8216;Karde\u015fimle aramda bir problem yok&#8217;diyen Tayfur&#8217;un keyifli halleri de g\u00f6zlerden ka\u00e7mad\u0131.<\/p>\n<p><img loading=\"lazy\" decoding=\"async\" class=\"alignnone wp-image-251016\" src=\"https:\/\/www.tgrthaber.com\/mavikadin\/wp-content\/uploads\/1200x628-1-4-300x157.jpeg\" alt=\"\" width=\"1208\" height=\"632\" title=\"\" srcset=\"https:\/\/www.tgrthaber.com\/mavikadin\/wp-content\/uploads\/1200x628-1-4-300x157.jpeg 300w, https:\/\/www.tgrthaber.com\/mavikadin\/wp-content\/uploads\/1200x628-1-4-1024x536.jpeg 1024w, https:\/\/www.tgrthaber.com\/mavikadin\/wp-content\/uploads\/1200x628-1-4-768x402.jpeg 768w, https:\/\/www.tgrthaber.com\/mavikadin\/wp-content\/uploads\/1200x628-1-4.jpeg 1200w\" sizes=\"(max-width: 1208px) 100vw, 1208px\" \/><\/p>\n<hr \/>\n<h3>ARIYORUM AMA CEVAP ALAMIYORUM<\/h3>\n<p>Tu\u011f\u00e7e Tayfur&#8217;un Bebek a\u00e7\u0131l\u0131\u015f\u0131nda en dikkat \u00e7eken s\u00f6zleri ise karde\u015fi Taha&#8217;ya y\u00f6nelik olan\u0131yd\u0131. Bas\u0131n mensuplar\u0131n\u0131n \u201cKarde\u015finiz Taha ile g\u00f6r\u00fc\u015f\u00fcyor musunuz?\u201d sorusuna ise Tayfur,<\/p>\n<p><img loading=\"lazy\" decoding=\"async\" class=\"alignnone wp-image-251014\" src=\"https:\/\/www.tgrthaber.com\/mavikadin\/wp-content\/uploads\/1200x627-ferdi-tayfurun-kus-oldugu-kizi-tugce-tayfur-gasilhanede-fenalasti-1735972660474-300x157.jpeg\" alt=\"\" width=\"1208\" height=\"631\" title=\"\" srcset=\"https:\/\/www.tgrthaber.com\/mavikadin\/wp-content\/uploads\/1200x627-ferdi-tayfurun-kus-oldugu-kizi-tugce-tayfur-gasilhanede-fenalasti-1735972660474-300x157.jpeg 300w, https:\/\/www.tgrthaber.com\/mavikadin\/wp-content\/uploads\/1200x627-ferdi-tayfurun-kus-oldugu-kizi-tugce-tayfur-gasilhanede-fenalasti-1735972660474-1024x535.jpeg 1024w, https:\/\/www.tgrthaber.com\/mavikadin\/wp-content\/uploads\/1200x627-ferdi-tayfurun-kus-oldugu-kizi-tugce-tayfur-gasilhanede-fenalasti-1735972660474-768x401.jpeg 768w, https:\/\/www.tgrthaber.com\/mavikadin\/wp-content\/uploads\/1200x627-ferdi-tayfurun-kus-oldugu-kizi-tugce-tayfur-gasilhanede-fenalasti-1735972660474.jpeg 1200w\" sizes=\"(max-width: 1208px) 100vw, 1208px\" \/><\/p>\n<hr \/>\n<p>\u201cTaha\u2019y\u0131 ar\u0131yorum ama hen\u00fcz ula\u015famad\u0131m.\u201d cevab\u0131n\u0131 verdi. Sosyal medyada ise iki karde\u015fin yeniden bir araya gelip gelmeyece\u011fi b\u00fcy\u00fck merak konusu oldu.<\/p>\n<div style=\"width: 640px;\" class=\"wp-video\"><!--[if lt IE 9]><script>document.createElement('video');<\/script><![endif]-->\n<video class=\"wp-video-shortcode\" id=\"video-250991-1\" width=\"640\" height=\"1134\" preload=\"metadata\" controls=\"controls\"><source type=\"video\/mp4\" src=\"https:\/\/www.tgrthaber.com\/mavikadin\/wp-content\/uploads\/Tugce-Tayfur-Kardeslerimle-konusuyoruz-Tahaya-ulasmaya-calisiyorumArabesk-muzigin-usta-ismi.mp4?_=1\" \/><a href=\"https:\/\/www.tgrthaber.com\/mavikadin\/wp-content\/uploads\/Tugce-Tayfur-Kardeslerimle-konusuyoruz-Tahaya-ulasmaya-calisiyorumArabesk-muzigin-usta-ismi.mp4\">https:\/\/www.tgrthaber.com\/mavikadin\/wp-content\/uploads\/Tugce-Tayfur-Kardeslerimle-konusuyoruz-Tahaya-ulasmaya-calisiyorumArabesk-muzigin-usta-ismi.mp4<\/a><\/video><\/div>\n<hr \/>\n<h3>TU\u011e\u00c7E TAYFUR K\u0130MD\u0130R, KA\u00c7 YA\u015eINDA?<\/h3>\n<p>&nbsp;<\/p>\n<p>Tu\u011f\u00e7e Tayfur 18 Mart 1988 y\u0131l\u0131nda \u0130stanbul&#8217;da do\u011fmu\u015ftur. Tu\u011f\u00e7e Tayfur&#8217;un annesi Ye\u015fil\u00e7am oyuncusu Necla Naz\u0131r, babas\u0131 ise arabesk m\u00fczi\u011fin sevilen ismi Ferdi Tayfur&#8217;dur. Tu\u011f\u00e7e Tayfur e\u011fitimini Terakki ve \u0130stek okullar\u0131nda ger\u00e7ekle\u015ftirmi\u015f ve daha sonra Yeditepe \u00dcniversitesi \u0130talyanca Sanat ve Tasar\u0131m b\u00f6l\u00fcm\u00fcnde okumu\u015ftur.<\/p>\n<p><img loading=\"lazy\" decoding=\"async\" class=\"alignnone wp-image-251011\" src=\"https:\/\/www.tgrthaber.com\/mavikadin\/wp-content\/uploads\/5f7d702267b0a92a74dd2ee3-300x169.webp\" alt=\"\" width=\"1208\" height=\"680\" title=\"\" srcset=\"https:\/\/www.tgrthaber.com\/mavikadin\/wp-content\/uploads\/5f7d702267b0a92a74dd2ee3-300x169.webp 300w, https:\/\/www.tgrthaber.com\/mavikadin\/wp-content\/uploads\/5f7d702267b0a92a74dd2ee3.webp 750w\" sizes=\"(max-width: 1208px) 100vw, 1208px\" \/><\/p>\n<hr \/>\n<p>Ferdi Tayfur&#8217;u\u0131n k\u0131z\u0131 <a href=\"https:\/\/www.tgrthaber.com\/mavikadin\/tugce-tayfur-babasinin-vefatindan-sonra-sahnelere-dondu-unlu-isimden-babasinin-sarkilariyla-unutulmaz-anlar\/\">Tu\u011f\u00e7e Tayfur<\/a> single ve cober \u00e7al\u0131\u015fmalar\u0131yla da ad\u0131ndan s\u00f6z ettirmi\u015ftir. 2009 y\u0131l\u0131nda Tolga Ertu\u011frul ile evlenen Tu\u011f\u00e7e Tayfur, 2010 y\u0131l\u0131nda bu evlili\u011fini sonland\u0131rm\u0131\u015ft\u0131r. Daha sonra Taner \u015eafak ile evlenen Tayfur bu evlilikten Taner Efe&#8217;yi d\u00fcnyaya getirmi\u015ftir. Son olarak 2023 y\u0131l\u0131nda Muhammet Ayd\u0131n ile evlenen Tu\u011f\u00e7e Tayfur, bu evlilikten Tu\u011f\u00e7e Lina ve Necla Hira ad\u0131nda \u00e7ocuklar\u0131 olmu\u015ftur.<\/p>\n","protected":false},"excerpt":{"rendered":"<p>Arabesk m\u00fczi\u011finin en sevilen isimlerinden Ferdi Tayfur&#8217;unun k\u0131z\u0131 Tu\u011f\u00e7e Tayfur, e\u015fi Muhammet Ayd\u0131n ile Bebek&#8217;te cafe a\u00e7t\u0131. Yeni a\u00e7t\u0131\u011f\u0131 kafenin a\u00e7\u0131l\u0131\u015f\u0131nda bomba a\u00e7\u0131klamalar yapan Tu\u011f\u00e7e Tayfur&#8217;un aile itiraf\u0131 ise sosyal medyay\u0131 resmen kar\u0131\u015ft\u0131rd\u0131. \u0130\u015fte Ferdi Tayfur&#8217;un k\u0131z\u0131 Tu\u011f\u00e7e Tayfur&#8217;dan dikkat \u00e7eken aile a\u00e7\u0131klamas\u0131&#8230;<\/p>\n","protected":false},"author":35,"featured_media":250999,"comment_status":"closed","ping_status":"closed","sticky":false,"template":"","format":"standard","meta":{"rank_math_lock_modified_date":false,"footnotes":""},"categories":[76],"tags":[64689,4326,133,2616,64690],"class_list":["post-250991","post","type-post","status-publish","format-standard","has-post-thumbnail","hentry","category-magazin","tag-bebek-acilisi","tag-ferdi-tayfur","tag-magazin","tag-tugce-tayfur","tag-tugce-tayfur-aile-aciklamasi"],"_links":{"self":[{"href":"https:\/\/www.tgrthaber.com\/mavikadin\/wp-json\/wp\/v2\/posts\/250991"}],"collection":[{"href":"https:\/\/www.tgrthaber.com\/mavikadin\/wp-json\/wp\/v2\/posts"}],"about":[{"href":"https:\/\/www.tgrthaber.com\/mavikadin\/wp-json\/wp\/v2\/types\/post"}],"author":[{"embeddable":true,"href":"https:\/\/www.tgrthaber.com\/mavikadin\/wp-json\/wp\/v2\/users\/35"}],"replies":[{"embeddable":true,"href":"https:\/\/www.tgrthaber.com\/mavikadin\/wp-json\/wp\/v2\/comments?post=250991"}],"version-history":[{"count":2,"href":"https:\/\/www.tgrthaber.com\/mavikadin\/wp-json\/wp\/v2\/posts\/250991\/revisions"}],"predecessor-version":[{"id":251019,"href":"https:\/\/www.tgrthaber.com\/mavikadin\/wp-json\/wp\/v2\/posts\/250991\/revisions\/251019"}],"wp:featuredmedia":[{"embeddable":true,"href":"https:\/\/www.tgrthaber.com\/mavikadin\/wp-json\/wp\/v2\/media\/250999"}],"wp:attachment":[{"href":"https:\/\/www.tgrthaber.com\/mavikadin\/wp-json\/wp\/v2\/media?parent=250991"}],"wp:term":[{"taxonomy":"category","embeddable":true,"href":"https:\/\/www.tgrthaber.com\/mavikadin\/wp-json\/wp\/v2\/categories?post=250991"},{"taxonomy":"post_tag","embeddable":true,"href":"https:\/\/www.tgrthaber.com\/mavikadin\/wp-json\/wp\/v2\/tags?post=250991"}],"curies":[{"name":"wp","href":"https:\/\/api.w.org\/{rel}","templated":true}]}}