{"id":251039,"date":"2025-10-19T01:00:26","date_gmt":"2025-10-18T22:00:26","guid":{"rendered":"https:\/\/www.tgrthaber.com\/mavikadin\/?p=251039"},"modified":"2025-10-19T01:00:27","modified_gmt":"2025-10-18T22:00:27","slug":"zeki-baseskioglu-kimdir-zeki-baseskioglu-oldu-mu","status":"publish","type":"post","link":"https:\/\/www.tgrthaber.com\/mavikadin\/zeki-baseskioglu-kimdir-zeki-baseskioglu-oldu-mu\/","title":{"rendered":"Zeki Ba\u015feskio\u011flu kimdir? Zeki Ba\u015feskio\u011flu \u00f6ld\u00fc m\u00fc?"},"content":{"rendered":"<p>Triko modas\u0131nda \u00f6nc\u00fclerin ba\u015f\u0131nda olan ve ad\u0131n\u0131 \u00fclke \u00e7ap\u0131nda da duyuran Zeki Ba\u015feskio\u011flu\u2019nun \u00f6l\u00fcm haberi yak\u0131n \u00e7evresini yasa bo\u011fdu. \u0130\u015f hayat\u0131nda ya\u015fad\u0131\u011f\u0131 zorluklara ra\u011fmen moda d\u00fcnyas\u0131nda \u00f6nemli bir isme sahip olan Zeki triko\u2019nun sahibi Zeki Ba\u015feskio\u011flu\u2019nun ya\u015fam\u0131 ve kariyerine dayal\u0131 detaylar merak konusu oldu. Peki, \u00fcnl\u00fc i\u015f adam\u0131 Zeki Ba\u015feskio\u011flu kimdir? Zeki Ba\u015feskio\u011flu \u00f6ld\u00fc m\u00fc?<\/p>\n<h3>ZEK\u0130 BA\u015eESK\u0130O\u011eLU K\u0130MD\u0130R?<\/h3>\n<p>1930 Akseki do\u011fumlu olan Zeki Ba\u015feksio\u011flu, gen\u00e7 ya\u015f\u0131nda \u0130zmir\u2019de \u015fapka satarak \u00e7al\u0131\u015fmaya ba\u015flad\u0131. \u0130\u015f hayat\u0131na, Mahmutbey\u2019de \u00e7orap\u00e7\u0131l\u0131k yaparak s\u00fcrd\u00fcrmeye devam etti. \u0130\u015fini b\u00fcy\u00fctmeyi hedefleyen Zeki Ba\u015feskio\u011flu, jarse elbise ve konfeksiyon i\u015fine girdi.<\/p>\n<p><img loading=\"lazy\" decoding=\"async\" class=\"alignnone wp-image-251041 size-full\" src=\"https:\/\/www.tgrthaber.com\/mavikadin\/wp-content\/uploads\/Adsiz-tasarim-53-35.jpg\" alt=\"\" width=\"1208\" height=\"680\" title=\"\" srcset=\"https:\/\/www.tgrthaber.com\/mavikadin\/wp-content\/uploads\/Adsiz-tasarim-53-35.jpg 1208w, https:\/\/www.tgrthaber.com\/mavikadin\/wp-content\/uploads\/Adsiz-tasarim-53-35-300x169.jpg 300w, https:\/\/www.tgrthaber.com\/mavikadin\/wp-content\/uploads\/Adsiz-tasarim-53-35-1024x576.jpg 1024w, https:\/\/www.tgrthaber.com\/mavikadin\/wp-content\/uploads\/Adsiz-tasarim-53-35-768x432.jpg 768w\" sizes=\"(max-width: 1208px) 100vw, 1208px\" \/><\/p>\n<hr \/>\n<p>1958 y\u0131l\u0131nda Zeki Triko markas\u0131 kurdu ve 1967 y\u0131l\u0131nda ilk konfeksiyon \u00fcretimini ba\u015flatt\u0131. Zeki Triko, haz\u0131r giyim sekt\u00f6r\u00fcn\u00fcn temelini atan yenilik\u00e7i markad\u0131r. 1969 y\u0131l\u0131nda konfeksiyon \u00fcr\u00fcnlerini Almanya\u2019ya ihra\u00e7 eden Zeki Ba\u015feskio\u011flu, sekt\u00f6r\u00fcn ilk ihracat\u0131n\u0131 ger\u00e7ekle\u015ftirir.<\/p>\n<p><img loading=\"lazy\" decoding=\"async\" class=\"alignnone wp-image-251040 size-full\" src=\"https:\/\/www.tgrthaber.com\/mavikadin\/wp-content\/uploads\/Adsiz-tasarim-52-39.jpg\" alt=\"\" width=\"1208\" height=\"680\" title=\"\" srcset=\"https:\/\/www.tgrthaber.com\/mavikadin\/wp-content\/uploads\/Adsiz-tasarim-52-39.jpg 1208w, https:\/\/www.tgrthaber.com\/mavikadin\/wp-content\/uploads\/Adsiz-tasarim-52-39-300x169.jpg 300w, https:\/\/www.tgrthaber.com\/mavikadin\/wp-content\/uploads\/Adsiz-tasarim-52-39-1024x576.jpg 1024w, https:\/\/www.tgrthaber.com\/mavikadin\/wp-content\/uploads\/Adsiz-tasarim-52-39-768x432.jpg 768w\" sizes=\"(max-width: 1208px) 100vw, 1208px\" \/><\/p>\n<hr \/>\n<p>\u0130stanbul\u2019un moda merkezi olan Rumeli Caddesi\u2019nde ilk d\u00fckkan a\u00e7an tekstilcilerden biridir. 1984 y\u0131l\u0131nda mayo tasar\u0131mlar\u0131 yaparak farkl\u0131 bir alana evrilmeye ba\u015flad\u0131. Zeki Triko\u2019nun mayo ve bikini koleksiyonlar\u0131n\u0131n tan\u0131t\u0131m\u0131 i\u00e7in Cindy Crawford\u2019tan Claudia Schiffer\u2019a, Laetitia Casta\u2019dan Elle McPherson\u2019a d\u00fcnyaca \u00fcnl\u00fc top modellerle reklam kampanyalar\u0131 \u00e7ekerek b\u00fcy\u00fck ses getirmi\u015fti. Zeki Ba\u015feskio\u011flu\u2019nun sonras\u0131nda i\u015fleri istedi\u011fi gibi gitmedi. 2021 y\u0131l\u0131nda iflas eden Zeki Triko, BRG Turizm Seyahat Acentesi taraf\u0131ndan sat\u0131n al\u0131nd\u0131.<\/p>\n<p><img loading=\"lazy\" decoding=\"async\" class=\"alignnone wp-image-251043 size-full\" src=\"https:\/\/www.tgrthaber.com\/mavikadin\/wp-content\/uploads\/Adsiz-tasarim-55-32.jpg\" alt=\"Zeki Ba\u015feskio\u011flu \u00f6ld\u00fc m\u00fc\" width=\"1208\" height=\"680\" title=\"\" srcset=\"https:\/\/www.tgrthaber.com\/mavikadin\/wp-content\/uploads\/Adsiz-tasarim-55-32.jpg 1208w, https:\/\/www.tgrthaber.com\/mavikadin\/wp-content\/uploads\/Adsiz-tasarim-55-32-300x169.jpg 300w, https:\/\/www.tgrthaber.com\/mavikadin\/wp-content\/uploads\/Adsiz-tasarim-55-32-1024x576.jpg 1024w, https:\/\/www.tgrthaber.com\/mavikadin\/wp-content\/uploads\/Adsiz-tasarim-55-32-768x432.jpg 768w\" sizes=\"(max-width: 1208px) 100vw, 1208px\" \/><\/p>\n<hr \/>\n<h3>ZEK\u0130 BA\u015eESK\u0130O\u011eLU \u00d6LD\u00dc M\u00dc?<\/h3>\n<p>95 ya\u015f\u0131nda olan Zeki Ba\u015feskio\u011flu, 18 Ekim 2025 g\u00fcn\u00fc ya\u015fama veda etti. Zeki triko kurucusunun \u00f6l\u00fcm haberini ise torunu Buse Ba\u015feskio\u011flu sosyal medyas\u0131 \u00fczerinden hem \u00f6l\u00fcm haberini hem de cenaze t\u00f6renine ili\u015fkin bildiri yay\u0131nlad\u0131.<\/p>\n<p>&#8220;Ahmet Zeki Ba\u015feskio\u011flu\u2019nu kaybetmenin derin \u00fcz\u00fcnt\u00fcs\u00fcn\u00fc ya\u015f\u0131yoruz. Cenazesi 19 Ekim Pazar g\u00fcn\u00fc \u015ei\u015fli Te\u015fvikiye Camii\u2019nde k\u0131l\u0131nacak cenaze namaz\u0131n\u0131n ard\u0131ndan Kilyos Mezarl\u0131\u011f\u0131\u2019na defnedilecek&#8221;<\/p>\n","protected":false},"excerpt":{"rendered":"<p>T\u00fcrkiye&#8217;nin \u00f6nemli moda markalar\u0131ndan Zeki Triko&#8217;nun kurucusu Zeki Ba\u015feskio\u011flu hayata veda etti. \u0130\u015f adam\u0131n\u0131n vefat\u0131 sonras\u0131 Zeki Ba\u015feskio\u011flu\u2019nun ya\u015fam\u0131 ve i\u015f hayat\u0131 merak edildi. Peki, Zeki Ba\u015feskio\u011flu kimdir? Zeki Ba\u015feskio\u011flu \u00f6ld\u00fc m\u00fc?<\/p>\n","protected":false},"author":10,"featured_media":251042,"comment_status":"closed","ping_status":"closed","sticky":false,"template":"","format":"standard","meta":{"rank_math_lock_modified_date":false,"footnotes":""},"categories":[491],"tags":[64693,64695,64694,64697,64696],"class_list":["post-251039","post","type-post","status-publish","format-standard","has-post-thumbnail","hentry","category-biyografi","tag-zeki-baseskioglu","tag-zeki-baseskioglu-is-kariyeri","tag-zeki-baseskioglu-kimdir","tag-zeki-baseskioglu-oldu-mu","tag-zeki-baseskioglu-zeki-triko"],"_links":{"self":[{"href":"https:\/\/www.tgrthaber.com\/mavikadin\/wp-json\/wp\/v2\/posts\/251039"}],"collection":[{"href":"https:\/\/www.tgrthaber.com\/mavikadin\/wp-json\/wp\/v2\/posts"}],"about":[{"href":"https:\/\/www.tgrthaber.com\/mavikadin\/wp-json\/wp\/v2\/types\/post"}],"author":[{"embeddable":true,"href":"https:\/\/www.tgrthaber.com\/mavikadin\/wp-json\/wp\/v2\/users\/10"}],"replies":[{"embeddable":true,"href":"https:\/\/www.tgrthaber.com\/mavikadin\/wp-json\/wp\/v2\/comments?post=251039"}],"version-history":[{"count":2,"href":"https:\/\/www.tgrthaber.com\/mavikadin\/wp-json\/wp\/v2\/posts\/251039\/revisions"}],"predecessor-version":[{"id":251045,"href":"https:\/\/www.tgrthaber.com\/mavikadin\/wp-json\/wp\/v2\/posts\/251039\/revisions\/251045"}],"wp:featuredmedia":[{"embeddable":true,"href":"https:\/\/www.tgrthaber.com\/mavikadin\/wp-json\/wp\/v2\/media\/251042"}],"wp:attachment":[{"href":"https:\/\/www.tgrthaber.com\/mavikadin\/wp-json\/wp\/v2\/media?parent=251039"}],"wp:term":[{"taxonomy":"category","embeddable":true,"href":"https:\/\/www.tgrthaber.com\/mavikadin\/wp-json\/wp\/v2\/categories?post=251039"},{"taxonomy":"post_tag","embeddable":true,"href":"https:\/\/www.tgrthaber.com\/mavikadin\/wp-json\/wp\/v2\/tags?post=251039"}],"curies":[{"name":"wp","href":"https:\/\/api.w.org\/{rel}","templated":true}]}}