{"id":251048,"date":"2025-10-19T06:22:54","date_gmt":"2025-10-19T03:22:54","guid":{"rendered":"https:\/\/www.tgrthaber.com\/mavikadin\/?p=251048"},"modified":"2025-10-19T06:22:55","modified_gmt":"2025-10-19T03:22:55","slug":"masterchef-19-ekim-2025-kaptanlik-oyununu-kim-kazandi-mavi-takim-ve-kirmizi-takim-yarismacilari-kim-oldu","status":"publish","type":"post","link":"https:\/\/www.tgrthaber.com\/mavikadin\/masterchef-19-ekim-2025-kaptanlik-oyununu-kim-kazandi-mavi-takim-ve-kirmizi-takim-yarismacilari-kim-oldu\/","title":{"rendered":"MasterChef 19 Ekim 2025 kaptanl\u0131k oyununu kim kazand\u0131? Mavi tak\u0131m ve k\u0131rm\u0131z\u0131 tak\u0131m yar\u0131\u015fmac\u0131lar\u0131 kim oldu?"},"content":{"rendered":"<p>Ekranlar\u0131n sevilerek seyredilen yar\u0131\u015fma program\u0131 MasterChef T\u00fcrkiye&#8217;nin bu ak\u015fam ekranlara gelecek olan b\u00f6l\u00fcm\u00fcnde kaptanl\u0131k oyunu oynanacak. \u015eeflerin yar\u0131\u015fmac\u0131lardan istedi\u011fi yemek \u00e7i\u011f k\u00f6fte oldu. En ba\u015far\u0131l\u0131 \u00e7i\u011f k\u00f6fteyi haz\u0131rlayan yar\u0131\u015fmac\u0131 mavi tak\u0131m kaptan\u0131 olurken, kar\u015f\u0131s\u0131na ge\u00e7ecek k\u0131rm\u0131z\u0131 tak\u0131m kaptan\u0131n\u0131 kendisi se\u00e7ecek. \u0130zleyiciler, &#8216;MasterChef 19 Ekim 2025 kaptanl\u0131k oyununu kim kazand\u0131? Mavi tak\u0131m ve k\u0131rm\u0131z\u0131 tak\u0131m yar\u0131\u015fmac\u0131lar\u0131 kim oldu?&#8217; sorusunun cevab\u0131n\u0131 ar\u0131yor. \u0130\u015fte detaylar&#8230;<\/p>\n<h3>MASTERCHEF 19 EK\u0130M 2025 KAPTANLIK OYUNUNU K\u0130M KAZANDI?<\/h3>\n<p><a href=\"https:\/\/www.tgrthaber.com\/mavikadin\/18-ekim-2025-masterchef-elenen-yarismaci-kim-oldu-18-ekim-2025-masterchef-elenen-yarismaci\/\">MasterChef<\/a> 19 Ekim 2025 kaptanl\u0131k oyununu kazanan ki\u015fi a\u00e7\u0131kland\u0131\u011f\u0131nda haberimize eklenecektir.<\/p>\n<p><img loading=\"lazy\" decoding=\"async\" class=\"alignnone wp-image-251049 \" src=\"https:\/\/www.tgrthaber.com\/mavikadin\/wp-content\/uploads\/Ekran-Resmi-2025-10-19-06.12.27.png\" alt=\"\" width=\"1072\" height=\"756\" title=\"\" srcset=\"https:\/\/www.tgrthaber.com\/mavikadin\/wp-content\/uploads\/Ekran-Resmi-2025-10-19-06.12.27.png 862w, https:\/\/www.tgrthaber.com\/mavikadin\/wp-content\/uploads\/Ekran-Resmi-2025-10-19-06.12.27-300x212.png 300w, https:\/\/www.tgrthaber.com\/mavikadin\/wp-content\/uploads\/Ekran-Resmi-2025-10-19-06.12.27-768x542.png 768w\" sizes=\"(max-width: 1072px) 100vw, 1072px\" \/><\/p>\n<hr \/>\n<h3>MASTERCHEF 19 EK\u0130M 2025 MAV\u0130 TAKIM VE KIRMIZI TAKIM YARI\u015eMACILARI K\u0130MLER OLDU?<\/h3>\n<p>MasterChef 19 Ekim 2925 mavi tak\u0131m ve k\u0131rm\u0131z\u0131 tak\u0131m yar\u0131\u015fmac\u0131lar\u0131 a\u00e7\u0131kland\u0131\u011f\u0131nda haberimize eklenecektir.<\/p>\n<p><img loading=\"lazy\" decoding=\"async\" class=\"alignnone wp-image-251054 \" src=\"https:\/\/www.tgrthaber.com\/mavikadin\/wp-content\/uploads\/Ekran-Resmi-2025-10-19-06.16.36.png\" alt=\"\" width=\"1148\" height=\"714\" title=\"\" srcset=\"https:\/\/www.tgrthaber.com\/mavikadin\/wp-content\/uploads\/Ekran-Resmi-2025-10-19-06.16.36.png 974w, https:\/\/www.tgrthaber.com\/mavikadin\/wp-content\/uploads\/Ekran-Resmi-2025-10-19-06.16.36-300x187.png 300w, https:\/\/www.tgrthaber.com\/mavikadin\/wp-content\/uploads\/Ekran-Resmi-2025-10-19-06.16.36-768x478.png 768w\" sizes=\"(max-width: 1148px) 100vw, 1148px\" \/><\/p>\n<hr \/>\n<h3 class=\"p1\">ELEME POTASINDA K\u0130MLER VARDI?<\/h3>\n<p class=\"p1\">Onur<\/p>\n<p class=\"p1\">Cansu<\/p>\n<p class=\"p1\">Murat Can<\/p>\n<p><img loading=\"lazy\" decoding=\"async\" class=\"alignnone wp-image-251050 \" src=\"https:\/\/www.tgrthaber.com\/mavikadin\/wp-content\/uploads\/Ekran-Resmi-2025-10-19-06.11.23-1024x577.png\" alt=\"\" width=\"1109\" height=\"625\" title=\"\" srcset=\"https:\/\/www.tgrthaber.com\/mavikadin\/wp-content\/uploads\/Ekran-Resmi-2025-10-19-06.11.23-1024x577.png 1024w, https:\/\/www.tgrthaber.com\/mavikadin\/wp-content\/uploads\/Ekran-Resmi-2025-10-19-06.11.23-300x169.png 300w, https:\/\/www.tgrthaber.com\/mavikadin\/wp-content\/uploads\/Ekran-Resmi-2025-10-19-06.11.23-768x432.png 768w, https:\/\/www.tgrthaber.com\/mavikadin\/wp-content\/uploads\/Ekran-Resmi-2025-10-19-06.11.23-1536x865.png 1536w, https:\/\/www.tgrthaber.com\/mavikadin\/wp-content\/uploads\/Ekran-Resmi-2025-10-19-06.11.23.png 1968w\" sizes=\"(max-width: 1109px) 100vw, 1109px\" \/><\/p>\n<hr \/>\n<p class=\"p1\">Nisa<\/p>\n<p class=\"p1\">Sezer<\/p>\n<p class=\"p1\">Bar\u0131\u015f<\/p>\n<p class=\"p1\">Furkan<\/p>\n<h3 class=\"p1\">MASTERCHEF ELENEN YARI\u015eMACI 18 EK\u0130M<\/h3>\n<p class=\"p1\">MasterChef&#8217;te hayallerine veda isim\u00a0<b>Cansu<\/b>\u00a0oldu.<\/p>\n<p><img loading=\"lazy\" decoding=\"async\" class=\"alignnone wp-image-251051 \" src=\"https:\/\/www.tgrthaber.com\/mavikadin\/wp-content\/uploads\/Ekran-Resmi-2025-10-19-06.11.38-1024x569.png\" alt=\"\" width=\"1078\" height=\"599\" title=\"\" srcset=\"https:\/\/www.tgrthaber.com\/mavikadin\/wp-content\/uploads\/Ekran-Resmi-2025-10-19-06.11.38-1024x569.png 1024w, https:\/\/www.tgrthaber.com\/mavikadin\/wp-content\/uploads\/Ekran-Resmi-2025-10-19-06.11.38-300x167.png 300w, https:\/\/www.tgrthaber.com\/mavikadin\/wp-content\/uploads\/Ekran-Resmi-2025-10-19-06.11.38-768x426.png 768w, https:\/\/www.tgrthaber.com\/mavikadin\/wp-content\/uploads\/Ekran-Resmi-2025-10-19-06.11.38-1536x853.png 1536w, https:\/\/www.tgrthaber.com\/mavikadin\/wp-content\/uploads\/Ekran-Resmi-2025-10-19-06.11.38.png 1970w\" sizes=\"(max-width: 1078px) 100vw, 1078px\" \/><\/p>\n<hr \/>\n<h3 class=\"p1\">MASTERCHEF 2025 ANA KADRO L\u0130STES\u0130<\/h3>\n<p class=\"p1\">MasterChef T\u00fcrkiye 2025 ana kadro g\u00fcncel listesi:<\/p>\n<p class=\"p1\">MasterChef T\u00fcrkiye Ana Kadroya Giren 1. Yar\u0131\u015fmac\u0131: Furkan<\/p>\n<p class=\"p1\">MasterChef T\u00fcrkiye Ana Kadroya Giren 2. Yar\u0131\u015fmac\u0131: Eyl\u00fcl<\/p>\n<p class=\"p1\">MasterChef T\u00fcrkiye Ana Kadroya Giren 3. Yar\u0131\u015fmac\u0131: \u00c7a\u011fatay<\/p>\n<p class=\"p1\">MasterChef T\u00fcrkiye Ana Kadroya Giren 4. Yar\u0131\u015fmac\u0131: Onur<\/p>\n<p class=\"p1\">MasterChef T\u00fcrkiye Ana kadroya giren 5. Yar\u0131\u015fmac\u0131: Nisa Nur ( yedeklerden dahil oldu)<\/p>\n<p><img loading=\"lazy\" decoding=\"async\" class=\"alignnone wp-image-251052 \" src=\"https:\/\/www.tgrthaber.com\/mavikadin\/wp-content\/uploads\/Ekran-Resmi-2025-10-19-06.10.49.png\" alt=\"\" width=\"1097\" height=\"721\" title=\"\" srcset=\"https:\/\/www.tgrthaber.com\/mavikadin\/wp-content\/uploads\/Ekran-Resmi-2025-10-19-06.10.49.png 1016w, https:\/\/www.tgrthaber.com\/mavikadin\/wp-content\/uploads\/Ekran-Resmi-2025-10-19-06.10.49-300x197.png 300w, https:\/\/www.tgrthaber.com\/mavikadin\/wp-content\/uploads\/Ekran-Resmi-2025-10-19-06.10.49-768x505.png 768w\" sizes=\"(max-width: 1097px) 100vw, 1097px\" \/><\/p>\n<hr \/>\n<p class=\"p1\">MasterChef T\u00fcrkiye Ana kadroya giren 6. Yar\u0131\u015fmac\u0131: Sercan(elendi)<\/p>\n<p class=\"p1\">MasterChef T\u00fcrkiye Ana kadroya giren 7. Yar\u0131\u015fmac\u0131: Ayla<\/p>\n<p class=\"p1\">MasterChef T\u00fcrkiye Ana kadroya giren 8. Yar\u0131\u015fmac\u0131: \u0130hsan(elendi)<\/p>\n<p class=\"p1\">MasterChef T\u00fcrkiye Ana kadroya giren 9. Yar\u0131\u015fmac\u0131: Ayten<\/p>\n<p class=\"p1\">MasterChef T\u00fcrkiye Ana kadroya giren 10. Yar\u0131\u015fmac\u0131: \u00c7a\u011flar<\/p>\n<p class=\"p1\">MasterChef T\u00fcrkiye Ana kadroya giren 11. Yar\u0131\u015fmac\u0131: Sezer<\/p>\n<p class=\"p1\">MasterChef T\u00fcrkiye Ana kadroya giren 12. Yar\u0131\u015fmac\u0131: Cansu(elendi)<\/p>\n<p class=\"p1\">MasterChef T\u00fcrkiye Ana kadroya giren 13. Yar\u0131\u015fmac\u0131: \u00d6zkan<\/p>\n<p class=\"p1\">MasterChef T\u00fcrkiye Ana kadroya giren 14. yar\u0131\u015fmac\u0131: Gizem<\/p>\n<p><img loading=\"lazy\" decoding=\"async\" class=\"alignnone wp-image-251053 \" src=\"https:\/\/www.tgrthaber.com\/mavikadin\/wp-content\/uploads\/Ekran-Resmi-2025-10-19-06.10.43.png\" alt=\"\" width=\"1141\" height=\"766\" title=\"\" srcset=\"https:\/\/www.tgrthaber.com\/mavikadin\/wp-content\/uploads\/Ekran-Resmi-2025-10-19-06.10.43.png 1010w, https:\/\/www.tgrthaber.com\/mavikadin\/wp-content\/uploads\/Ekran-Resmi-2025-10-19-06.10.43-300x201.png 300w, https:\/\/www.tgrthaber.com\/mavikadin\/wp-content\/uploads\/Ekran-Resmi-2025-10-19-06.10.43-768x516.png 768w\" sizes=\"(max-width: 1141px) 100vw, 1141px\" \/><\/p>\n<hr \/>\n<p class=\"p1\">MasterChef T\u00fcrkiye Ana kadroya giren 15. yar\u0131\u015fmac\u0131: \u0130rem (elendi)<\/p>\n<p class=\"p1\">MasterChef T\u00fcrkiye Ana kadroya giren 16. yar\u0131\u015fmac\u0131: Hakan<\/p>\n<p class=\"p1\">MasterChef T\u00fcrkiye Ana kadroya giren 17. yar\u0131\u015fmac\u0131: Mert ( yedeklerden dahil oldu)<\/p>\n<p class=\"p1\">MasterChef T\u00fcrkiye Ana kadroya giren 18. yar\u0131\u015fmac\u0131: S\u00fcmeyye<\/p>\n<p class=\"p1\">MasterChef T\u00fcrkiye Ana kadroya giren 19. yar\u0131\u015fmac\u0131: Bar\u0131\u015f Kaya ( yedeklerden dahil oldu)<\/p>\n<p>&nbsp;<\/p>\n<p>&nbsp;<\/p>\n<p>&nbsp;<\/p>\n<p>&nbsp;<\/p>\n<p>&nbsp;<\/p>\n<p>&nbsp;<\/p>\n<p>&nbsp;<\/p>\n<p>&nbsp;<\/p>\n<p>&nbsp;<\/p>\n<p>&nbsp;<\/p>\n<p>&nbsp;<\/p>\n<p>&nbsp;<\/p>\n<p>&nbsp;<\/p>\n<p>&nbsp;<\/p>\n<p>&nbsp;<\/p>\n<p>&nbsp;<\/p>\n<p>&nbsp;<\/p>\n<p>&nbsp;<\/p>\n<p>&nbsp;<\/p>\n<p>&nbsp;<\/p>\n<p>&nbsp;<\/p>\n<p>&nbsp;<\/p>\n<p>&nbsp;<\/p>\n<p>&nbsp;<\/p>\n<p>&nbsp;<\/p>\n<p>&nbsp;<\/p>\n<p>&nbsp;<\/p>\n<p>&nbsp;<\/p>\n<p>&nbsp;<\/p>\n<p>&nbsp;<\/p>\n<p>&nbsp;<\/p>\n<p>&nbsp;<\/p>\n<p>&nbsp;<\/p>\n<p>&nbsp;<\/p>\n<p>&nbsp;<\/p>\n<p>&nbsp;<\/p>\n<p>&nbsp;<\/p>\n<p>&nbsp;<\/p>\n<p>&nbsp;<\/p>\n<p>&nbsp;<\/p>\n<p>&nbsp;<\/p>\n<p>&nbsp;<\/p>\n<p>&nbsp;<\/p>\n<p>&nbsp;<\/p>\n<p>&nbsp;<\/p>\n<p>&nbsp;<\/p>\n<p>&nbsp;<\/p>\n<p>&nbsp;<\/p>\n<p>&nbsp;<\/p>\n","protected":false},"excerpt":{"rendered":"<p>TV8 ekranlar\u0131n\u0131n sevilerek seyredilen yar\u0131\u015fma program\u0131 MasterChef T\u00fcrkiye&#8217;de bu ak\u015fam yeni haftan\u0131n kaptanlar\u0131 belli olacak. \u0130zleyiciler mavi tak\u0131m kaptan\u0131n\u0131n kim oldu\u011funu merak edip ara\u015ft\u0131rmaya ba\u015flad\u0131. Peki &#8216;MasterChef 19 Ekim 2025 kaptanl\u0131k oyununu kim kazand\u0131? Mavi tak\u0131m ve k\u0131rm\u0131z\u0131 tak\u0131m yar\u0131\u015fmac\u0131lar\u0131 kim oldu?&#8217; \u0130\u015fte sorunun detayl\u0131 cevab\u0131&#8230; <\/p>\n","protected":false},"author":16,"featured_media":0,"comment_status":"closed","ping_status":"closed","sticky":false,"template":"","format":"standard","meta":{"rank_math_lock_modified_date":false,"footnotes":""},"categories":[76],"tags":[2218,64698,64700,64699],"class_list":["post-251048","post","type-post","status-publish","format-standard","hentry","category-magazin","tag-magazin-haberleri","tag-masterchef-19-ekim-2025-kaptanlik-oyununu-kim-kazandi","tag-masterchef-19-ekim-2025-mavi-kirmizi-takim-yarismacilar","tag-masterchef-19-ekim-2925-mavi-takim-kaptani-kim"],"_links":{"self":[{"href":"https:\/\/www.tgrthaber.com\/mavikadin\/wp-json\/wp\/v2\/posts\/251048"}],"collection":[{"href":"https:\/\/www.tgrthaber.com\/mavikadin\/wp-json\/wp\/v2\/posts"}],"about":[{"href":"https:\/\/www.tgrthaber.com\/mavikadin\/wp-json\/wp\/v2\/types\/post"}],"author":[{"embeddable":true,"href":"https:\/\/www.tgrthaber.com\/mavikadin\/wp-json\/wp\/v2\/users\/16"}],"replies":[{"embeddable":true,"href":"https:\/\/www.tgrthaber.com\/mavikadin\/wp-json\/wp\/v2\/comments?post=251048"}],"version-history":[{"count":1,"href":"https:\/\/www.tgrthaber.com\/mavikadin\/wp-json\/wp\/v2\/posts\/251048\/revisions"}],"predecessor-version":[{"id":251055,"href":"https:\/\/www.tgrthaber.com\/mavikadin\/wp-json\/wp\/v2\/posts\/251048\/revisions\/251055"}],"wp:attachment":[{"href":"https:\/\/www.tgrthaber.com\/mavikadin\/wp-json\/wp\/v2\/media?parent=251048"}],"wp:term":[{"taxonomy":"category","embeddable":true,"href":"https:\/\/www.tgrthaber.com\/mavikadin\/wp-json\/wp\/v2\/categories?post=251048"},{"taxonomy":"post_tag","embeddable":true,"href":"https:\/\/www.tgrthaber.com\/mavikadin\/wp-json\/wp\/v2\/tags?post=251048"}],"curies":[{"name":"wp","href":"https:\/\/api.w.org\/{rel}","templated":true}]}}