{"id":251065,"date":"2025-10-19T17:47:49","date_gmt":"2025-10-19T14:47:49","guid":{"rendered":"https:\/\/www.tgrthaber.com\/mavikadin\/?p=251065"},"modified":"2025-10-19T18:43:09","modified_gmt":"2025-10-19T15:43:09","slug":"masterchef-2025te-gorulmemis-kamera-sakasi-caglar-bu-kadar-olmaz-deyip-solugu-dilekce-yazmakta-buldu","status":"publish","type":"post","link":"https:\/\/www.tgrthaber.com\/mavikadin\/masterchef-2025te-gorulmemis-kamera-sakasi-caglar-bu-kadar-olmaz-deyip-solugu-dilekce-yazmakta-buldu\/","title":{"rendered":"MasterChef 2025&#8217;te g\u00f6r\u00fclmemi\u015f kamera \u015fakas\u0131! \u00c7a\u011flar bu kadar olmaz deyip solu\u011fu dilek\u00e7e yazmakta buldu"},"content":{"rendered":"<p>MasterChef T\u00fcrkiye 2025 sezonu yeni b\u00f6l\u00fcmleriyle ekrana damga vurmaya devam ediyor. Birbirinden yetenekli yar\u0131\u015fmac\u0131lar\u0131n yer ald\u0131\u011f\u0131 program\u0131n hemen hemen her b\u00f6l\u00fcm\u00fcnde izleyicileri g\u00fcl\u00fcmseten anlar ya\u015fan\u0131yor. MasterChef T\u00fcrkiye&#8217;nin bu ak\u015fam ekranlara gelecek olan b\u00f6l\u00fcm\u00fcn\u00fcn fragman\u0131 yay\u0131nland\u0131. Fragmanda izleyicileri yine g\u00fcl\u00fcmseten anlar ya\u015fand\u0131. Erkek yar\u0131\u015fmac\u0131lar\u0131n \u00c7a\u011flar&#8217;a yapt\u0131\u011f\u0131 kamera \u015fakas\u0131 b\u00f6l\u00fcme damga vururken, \u00c7a\u011flar&#8217;\u0131n a\u00e7\u0131klamalar\u0131 ise herkesi k\u0131rd\u0131 ge\u00e7irdi. \u0130\u015fte MasterChef 19 Ekim 2025&#8217;te ya\u015fananlar&#8230;<\/p>\n<h3>MASTERCHEF 20252TE G\u00d6R\u00dcLMEM\u0130\u015e KAMERA \u015eAKASI! \u00c7A\u011eLAR BU KADAR OLMAZ DEY\u0130P SOLU\u011eU D\u0130LEK\u00c7E YAZMAKTA BULDU<\/h3>\n<p>TV8&#8217;in fenomen yemek yar\u0131\u015fmas\u0131 program\u0131 <a href=\"https:\/\/www.tgrthaber.com\/mavikadin\/masterchef-2025-konugu-ayaz-kimdir-kac-yasinda-masterchef-ayaz-gecer-ne-is-yapiyor\/\">MasterChef<\/a> T\u00fcrkiye yeni b\u00f6l\u00fcm fragman\u0131 izleyenleri g\u00fcl\u00fcmsetti.<\/p>\n<p><img loading=\"lazy\" decoding=\"async\" class=\"alignnone wp-image-251066 size-full\" src=\"https:\/\/www.tgrthaber.com\/mavikadin\/wp-content\/uploads\/Ekran-Resmi-2025-10-19-07.18.38.png\" alt=\"\" width=\"1724\" height=\"1042\" title=\"\" srcset=\"https:\/\/www.tgrthaber.com\/mavikadin\/wp-content\/uploads\/Ekran-Resmi-2025-10-19-07.18.38.png 1724w, https:\/\/www.tgrthaber.com\/mavikadin\/wp-content\/uploads\/Ekran-Resmi-2025-10-19-07.18.38-300x181.png 300w, https:\/\/www.tgrthaber.com\/mavikadin\/wp-content\/uploads\/Ekran-Resmi-2025-10-19-07.18.38-1024x619.png 1024w, https:\/\/www.tgrthaber.com\/mavikadin\/wp-content\/uploads\/Ekran-Resmi-2025-10-19-07.18.38-768x464.png 768w, https:\/\/www.tgrthaber.com\/mavikadin\/wp-content\/uploads\/Ekran-Resmi-2025-10-19-07.18.38-1536x928.png 1536w\" sizes=\"(max-width: 1724px) 100vw, 1724px\" \/><\/p>\n<hr \/>\n<p>Erkek yar\u0131\u015fmac\u0131lar \u00c7a\u011flar&#8217;a kamera \u015fakas\u0131 yapt\u0131. Program\u0131n kurallar\u0131 gere\u011fi evde olan kameralar\u0131n, tuvaletlere de tak\u0131ld\u0131\u011f\u0131n\u0131 s\u00f6yleyerek arkada\u015flar\u0131 \u00c7a\u011flar&#8217;a \u015faka yapan yar\u0131\u015fmac\u0131lar, izleyenleri g\u00fcl\u00fcmsetti. Tuvalette bile kamera olmas\u0131na kar\u015f\u0131 \u00f6fkelenen \u00c7a\u011flar solu\u011fu y\u00f6netime dilek\u00e7e yazmakta buldu. O anlar\u0131n kay\u0131tlar\u0131 ise izleyenleri g\u00fcl\u00fcmsetti.<\/p>\n<div style=\"width: 640px;\" class=\"wp-video\"><!--[if lt IE 9]><script>document.createElement('video');<\/script><![endif]-->\n<video class=\"wp-video-shortcode\" id=\"video-251065-1\" width=\"640\" height=\"329\" preload=\"metadata\" controls=\"controls\"><source type=\"video\/mp4\" src=\"https:\/\/www.tgrthaber.com\/mavikadin\/wp-content\/uploads\/caglar.mp4?_=1\" \/><a href=\"https:\/\/www.tgrthaber.com\/mavikadin\/wp-content\/uploads\/caglar.mp4\">https:\/\/www.tgrthaber.com\/mavikadin\/wp-content\/uploads\/caglar.mp4<\/a><\/video><\/div>\n<h3 class=\"p2\">ELEME POTASINDA K\u0130MLER VARDI?<\/h3>\n<p class=\"p2\">Onur<\/p>\n<p class=\"p2\">Cansu<\/p>\n<p class=\"p2\">Murat Can<\/p>\n<p class=\"p2\">Nisa<\/p>\n<p><img loading=\"lazy\" decoding=\"async\" class=\"alignnone wp-image-251050 \" src=\"https:\/\/www.tgrthaber.com\/mavikadin\/wp-content\/uploads\/Ekran-Resmi-2025-10-19-06.11.23-1024x577.png\" alt=\"\" width=\"1115\" height=\"628\" title=\"\" srcset=\"https:\/\/www.tgrthaber.com\/mavikadin\/wp-content\/uploads\/Ekran-Resmi-2025-10-19-06.11.23-1024x577.png 1024w, https:\/\/www.tgrthaber.com\/mavikadin\/wp-content\/uploads\/Ekran-Resmi-2025-10-19-06.11.23-300x169.png 300w, https:\/\/www.tgrthaber.com\/mavikadin\/wp-content\/uploads\/Ekran-Resmi-2025-10-19-06.11.23-768x432.png 768w, https:\/\/www.tgrthaber.com\/mavikadin\/wp-content\/uploads\/Ekran-Resmi-2025-10-19-06.11.23-1536x865.png 1536w, https:\/\/www.tgrthaber.com\/mavikadin\/wp-content\/uploads\/Ekran-Resmi-2025-10-19-06.11.23.png 1968w\" sizes=\"(max-width: 1115px) 100vw, 1115px\" \/><\/p>\n<hr \/>\n<p class=\"p2\">Sezer<\/p>\n<p class=\"p2\">Bar\u0131\u015f<\/p>\n<p class=\"p2\">Furkan<\/p>\n<h3 class=\"p2\">MASTERCHEF ELENEN YARI\u015eMACI 18 EK\u0130M<\/h3>\n<p class=\"p2\">MasterChef&#8217;te hayallerine veda isim\u00a0<b>Cansu<\/b>\u00a0oldu.<\/p>\n<p><img loading=\"lazy\" decoding=\"async\" class=\"alignnone wp-image-251051 \" src=\"https:\/\/www.tgrthaber.com\/mavikadin\/wp-content\/uploads\/Ekran-Resmi-2025-10-19-06.11.38-1024x569.png\" alt=\"\" width=\"1076\" height=\"598\" title=\"\" srcset=\"https:\/\/www.tgrthaber.com\/mavikadin\/wp-content\/uploads\/Ekran-Resmi-2025-10-19-06.11.38-1024x569.png 1024w, https:\/\/www.tgrthaber.com\/mavikadin\/wp-content\/uploads\/Ekran-Resmi-2025-10-19-06.11.38-300x167.png 300w, https:\/\/www.tgrthaber.com\/mavikadin\/wp-content\/uploads\/Ekran-Resmi-2025-10-19-06.11.38-768x426.png 768w, https:\/\/www.tgrthaber.com\/mavikadin\/wp-content\/uploads\/Ekran-Resmi-2025-10-19-06.11.38-1536x853.png 1536w, https:\/\/www.tgrthaber.com\/mavikadin\/wp-content\/uploads\/Ekran-Resmi-2025-10-19-06.11.38.png 1970w\" sizes=\"(max-width: 1076px) 100vw, 1076px\" \/><\/p>\n<hr \/>\n<h3 class=\"p2\">MASTERCHEF 2025 ANA KADRO L\u0130STES\u0130<\/h3>\n<p class=\"p2\">MasterChef T\u00fcrkiye 2025 ana kadro g\u00fcncel listesi:<\/p>\n<p class=\"p2\">MasterChef T\u00fcrkiye Ana Kadroya Giren 1. Yar\u0131\u015fmac\u0131: Furkan<\/p>\n<p class=\"p2\">MasterChef T\u00fcrkiye Ana Kadroya Giren 2. Yar\u0131\u015fmac\u0131: Eyl\u00fcl<\/p>\n<p class=\"p2\">MasterChef T\u00fcrkiye Ana Kadroya Giren 3. Yar\u0131\u015fmac\u0131: \u00c7a\u011fatay<\/p>\n<p class=\"p2\">MasterChef T\u00fcrkiye Ana Kadroya Giren 4. Yar\u0131\u015fmac\u0131: Onur<\/p>\n<p><img loading=\"lazy\" decoding=\"async\" class=\"alignnone wp-image-251053 \" src=\"https:\/\/www.tgrthaber.com\/mavikadin\/wp-content\/uploads\/Ekran-Resmi-2025-10-19-06.10.43.png\" alt=\"\" width=\"1074\" height=\"721\" title=\"\" srcset=\"https:\/\/www.tgrthaber.com\/mavikadin\/wp-content\/uploads\/Ekran-Resmi-2025-10-19-06.10.43.png 1010w, https:\/\/www.tgrthaber.com\/mavikadin\/wp-content\/uploads\/Ekran-Resmi-2025-10-19-06.10.43-300x201.png 300w, https:\/\/www.tgrthaber.com\/mavikadin\/wp-content\/uploads\/Ekran-Resmi-2025-10-19-06.10.43-768x516.png 768w\" sizes=\"(max-width: 1074px) 100vw, 1074px\" \/><\/p>\n<hr \/>\n<p class=\"p2\">MasterChef T\u00fcrkiye Ana kadroya giren 5. Yar\u0131\u015fmac\u0131: Nisa Nur ( yedeklerden dahil oldu)<\/p>\n<p class=\"p2\">MasterChef T\u00fcrkiye Ana kadroya giren 6. Yar\u0131\u015fmac\u0131: Sercan(elendi)<\/p>\n<p class=\"p2\">MasterChef T\u00fcrkiye Ana kadroya giren 7. Yar\u0131\u015fmac\u0131: Ayla<\/p>\n<p class=\"p2\">MasterChef T\u00fcrkiye Ana kadroya giren 8. Yar\u0131\u015fmac\u0131: \u0130hsan(elendi)<\/p>\n<p class=\"p2\">MasterChef T\u00fcrkiye Ana kadroya giren 9. Yar\u0131\u015fmac\u0131: Ayten<\/p>\n<p class=\"p2\">MasterChef T\u00fcrkiye Ana kadroya giren 10. Yar\u0131\u015fmac\u0131: \u00c7a\u011flar<\/p>\n<p class=\"p2\">MasterChef T\u00fcrkiye Ana kadroya giren 11. Yar\u0131\u015fmac\u0131: Sezer<\/p>\n<p class=\"p2\">MasterChef T\u00fcrkiye Ana kadroya giren 12. Yar\u0131\u015fmac\u0131: Cansu(elendi)<\/p>\n<p><img loading=\"lazy\" decoding=\"async\" class=\"alignnone wp-image-251052 \" src=\"https:\/\/www.tgrthaber.com\/mavikadin\/wp-content\/uploads\/Ekran-Resmi-2025-10-19-06.10.49.png\" alt=\"\" width=\"1087\" height=\"715\" title=\"\" srcset=\"https:\/\/www.tgrthaber.com\/mavikadin\/wp-content\/uploads\/Ekran-Resmi-2025-10-19-06.10.49.png 1016w, https:\/\/www.tgrthaber.com\/mavikadin\/wp-content\/uploads\/Ekran-Resmi-2025-10-19-06.10.49-300x197.png 300w, https:\/\/www.tgrthaber.com\/mavikadin\/wp-content\/uploads\/Ekran-Resmi-2025-10-19-06.10.49-768x505.png 768w\" sizes=\"(max-width: 1087px) 100vw, 1087px\" \/><\/p>\n<hr \/>\n<p class=\"p2\">MasterChef T\u00fcrkiye Ana kadroya giren 13. Yar\u0131\u015fmac\u0131: \u00d6zkan<\/p>\n<p class=\"p2\">MasterChef T\u00fcrkiye Ana kadroya giren 14. yar\u0131\u015fmac\u0131: Gizem<\/p>\n<p class=\"p2\">MasterChef T\u00fcrkiye Ana kadroya giren 15. yar\u0131\u015fmac\u0131: \u0130rem (elendi)<\/p>\n<p class=\"p2\">MasterChef T\u00fcrkiye Ana kadroya giren 16. yar\u0131\u015fmac\u0131: Hakan<\/p>\n<p><img loading=\"lazy\" decoding=\"async\" class=\"alignnone wp-image-251054 \" src=\"https:\/\/www.tgrthaber.com\/mavikadin\/wp-content\/uploads\/Ekran-Resmi-2025-10-19-06.16.36.png\" alt=\"\" width=\"1075\" height=\"669\" title=\"\" srcset=\"https:\/\/www.tgrthaber.com\/mavikadin\/wp-content\/uploads\/Ekran-Resmi-2025-10-19-06.16.36.png 974w, https:\/\/www.tgrthaber.com\/mavikadin\/wp-content\/uploads\/Ekran-Resmi-2025-10-19-06.16.36-300x187.png 300w, https:\/\/www.tgrthaber.com\/mavikadin\/wp-content\/uploads\/Ekran-Resmi-2025-10-19-06.16.36-768x478.png 768w\" sizes=\"(max-width: 1075px) 100vw, 1075px\" \/><\/p>\n<hr \/>\n<p class=\"p2\">MasterChef T\u00fcrkiye Ana kadroya giren 17. yar\u0131\u015fmac\u0131: Mert ( yedeklerden dahil oldu)<\/p>\n<p class=\"p2\">MasterChef T\u00fcrkiye Ana kadroya giren 18. yar\u0131\u015fmac\u0131: S\u00fcmeyye<\/p>\n<p class=\"p2\">MasterChef T\u00fcrkiye Ana kadroya giren 19. yar\u0131\u015fmac\u0131: Bar\u0131\u015f Kaya ( yedeklerden dahil oldu)<\/p>\n<p class=\"p2\">\n","protected":false},"excerpt":{"rendered":"<p>TV8 ekranlar\u0131n\u0131n fenomen yar\u0131\u015fma program\u0131 MasterChef T\u00fcrkiye&#8217;nin bu ak\u015fam ekranlara gelen b\u00f6l\u00fcm\u00fcnde izleyicileri g\u00fcl\u00fcmseten anlar ya\u015fand\u0131. Erkek yar\u0131\u015fmac\u0131lar\u0131n \u00c7a\u011flar&#8217;a yapt\u0131\u011f\u0131 kamera \u015fakas\u0131 fragmana damga vurdu. \u0130zleyenleri g\u00fclmekten k\u0131r\u0131p ge\u00e7iren o anlara gelin birlikte bakal\u0131m&#8230; <\/p>\n","protected":false},"author":16,"featured_media":251067,"comment_status":"closed","ping_status":"closed","sticky":false,"template":"","format":"standard","meta":{"rank_math_lock_modified_date":false,"footnotes":""},"categories":[76],"tags":[2218,64704,64703,26982],"class_list":["post-251065","post","type-post","status-publish","format-standard","has-post-thumbnail","hentry","category-magazin","tag-magazin-haberleri","tag-masterchef-2025-caglar-kamera-sakasi","tag-masterchef-2025-kamera-sakasi","tag-masterchef-haberleri"],"_links":{"self":[{"href":"https:\/\/www.tgrthaber.com\/mavikadin\/wp-json\/wp\/v2\/posts\/251065"}],"collection":[{"href":"https:\/\/www.tgrthaber.com\/mavikadin\/wp-json\/wp\/v2\/posts"}],"about":[{"href":"https:\/\/www.tgrthaber.com\/mavikadin\/wp-json\/wp\/v2\/types\/post"}],"author":[{"embeddable":true,"href":"https:\/\/www.tgrthaber.com\/mavikadin\/wp-json\/wp\/v2\/users\/16"}],"replies":[{"embeddable":true,"href":"https:\/\/www.tgrthaber.com\/mavikadin\/wp-json\/wp\/v2\/comments?post=251065"}],"version-history":[{"count":2,"href":"https:\/\/www.tgrthaber.com\/mavikadin\/wp-json\/wp\/v2\/posts\/251065\/revisions"}],"predecessor-version":[{"id":251298,"href":"https:\/\/www.tgrthaber.com\/mavikadin\/wp-json\/wp\/v2\/posts\/251065\/revisions\/251298"}],"wp:featuredmedia":[{"embeddable":true,"href":"https:\/\/www.tgrthaber.com\/mavikadin\/wp-json\/wp\/v2\/media\/251067"}],"wp:attachment":[{"href":"https:\/\/www.tgrthaber.com\/mavikadin\/wp-json\/wp\/v2\/media?parent=251065"}],"wp:term":[{"taxonomy":"category","embeddable":true,"href":"https:\/\/www.tgrthaber.com\/mavikadin\/wp-json\/wp\/v2\/categories?post=251065"},{"taxonomy":"post_tag","embeddable":true,"href":"https:\/\/www.tgrthaber.com\/mavikadin\/wp-json\/wp\/v2\/tags?post=251065"}],"curies":[{"name":"wp","href":"https:\/\/api.w.org\/{rel}","templated":true}]}}