{"id":251069,"date":"2025-10-19T17:37:40","date_gmt":"2025-10-19T14:37:40","guid":{"rendered":"https:\/\/www.tgrthaber.com\/mavikadin\/?p=251069"},"modified":"2025-10-19T18:43:29","modified_gmt":"2025-10-19T15:43:29","slug":"masterchefte-danillo-sef-cig-kofteyi-durdu-halayi-gomdu-italyanlik-resmen-rafa-kalkti","status":"publish","type":"post","link":"https:\/\/www.tgrthaber.com\/mavikadin\/masterchefte-danillo-sef-cig-kofteyi-durdu-halayi-gomdu-italyanlik-resmen-rafa-kalkti\/","title":{"rendered":"MasterChef&#8217;te Danillo \u015fef \u00e7i\u011f k\u00f6fteyi d\u00fcrd\u00fc halay\u0131 g\u00f6md\u00fc! \u0130talyanl\u0131k resmen rafa kalkt\u0131"},"content":{"rendered":"<p>TV8&#8217;in fenomen yemek yar\u0131\u015fmas\u0131 MasterChef T\u00fcrkiye yeni sezonu ile h\u0131z kesmeden devam ediyor. Birbirinden lezzetli yemeklerin yap\u0131ld\u0131\u011f\u0131 programdaki e\u011flenceli anlar izleyenleri g\u00fcl\u00fcmsetiyor. Haftan\u0131n kaptanlar\u0131n\u0131n belli olaca\u011f\u0131 bu gece \u015feflerin yar\u0131\u015fmac\u0131lardan istedi\u011fi yemek \u00e7i\u011f k\u00f6fte oldu. En ba\u015far\u0131l\u0131 taba\u011f\u0131 haz\u0131rlayan mavi tak\u0131m kaptan\u0131 olurken kar\u015f\u0131s\u0131na k\u0131rm\u0131z\u0131 tak\u0131m i\u00e7in ge\u00e7ecek kaptan\u0131 da belirleyecek. Sevilen yar\u0131\u015fma program\u0131nda j\u00fcri \u00fcyeli\u011fi yapan Danillo \u015fef ise izleyenleri g\u00fclmekten k\u0131rd\u0131 ge\u00e7irdi. Program\u0131n yay\u0131nlanan fragman\u0131nda halay \u00e7ekti\u011fi g\u00f6r\u00fclen ve ac\u0131 \u00e7i\u011f k\u00f6fte yiyen Danillo \u015fefi g\u00f6ren herkes &#8216;\u0130talyanl\u0131k rafa kalkt\u0131&#8217; yorumunu yap\u0131yor. Danillo \u015fefin e\u011flenceli anlar\u0131 ve sosyal medyadaki yorumlara gelin birlikte bakal\u0131m&#8230;<\/p>\n<h3>MASTERCHEF DAN\u0130LLO \u015eEF \u00c7\u0130\u011e K\u00d6FTEY\u0130 D\u00dcRD\u00dc HALAYI G\u00d6MD\u00dc! \u0130TALYANLIK RESMEN RAFA KALKTI<\/h3>\n<p><a href=\"https:\/\/www.tgrthaber.com\/mavikadin\/18-ekim-2025-masterchef-elenen-yarismaci-kim-oldu-18-ekim-2025-masterchef-elenen-yarismaci\/\">MasterChef<\/a> T\u00fcrkiye&#8217;nin sevilen j\u00fcrilerinden olan \u0130talyan \u015fef Danillo Zanna bu ak\u015fama damga vuracak. Yay\u0131nlanan b\u00f6l\u00fcm fragman\u0131nda halay \u00e7eken ve \u00e7i\u011f k\u00f6fte yiyen \u00fcnl\u00fc \u015fef izleyenleri g\u00fclmekten k\u0131rd\u0131 ge\u00e7irdi.<\/p>\n<p><img loading=\"lazy\" decoding=\"async\" class=\"alignnone wp-image-251070 \" src=\"https:\/\/www.tgrthaber.com\/mavikadin\/wp-content\/uploads\/Ekran-Resmi-2025-10-19-07.41.26-1024x609.png\" alt=\"\" width=\"1100\" height=\"654\" title=\"\" srcset=\"https:\/\/www.tgrthaber.com\/mavikadin\/wp-content\/uploads\/Ekran-Resmi-2025-10-19-07.41.26-1024x609.png 1024w, https:\/\/www.tgrthaber.com\/mavikadin\/wp-content\/uploads\/Ekran-Resmi-2025-10-19-07.41.26-300x178.png 300w, https:\/\/www.tgrthaber.com\/mavikadin\/wp-content\/uploads\/Ekran-Resmi-2025-10-19-07.41.26-768x457.png 768w, https:\/\/www.tgrthaber.com\/mavikadin\/wp-content\/uploads\/Ekran-Resmi-2025-10-19-07.41.26.png 1086w\" sizes=\"(max-width: 1100px) 100vw, 1100px\" \/><\/p>\n<hr \/>\n<p>T\u00fcrkiye&#8217;ye geldikten sonra T\u00fcrk k\u00fclt\u00fcr\u00fcne \u00e7ok \u00e7abuk adapte olan Danillo \u015fefin e\u011flenceli halleri ve T\u00fcrk k\u00fclt\u00fcr\u00fcn\u00fc bu kadar benimsemesi sosyal medyan\u0131n da diline d\u00fc\u015ft\u00fc.<\/p>\n<p><img loading=\"lazy\" decoding=\"async\" class=\"alignnone wp-image-251071 \" src=\"https:\/\/www.tgrthaber.com\/mavikadin\/wp-content\/uploads\/Ekran-Resmi-2025-10-19-07.41.40-1024x593.png\" alt=\"\" width=\"1084\" height=\"628\" title=\"\" srcset=\"https:\/\/www.tgrthaber.com\/mavikadin\/wp-content\/uploads\/Ekran-Resmi-2025-10-19-07.41.40-1024x593.png 1024w, https:\/\/www.tgrthaber.com\/mavikadin\/wp-content\/uploads\/Ekran-Resmi-2025-10-19-07.41.40-300x174.png 300w, https:\/\/www.tgrthaber.com\/mavikadin\/wp-content\/uploads\/Ekran-Resmi-2025-10-19-07.41.40-768x445.png 768w, https:\/\/www.tgrthaber.com\/mavikadin\/wp-content\/uploads\/Ekran-Resmi-2025-10-19-07.41.40.png 1116w\" sizes=\"(max-width: 1084px) 100vw, 1084px\" \/><\/p>\n<hr \/>\n<p>Sosyal medya kullan\u0131c\u0131lar\u0131, &#8216;Adam\u0131 da kendimize benzettik&#8217;, &#8216;Kim der \u0130talyan \u015fef&#8217;, &#8216;T\u00fcrklerden bile daha \u00e7ok T\u00fcrk oldu&#8217;, &#8216;Bu adam\u0131 \u00e7ok seviyorum ya&#8217; \u015feklinde yorumlar ya\u011fd\u0131rd\u0131.<\/p>\n<div style=\"width: 640px;\" class=\"wp-video\"><!--[if lt IE 9]><script>document.createElement('video');<\/script><![endif]-->\n<video class=\"wp-video-shortcode\" id=\"video-251069-1\" width=\"640\" height=\"332\" preload=\"metadata\" controls=\"controls\"><source type=\"video\/mp4\" src=\"https:\/\/www.tgrthaber.com\/mavikadin\/wp-content\/uploads\/danillo.mp4?_=1\" \/><a href=\"https:\/\/www.tgrthaber.com\/mavikadin\/wp-content\/uploads\/danillo.mp4\">https:\/\/www.tgrthaber.com\/mavikadin\/wp-content\/uploads\/danillo.mp4<\/a><\/video><\/div>\n<h3>MASTERCHEF DAN\u0130LLO ZANNA K\u0130MD\u0130R?<\/h3>\n<p class=\"p2\">MasterChef j\u00fcrisi Danillo Zanna 1982 y\u0131l\u0131nda \u0130talya\u2019da d\u00fcnyaya gelmi\u015ftir. Aile mesle\u011fi olan a\u015f\u00e7\u0131l\u0131\u011f\u0131 devralan \u0130talyan \u015fef \u0130talya\u2019da \u015feflerle \u00e7al\u0131\u015farak \u0130talyan mutfa\u011f\u0131 \u00fczerine kendisini geli\u015ftirmi\u015ftir.<\/p>\n<p><img loading=\"lazy\" decoding=\"async\" class=\"alignnone wp-image-251072 \" src=\"https:\/\/www.tgrthaber.com\/mavikadin\/wp-content\/uploads\/Ekran-Resmi-2025-10-19-07.43.14.png\" alt=\"\" width=\"1078\" height=\"587\" title=\"\" srcset=\"https:\/\/www.tgrthaber.com\/mavikadin\/wp-content\/uploads\/Ekran-Resmi-2025-10-19-07.43.14.png 992w, https:\/\/www.tgrthaber.com\/mavikadin\/wp-content\/uploads\/Ekran-Resmi-2025-10-19-07.43.14-300x163.png 300w, https:\/\/www.tgrthaber.com\/mavikadin\/wp-content\/uploads\/Ekran-Resmi-2025-10-19-07.43.14-768x418.png 768w\" sizes=\"(max-width: 1078px) 100vw, 1078px\" \/><\/p>\n<hr \/>\n<p class=\"p2\">T\u00fcrk Mutfa\u011f\u0131\u2019n\u0131 be\u011fenen ve kendisini bu konuda geli\u015ftirmek isteyen Danillo Zanna T\u00fcrkiye\u2019ye gelmi\u015f buraya yerle\u015fmi\u015ftir. Televizyon programlar\u0131na ilk ad\u0131m at\u0131\u015f\u0131 ise &#8220;Zahide ile Hayata Yeti\u015f&#8221; adl\u0131 programda yard\u0131mc\u0131 yemek \u015fefi olarak ba\u015flam\u0131\u015ft\u0131r.<\/p>\n<p><img loading=\"lazy\" decoding=\"async\" class=\"alignnone wp-image-251073 \" src=\"https:\/\/www.tgrthaber.com\/mavikadin\/wp-content\/uploads\/Ekran-Resmi-2025-10-19-07.43.22.png\" alt=\"\" width=\"1075\" height=\"664\" title=\"\" srcset=\"https:\/\/www.tgrthaber.com\/mavikadin\/wp-content\/uploads\/Ekran-Resmi-2025-10-19-07.43.22.png 936w, https:\/\/www.tgrthaber.com\/mavikadin\/wp-content\/uploads\/Ekran-Resmi-2025-10-19-07.43.22-300x185.png 300w, https:\/\/www.tgrthaber.com\/mavikadin\/wp-content\/uploads\/Ekran-Resmi-2025-10-19-07.43.22-768x474.png 768w\" sizes=\"(max-width: 1075px) 100vw, 1075px\" \/><\/p>\n<hr \/>\n<p class=\"p2\">Ard\u0131ndan \u2018\u0130talyan \u0130\u015fi\u2019 program\u0131yla ad\u0131n\u0131 duyurmu\u015ftur. Kadir Has \u00dcniversitesi \u0130stanbul Mutfa\u011f\u0131 Enstit\u00fcs\u00fc&#8217;nde \u0130talyan yemekleri \u00fczerinde \u00e7al\u0131\u015fmalar yapan \u0130talyan \u015fef, 2012 y\u0131l\u0131nda Tu\u011f\u00e7e Demirbilek ile evlenmi\u015f 2021 y\u0131l\u0131nda \u00e7ift tek celsede bo\u015fanm\u0131\u015ft\u0131r.<\/p>\n<p><img loading=\"lazy\" decoding=\"async\" class=\"alignnone wp-image-251074 \" src=\"https:\/\/www.tgrthaber.com\/mavikadin\/wp-content\/uploads\/Ekran-Resmi-2025-10-19-07.43.29.png\" alt=\"\" width=\"1087\" height=\"633\" title=\"\" srcset=\"https:\/\/www.tgrthaber.com\/mavikadin\/wp-content\/uploads\/Ekran-Resmi-2025-10-19-07.43.29.png 1006w, https:\/\/www.tgrthaber.com\/mavikadin\/wp-content\/uploads\/Ekran-Resmi-2025-10-19-07.43.29-300x175.png 300w, https:\/\/www.tgrthaber.com\/mavikadin\/wp-content\/uploads\/Ekran-Resmi-2025-10-19-07.43.29-768x447.png 768w\" sizes=\"(max-width: 1087px) 100vw, 1087px\" \/><\/p>\n<hr \/>\n<p class=\"p2\">Danillo Zanna\u2019n\u0131n geni\u015f bir hayran kitlesine ula\u015fmas\u0131 ise MasterChef T\u00fcrkiye j\u00fcrili\u011fi ile olmu\u015ftur. MasterChef&#8217;in sevilen j\u00fcrisi sempatik ve \u0131l\u0131ml\u0131 tav\u0131rlar\u0131 ile herkesin g\u00f6nl\u00fcnde taht kurmu\u015ftur.<\/p>\n","protected":false},"excerpt":{"rendered":"<p>Ekranlar\u0131n sevilen program\u0131 MasterChef T\u00fcrkiye&#8217;nin bu ak\u015fam ekrana gelen b\u00f6l\u00fcm\u00fcnde geleneksel \u00e7i\u011f k\u00f6fte gecesi yap\u0131lacak. Yeni b\u00f6l\u00fcm fragman\u0131na ise Danillo \u015fef damga vurdu. \u0130talyan \u015fefin halay \u00e7ekti\u011fi ve \u00e7i\u011f k\u00f6fte yedi\u011fi anlar\u0131 g\u00f6renler &#8216;\u0130talyanl\u0131k rafa kalkt\u0131&#8217; yorumunu yapmadan ge\u00e7emiyor. \u0130\u015fte 19 Ekim 2025 MasterChef&#8217;te ya\u015fananlar&#8230;<\/p>\n","protected":false},"author":16,"featured_media":251075,"comment_status":"closed","ping_status":"closed","sticky":false,"template":"","format":"standard","meta":{"rank_math_lock_modified_date":false,"footnotes":""},"categories":[76],"tags":[2218,64707,64705,64706],"class_list":["post-251069","post","type-post","status-publish","format-standard","has-post-thumbnail","hentry","category-magazin","tag-magazin-haberleri","tag-masterchef-2025-danillo-zanna-cig-kofte-yemesi","tag-masterchef-2025-danillo-zanna-kimdir","tag-masterchef-danillo-zanna-halay"],"_links":{"self":[{"href":"https:\/\/www.tgrthaber.com\/mavikadin\/wp-json\/wp\/v2\/posts\/251069"}],"collection":[{"href":"https:\/\/www.tgrthaber.com\/mavikadin\/wp-json\/wp\/v2\/posts"}],"about":[{"href":"https:\/\/www.tgrthaber.com\/mavikadin\/wp-json\/wp\/v2\/types\/post"}],"author":[{"embeddable":true,"href":"https:\/\/www.tgrthaber.com\/mavikadin\/wp-json\/wp\/v2\/users\/16"}],"replies":[{"embeddable":true,"href":"https:\/\/www.tgrthaber.com\/mavikadin\/wp-json\/wp\/v2\/comments?post=251069"}],"version-history":[{"count":2,"href":"https:\/\/www.tgrthaber.com\/mavikadin\/wp-json\/wp\/v2\/posts\/251069\/revisions"}],"predecessor-version":[{"id":251293,"href":"https:\/\/www.tgrthaber.com\/mavikadin\/wp-json\/wp\/v2\/posts\/251069\/revisions\/251293"}],"wp:featuredmedia":[{"embeddable":true,"href":"https:\/\/www.tgrthaber.com\/mavikadin\/wp-json\/wp\/v2\/media\/251075"}],"wp:attachment":[{"href":"https:\/\/www.tgrthaber.com\/mavikadin\/wp-json\/wp\/v2\/media?parent=251069"}],"wp:term":[{"taxonomy":"category","embeddable":true,"href":"https:\/\/www.tgrthaber.com\/mavikadin\/wp-json\/wp\/v2\/categories?post=251069"},{"taxonomy":"post_tag","embeddable":true,"href":"https:\/\/www.tgrthaber.com\/mavikadin\/wp-json\/wp\/v2\/tags?post=251069"}],"curies":[{"name":"wp","href":"https:\/\/api.w.org\/{rel}","templated":true}]}}