{"id":251077,"date":"2025-10-19T08:23:59","date_gmt":"2025-10-19T05:23:59","guid":{"rendered":"https:\/\/www.tgrthaber.com\/mavikadin\/?p=251077"},"modified":"2025-10-19T08:29:58","modified_gmt":"2025-10-19T05:29:58","slug":"masterchef-mehmet-sefin-yemekleri-bu-kadar-eder-mi-tiktokta-paylasilan-hesap-sosyal-medyanin-gundemine-dustu","status":"publish","type":"post","link":"https:\/\/www.tgrthaber.com\/mavikadin\/masterchef-mehmet-sefin-yemekleri-bu-kadar-eder-mi-tiktokta-paylasilan-hesap-sosyal-medyanin-gundemine-dustu\/","title":{"rendered":"MasterChef Mehmet \u015fefin yemekleri bu kadar eder mi? TikTok\u2019ta payla\u015f\u0131lan hesap sosyal medyan\u0131n g\u00fcndemine d\u00fc\u015ft\u00fc"},"content":{"rendered":"<p class=\"p1\">TV8 ekranlar\u0131n\u0131n sevilerek seyredilen yar\u0131\u015fma program\u0131n\u0131n j\u00fcrilerinden olan Mehmet Yal\u00e7\u0131nkaya, programdaki tav\u0131rlar\u0131n\u0131n yan\u0131 s\u0131ra \u00f6zel hayat\u0131yla da g\u00fcndem olan \u015feflerden biri. \u00d6zellikle restoran fiyatlar\u0131yla s\u0131k s\u0131k g\u00fcndeme gelen \u015fef yine bir tiktok kullan\u0131c\u0131s\u0131n\u0131n mekan\u0131na gitmesi ve ard\u0131ndan yedi\u011fi yemekler i\u00e7in \u00f6dedi\u011fi fi\u015fini payla\u015fmas\u0131 ile g\u00fcndem oldu. Mehmet \u015fefin mekan\u0131na gidip yemek fi\u015fini payla\u015fan Tiktok kullan\u0131c\u0131s\u0131 sosyal medyada \u2018Mehmet \u015fefin yemekleri bu kadar eder mi? sorusunun g\u00fcndeme gelmesine neden oldu. Fiyat bilgisini g\u00f6ren sosyal medya kullan\u0131c\u0131lar\u0131 yorum \u00fcst\u00fcne yorum ya\u011fd\u0131rd\u0131.<\/p>\n<h3 class=\"p1\">MASTERCHEF MEHMET \u015eEF\u0130N YEMEKLER\u0130 BU KADAR EDER M\u0130?<\/h3>\n<p class=\"p1\"><a href=\"https:\/\/www.tgrthaber.com\/mavikadin\/18-ekim-2025-masterchef-elenen-yarismaci-kim-oldu-18-ekim-2025-masterchef-elenen-yarismaci\/\">\u00a0MasterChef<\/a> j\u00fcrileri Danillo Zanna, Somer Sivrio\u011flu ve Mehmet Yal\u00e7\u0131nkaya program\u0131n yan\u0131 s\u0131ra zaman zaman kendi restoranlar\u0131ndaki fiyat uygulamalar\u0131yla da g\u00fcndeme geliyor.<\/p>\n<p><img loading=\"lazy\" decoding=\"async\" class=\"alignnone wp-image-251078 \" src=\"https:\/\/www.tgrthaber.com\/mavikadin\/wp-content\/uploads\/Ekran-Resmi-2025-10-19-08.04.22-1024x617.png\" alt=\"\" width=\"1077\" height=\"649\" title=\"\" srcset=\"https:\/\/www.tgrthaber.com\/mavikadin\/wp-content\/uploads\/Ekran-Resmi-2025-10-19-08.04.22-1024x617.png 1024w, https:\/\/www.tgrthaber.com\/mavikadin\/wp-content\/uploads\/Ekran-Resmi-2025-10-19-08.04.22-300x181.png 300w, https:\/\/www.tgrthaber.com\/mavikadin\/wp-content\/uploads\/Ekran-Resmi-2025-10-19-08.04.22-768x462.png 768w, https:\/\/www.tgrthaber.com\/mavikadin\/wp-content\/uploads\/Ekran-Resmi-2025-10-19-08.04.22.png 1096w\" sizes=\"(max-width: 1077px) 100vw, 1077px\" \/><\/p>\n<hr \/>\n<p class=\"p1\">Restoran \u00fccretleri \u00e7o\u011fu insana g\u00f6re y\u00fcksek kabul edilen men\u00fcler sosyal medyada g\u00fcndem konusu olmaya devam ediyor. Son olarak MasterChef j\u00fcrisi Mehmet Yal\u00e7\u0131nkaya\u2019n\u0131n mekan\u0131na giderek \u00f6dedi\u011fi fiyat\u0131 g\u00f6steren @enestiktok isimli kullan\u0131c\u0131 sosyal medyada \u2018Mehmet \u015fefin yemekleri bu kadar eder mi?\u2019 sorusunun sorulmas\u0131na neden oldu.<\/p>\n<p><img loading=\"lazy\" decoding=\"async\" class=\"alignnone wp-image-251079 \" src=\"https:\/\/www.tgrthaber.com\/mavikadin\/wp-content\/uploads\/Ekran-Resmi-2025-10-19-08.06.32-1024x700.png\" alt=\"\" width=\"1066\" height=\"729\" title=\"\" srcset=\"https:\/\/www.tgrthaber.com\/mavikadin\/wp-content\/uploads\/Ekran-Resmi-2025-10-19-08.06.32-1024x700.png 1024w, https:\/\/www.tgrthaber.com\/mavikadin\/wp-content\/uploads\/Ekran-Resmi-2025-10-19-08.06.32-300x205.png 300w, https:\/\/www.tgrthaber.com\/mavikadin\/wp-content\/uploads\/Ekran-Resmi-2025-10-19-08.06.32-768x525.png 768w, https:\/\/www.tgrthaber.com\/mavikadin\/wp-content\/uploads\/Ekran-Resmi-2025-10-19-08.06.32.png 1414w\" sizes=\"(max-width: 1066px) 100vw, 1066px\" \/><\/p>\n<hr \/>\n<p class=\"p1\">Mehmet \u015feyin MYK restoran\u0131na giderek 2 ki\u015filik tad\u0131m men\u00fcs\u00fcne 12.250 TL \u00f6deyen gen\u00e7 sosyal medyada yorum ya\u011fmas\u0131na neden oldu.<\/p>\n<p><img loading=\"lazy\" decoding=\"async\" class=\"alignnone wp-image-251084 \" src=\"https:\/\/www.tgrthaber.com\/mavikadin\/wp-content\/uploads\/Ekran-Resmi-2025-10-19-08.17.06-1024x622.png\" alt=\"\" width=\"1141\" height=\"693\" title=\"\" srcset=\"https:\/\/www.tgrthaber.com\/mavikadin\/wp-content\/uploads\/Ekran-Resmi-2025-10-19-08.17.06-1024x622.png 1024w, https:\/\/www.tgrthaber.com\/mavikadin\/wp-content\/uploads\/Ekran-Resmi-2025-10-19-08.17.06-300x182.png 300w, https:\/\/www.tgrthaber.com\/mavikadin\/wp-content\/uploads\/Ekran-Resmi-2025-10-19-08.17.06-768x467.png 768w, https:\/\/www.tgrthaber.com\/mavikadin\/wp-content\/uploads\/Ekran-Resmi-2025-10-19-08.17.06.png 1274w\" sizes=\"(max-width: 1141px) 100vw, 1141px\" \/><\/p>\n<hr \/>\n<p class=\"p1\">Sosyal medya kullanc\u0131lar\u0131, \u2018 Asgari \u00fccretliye hayal desenize tad\u0131m yapmak\u2019, \u2018\u015eaka m\u0131 bunlar nerde ya\u015f\u0131yorlar\u2019, \u2018Haftaya giderim dedi\u011fim ve asla gidemedi\u011fi mekan\u2019 \u015feklinde yorumlar ya\u011fd\u0131rd\u0131.<\/p>\n<p><img loading=\"lazy\" decoding=\"async\" class=\"alignnone wp-image-251080 \" src=\"https:\/\/www.tgrthaber.com\/mavikadin\/wp-content\/uploads\/Ekran-Resmi-2025-10-19-08.04.39.png\" alt=\"\" width=\"1077\" height=\"608\" title=\"\" srcset=\"https:\/\/www.tgrthaber.com\/mavikadin\/wp-content\/uploads\/Ekran-Resmi-2025-10-19-08.04.39.png 964w, https:\/\/www.tgrthaber.com\/mavikadin\/wp-content\/uploads\/Ekran-Resmi-2025-10-19-08.04.39-300x169.png 300w, https:\/\/www.tgrthaber.com\/mavikadin\/wp-content\/uploads\/Ekran-Resmi-2025-10-19-08.04.39-768x433.png 768w\" sizes=\"(max-width: 1077px) 100vw, 1077px\" \/><\/p>\n<hr \/>\n<h3>MASTERCHEF J\u00dcR\u0130S\u0130 MEHMET YAL\u00c7INKAYA K\u0130MD\u0130R?<\/h3>\n<p class=\"p2\">MasterChef j\u00fcrisi Mehmet Yal\u00e7\u0131nkaya 1974 y\u0131l\u0131nda Bolu\u2019da d\u00fcnyaya gelmi\u015ftir. D\u00fcnyan\u0131n farkl\u0131 \u00fclkelerinde<span class=\"Apple-converted-space\">\u00a0 <\/span>Gastronomi ve Mutfak Koordinat\u00f6rl\u00fc\u011f\u00fc yapan \u00fcnl\u00fc \u015fef, T\u00fcrkiye\u2019de de Bodrum ve \u0130stanbul gibi b\u00fcy\u00fck\u015fehirlerdeki pek \u00e7ok otel ve restoran\u0131n mutfak \u015fefli\u011fini yapm\u0131\u015ft\u0131r.<span class=\"Apple-converted-space\">\u00a0<\/span><\/p>\n<p><img loading=\"lazy\" decoding=\"async\" class=\"alignnone wp-image-251082 \" src=\"https:\/\/www.tgrthaber.com\/mavikadin\/wp-content\/uploads\/Ekran-Resmi-2025-10-19-08.04.30-1024x607.png\" alt=\"\" width=\"1080\" height=\"640\" title=\"\" srcset=\"https:\/\/www.tgrthaber.com\/mavikadin\/wp-content\/uploads\/Ekran-Resmi-2025-10-19-08.04.30-1024x607.png 1024w, https:\/\/www.tgrthaber.com\/mavikadin\/wp-content\/uploads\/Ekran-Resmi-2025-10-19-08.04.30-300x178.png 300w, https:\/\/www.tgrthaber.com\/mavikadin\/wp-content\/uploads\/Ekran-Resmi-2025-10-19-08.04.30-768x456.png 768w, https:\/\/www.tgrthaber.com\/mavikadin\/wp-content\/uploads\/Ekran-Resmi-2025-10-19-08.04.30.png 1062w\" sizes=\"(max-width: 1080px) 100vw, 1080px\" \/><\/p>\n<hr \/>\n<p class=\"p2\">Orta okulu bitirir bitirmez ba\u015flad\u0131\u011f\u0131 meslek hayat\u0131nda T\u00fcrkiye\u2019de \u00f6nemli \u00fcst d\u00fczey g\u00f6revlerde bulunmu\u015ftur. \u00dcnl\u00fc \u015fefin<span class=\"Apple-converted-space\">\u00a0 <\/span>Amerika&#8217;n\u0131n \u00fcnl\u00fc gurme dergisi &#8220;Cul\u0131nary&#8221; de Trend Chef olarak biyografisi ve spesiyalleri yay\u0131nlanm\u0131\u015f yine ayn\u0131 derginin internet sitesinde spesiyalleri biyografisi yay\u0131nlanm\u0131\u015ft\u0131r.<\/p>\n<p><img loading=\"lazy\" decoding=\"async\" class=\"alignnone wp-image-251083 \" src=\"https:\/\/www.tgrthaber.com\/mavikadin\/wp-content\/uploads\/Ekran-Resmi-2025-10-19-08.15.55.png\" alt=\"\" width=\"1080\" height=\"663\" title=\"\" srcset=\"https:\/\/www.tgrthaber.com\/mavikadin\/wp-content\/uploads\/Ekran-Resmi-2025-10-19-08.15.55.png 994w, https:\/\/www.tgrthaber.com\/mavikadin\/wp-content\/uploads\/Ekran-Resmi-2025-10-19-08.15.55-300x184.png 300w, https:\/\/www.tgrthaber.com\/mavikadin\/wp-content\/uploads\/Ekran-Resmi-2025-10-19-08.15.55-768x471.png 768w\" sizes=\"(max-width: 1080px) 100vw, 1080px\" \/><\/p>\n<hr \/>\n<p class=\"p2\">Ad\u0131n\u0131 d\u00fcnyaya da duyuran Mehmet Yal\u00e7\u0131nkaya<span class=\"Apple-converted-space\">\u00a0 <\/span>2008 &#8216;Ika Olimpiyade Der K\u00f6che A&#8217; kategorisinde bronz madalya alarak d\u00fcnya \u00fc\u00e7\u00fcnc\u00fcs\u00fc olmu\u015ftur.<\/p>\n<p>&nbsp;<\/p>\n","protected":false},"excerpt":{"rendered":"<p>MasterChef j\u00fcrileri program\u0131n yan\u0131 s\u0131ra restoranlar\u0131nda uygulad\u0131klar\u0131 fiyat tarifesi ile s\u0131k s\u0131k g\u00fcndem olmaya devam ediyor. Son olarak Mehmet \u015fefin restoran\u0131na giderek tad\u0131m men\u00fcs\u00fc deneyen ki\u015finin  payla\u015ft\u0131\u011f\u0131 fiyat bilgisi sosyal medyay\u0131 aya\u011fa kald\u0131rd\u0131. \u015eimdi kullan\u0131c\u0131lar &#8216;Mehmet \u015fefin yemekleri bu kadar eder mi?&#8217; sorusuna cevap ar\u0131yor. \u0130\u015fte detaylar&#8230; <\/p>\n","protected":false},"author":16,"featured_media":251086,"comment_status":"closed","ping_status":"closed","sticky":false,"template":"","format":"standard","meta":{"rank_math_lock_modified_date":false,"footnotes":""},"categories":[76],"tags":[2218,64708,64709,64710],"class_list":["post-251077","post","type-post","status-publish","format-standard","has-post-thumbnail","hentry","category-magazin","tag-magazin-haberleri","tag-masterchef-mehmet-sef-restoran-fiyat","tag-masterchef-mehmet-sef-restoran-tadim-menu-fiyat","tag-masterchef-mehmet-yalcinkaya-kimdir"],"_links":{"self":[{"href":"https:\/\/www.tgrthaber.com\/mavikadin\/wp-json\/wp\/v2\/posts\/251077"}],"collection":[{"href":"https:\/\/www.tgrthaber.com\/mavikadin\/wp-json\/wp\/v2\/posts"}],"about":[{"href":"https:\/\/www.tgrthaber.com\/mavikadin\/wp-json\/wp\/v2\/types\/post"}],"author":[{"embeddable":true,"href":"https:\/\/www.tgrthaber.com\/mavikadin\/wp-json\/wp\/v2\/users\/16"}],"replies":[{"embeddable":true,"href":"https:\/\/www.tgrthaber.com\/mavikadin\/wp-json\/wp\/v2\/comments?post=251077"}],"version-history":[{"count":1,"href":"https:\/\/www.tgrthaber.com\/mavikadin\/wp-json\/wp\/v2\/posts\/251077\/revisions"}],"predecessor-version":[{"id":251085,"href":"https:\/\/www.tgrthaber.com\/mavikadin\/wp-json\/wp\/v2\/posts\/251077\/revisions\/251085"}],"wp:featuredmedia":[{"embeddable":true,"href":"https:\/\/www.tgrthaber.com\/mavikadin\/wp-json\/wp\/v2\/media\/251086"}],"wp:attachment":[{"href":"https:\/\/www.tgrthaber.com\/mavikadin\/wp-json\/wp\/v2\/media?parent=251077"}],"wp:term":[{"taxonomy":"category","embeddable":true,"href":"https:\/\/www.tgrthaber.com\/mavikadin\/wp-json\/wp\/v2\/categories?post=251077"},{"taxonomy":"post_tag","embeddable":true,"href":"https:\/\/www.tgrthaber.com\/mavikadin\/wp-json\/wp\/v2\/tags?post=251077"}],"curies":[{"name":"wp","href":"https:\/\/api.w.org\/{rel}","templated":true}]}}