{"id":251170,"date":"2025-10-19T14:02:15","date_gmt":"2025-10-19T11:02:15","guid":{"rendered":"https:\/\/www.tgrthaber.com\/mavikadin\/?p=251170"},"modified":"2025-10-19T14:02:15","modified_gmt":"2025-10-19T11:02:15","slug":"ulker-abla-dizisinin-yonetmeni-kesinlesti-omur-atay-bomba-gibi-geliyor","status":"publish","type":"post","link":"https:\/\/www.tgrthaber.com\/mavikadin\/ulker-abla-dizisinin-yonetmeni-kesinlesti-omur-atay-bomba-gibi-geliyor\/","title":{"rendered":"\u00dclker Abla dizisinin y\u00f6netmeni kesinle\u015fti! \u00d6m\u00fcr Atay bomba gibi geliyor"},"content":{"rendered":"<p>\u00dclker Abla dizisinin y\u00f6netmeni belli oldu. Merakla beklenen dizinin y\u00f6netmen koltu\u011funda \u00d6m\u00fcr Atay\u2019\u0131n oturaca\u011f\u0131 \u00f6\u011frenildi. Haz\u0131rl\u0131klar\u0131na t\u00fcm h\u0131z\u0131yla devam edilen dizi i\u00e7in geri say\u0131m ba\u015flad\u0131. \u00d6m\u00fcr Atay, Seray \u015eahiner\u2019in \u00f6d\u00fcll\u00fc kitab\u0131 \u2018\u00dclker Abla\u2019dan uyarlanan dizi ile anla\u015ft\u0131.<\/p>\n<h3>\u00dcLKER ABLA D\u0130Z\u0130S\u0130N\u0130N Y\u00d6NETMEN\u0130 KES\u0130NLE\u015eT\u0130!<\/h3>\n<p>\u00dclker Abla dizisi i\u00e7in haz\u0131rl\u0131klar t\u00fcm h\u0131z\u0131yla devam ediyor. Merakla beklenen dizinin y\u00f6netmeni de kesinle\u015fti. <a href=\"https:\/\/www.tgrthaber.com\/mavikadin\/gold-yapimdan-bir-dizi-daha-geliyor-senaryosunu-seray-sahiner-kaleme-alacak\/\">Gold Film\u2019in<\/a> NOW TV i\u00e7in \u00e7ekece\u011fi \u00dclker Abla dizisinin yeni y\u0131lda ekrana gelmesi planlan\u0131yor. Seray \u015eahiner\u2019in \u00f6d\u00fcll\u00fc kitab\u0131 \u2018\u00dclker Abla\u2019dan uyarlanarak ekranlara gelecek olan dizi i\u00e7in geri say\u0131m ba\u015flad\u0131.<\/p>\n<p><img loading=\"lazy\" decoding=\"async\" class=\"size-full wp-image-251175\" src=\"https:\/\/www.tgrthaber.com\/mavikadin\/wp-content\/uploads\/Ulker-Abla-dizi-6.jpg\" alt=\"\u00dclker Abla dizisinin y\u00f6netmeni kesinle\u015fti! \u00d6m\u00fcr Atay bomba gibi geliyor\" width=\"1208\" height=\"680\" title=\"\" srcset=\"https:\/\/www.tgrthaber.com\/mavikadin\/wp-content\/uploads\/Ulker-Abla-dizi-6.jpg 1208w, https:\/\/www.tgrthaber.com\/mavikadin\/wp-content\/uploads\/Ulker-Abla-dizi-6-300x169.jpg 300w, https:\/\/www.tgrthaber.com\/mavikadin\/wp-content\/uploads\/Ulker-Abla-dizi-6-1024x576.jpg 1024w, https:\/\/www.tgrthaber.com\/mavikadin\/wp-content\/uploads\/Ulker-Abla-dizi-6-768x432.jpg 768w\" sizes=\"(max-width: 1208px) 100vw, 1208px\" \/><\/p>\n<hr \/>\n<p>Oyuncu g\u00f6r\u00fc\u015fmeleri b\u00fcy\u00fck bir \u00f6zveriyle s\u00fcren \u00dclker Abla dizisini ba\u015far\u0131l\u0131 kalem Seray \u015eahiner kaleme al\u0131yor. \u015eahiner\u2019in ayn\u0131 adl\u0131 eserinden ekrana uyarlanacak dizi, projede kocas\u0131n\u0131n \u015fiddetine dayanamayan, bir gece can havliyle evden ka\u00e7\u0131p bir hastaneye s\u0131\u011f\u0131nan ve orada kalabilmek i\u00e7in kimsesiz insanlara refakat\u00e7ilik eden \u00dclker ablan\u0131n etkileyici hik\u00e2yesini konu al\u0131yor.<\/p>\n<p><img loading=\"lazy\" decoding=\"async\" class=\"size-full wp-image-251177\" src=\"https:\/\/www.tgrthaber.com\/mavikadin\/wp-content\/uploads\/Ulker-Abla-dizi-1.jpg\" alt=\"\u00dclker Abla dizisinin y\u00f6netmeni kesinle\u015fti! \u00d6m\u00fcr Atay bomba gibi geliyor\" width=\"1208\" height=\"680\" title=\"\" srcset=\"https:\/\/www.tgrthaber.com\/mavikadin\/wp-content\/uploads\/Ulker-Abla-dizi-1.jpg 1208w, https:\/\/www.tgrthaber.com\/mavikadin\/wp-content\/uploads\/Ulker-Abla-dizi-1-300x169.jpg 300w, https:\/\/www.tgrthaber.com\/mavikadin\/wp-content\/uploads\/Ulker-Abla-dizi-1-1024x576.jpg 1024w, https:\/\/www.tgrthaber.com\/mavikadin\/wp-content\/uploads\/Ulker-Abla-dizi-1-768x432.jpg 768w\" sizes=\"(max-width: 1208px) 100vw, 1208px\" \/><\/p>\n<hr \/>\n<p>Faruk Turgut\u2019un yap\u0131mc\u0131l\u0131\u011f\u0131n\u0131 \u00fcstlendi\u011fi \u00dclker Abla dizisinin haz\u0131rl\u0131k a\u015famalar\u0131 s\u00fcr\u00fcyor. Dizinin kanal\u0131 ve oyuncular\u0131 hen\u00fcz belli de\u011filken, y\u00f6netmeni kesinle\u015fti. Yava\u015f yava\u015f kadrosunu tamamlayan dizinin ilk olarak y\u00f6netmeni belli oldu. Okuyan herkesin etkilendi\u011fi bu kitab\u0131n dizi uyarlamas\u0131 da \u015fimdiden b\u00fcy\u00fck ses getirece\u011fe benziyor.<\/p>\n<p><img loading=\"lazy\" decoding=\"async\" class=\"size-full wp-image-251174\" src=\"https:\/\/www.tgrthaber.com\/mavikadin\/wp-content\/uploads\/Ulker-Abla-dizi-5.jpg\" alt=\"\u00dclker Abla dizisinin y\u00f6netmeni kesinle\u015fti! \u00d6m\u00fcr Atay bomba gibi geliyor\" width=\"1208\" height=\"680\" title=\"\" srcset=\"https:\/\/www.tgrthaber.com\/mavikadin\/wp-content\/uploads\/Ulker-Abla-dizi-5.jpg 1208w, https:\/\/www.tgrthaber.com\/mavikadin\/wp-content\/uploads\/Ulker-Abla-dizi-5-300x169.jpg 300w, https:\/\/www.tgrthaber.com\/mavikadin\/wp-content\/uploads\/Ulker-Abla-dizi-5-1024x576.jpg 1024w, https:\/\/www.tgrthaber.com\/mavikadin\/wp-content\/uploads\/Ulker-Abla-dizi-5-768x432.jpg 768w\" sizes=\"(max-width: 1208px) 100vw, 1208px\" \/><\/p>\n<hr \/>\n<h3>\u00d6M\u00dcR ATAY, \u00dcLKER ABLA D\u0130Z\u0130S\u0130N\u0130N Y\u00d6NETMEN\u0130 OLDU!<\/h3>\n<p>Gazeteci Birsen Altunta\u015f&#8217;\u0131n haberine g\u00f6re; son olarak NOW TV ekranlar\u0131n\u0131n ba\u015far\u0131l\u0131 dizisi K\u0131z\u0131l Goncalar\u2019\u0131n y\u00f6netmen koltu\u011funda oturan \u00d6m\u00fcr Atay, \u00dclker Abla dizisiyle anla\u015ft\u0131. \u00d6d\u00fcll\u00fc y\u00f6netmen Atay, etkileyici hikayesiyle izleyicileri ekrana kilitleyecek olan dizide yer alacak.<\/p>\n<p><img loading=\"lazy\" decoding=\"async\" class=\"size-full wp-image-251173\" src=\"https:\/\/www.tgrthaber.com\/mavikadin\/wp-content\/uploads\/Ulker-Abla-dizi-4.jpg\" alt=\"\u00dclker Abla dizisinin y\u00f6netmeni kesinle\u015fti! \u00d6m\u00fcr Atay bomba gibi geliyor\" width=\"1208\" height=\"680\" title=\"\" srcset=\"https:\/\/www.tgrthaber.com\/mavikadin\/wp-content\/uploads\/Ulker-Abla-dizi-4.jpg 1208w, https:\/\/www.tgrthaber.com\/mavikadin\/wp-content\/uploads\/Ulker-Abla-dizi-4-300x169.jpg 300w, https:\/\/www.tgrthaber.com\/mavikadin\/wp-content\/uploads\/Ulker-Abla-dizi-4-1024x576.jpg 1024w, https:\/\/www.tgrthaber.com\/mavikadin\/wp-content\/uploads\/Ulker-Abla-dizi-4-768x432.jpg 768w\" sizes=\"(max-width: 1208px) 100vw, 1208px\" \/><\/p>\n<hr \/>\n<h3>\u00d6M\u00dcR ATAY K\u0130MD\u0130R?<\/h3>\n<p>\u00d6m\u00fcr Atay, y\u00f6netmen ve senaristtir. 1 Ocak 1969 tarihinde d\u00fcnyaya gelen Atay, 9 Eyl\u00fcl \u00dcniversitesi G\u00fczel Sanatlar Fak\u00fcltesi Sinema B\u00f6l\u00fcm\u00fc ve Marmara \u00dcniversitesi Sinema Televizyon B\u00f6l\u00fcm\u00fc mezunudur. \u00c7ok say\u0131da k\u0131sa filme imza atan Atay, 1992 y\u0131l\u0131ndan itibaren sinema sekt\u00f6r\u00fcnde yerini almaktad\u0131r.<\/p>\n<p><img loading=\"lazy\" decoding=\"async\" class=\"size-full wp-image-251172\" src=\"https:\/\/www.tgrthaber.com\/mavikadin\/wp-content\/uploads\/Ulker-Abla-dizi-3.jpg\" alt=\"\u00dclker Abla dizisinin y\u00f6netmeni kesinle\u015fti! \u00d6m\u00fcr Atay bomba gibi geliyor\" width=\"1208\" height=\"680\" title=\"\" srcset=\"https:\/\/www.tgrthaber.com\/mavikadin\/wp-content\/uploads\/Ulker-Abla-dizi-3.jpg 1208w, https:\/\/www.tgrthaber.com\/mavikadin\/wp-content\/uploads\/Ulker-Abla-dizi-3-300x169.jpg 300w, https:\/\/www.tgrthaber.com\/mavikadin\/wp-content\/uploads\/Ulker-Abla-dizi-3-1024x576.jpg 1024w, https:\/\/www.tgrthaber.com\/mavikadin\/wp-content\/uploads\/Ulker-Abla-dizi-3-768x432.jpg 768w\" sizes=\"(max-width: 1208px) 100vw, 1208px\" \/><\/p>\n<hr \/>\n<p>Son olarak 2023-2025 y\u0131llar\u0131 aras\u0131nda NOW TV ekranlar\u0131nda yay\u0131nlanan K\u0131z\u0131l Goncalar dizisinde boy g\u00f6steren \u00d6m\u00fcr Atay, bir\u00e7ok dizi ve film projesinde boy g\u00f6sterdi.<\/p>\n<p><img loading=\"lazy\" decoding=\"async\" class=\"size-full wp-image-251171\" src=\"https:\/\/www.tgrthaber.com\/mavikadin\/wp-content\/uploads\/Ulker-Abla-dizi-2.jpg\" alt=\"\u00dclker Abla dizisinin y\u00f6netmeni kesinle\u015fti! \u00d6m\u00fcr Atay bomba gibi geliyor\" width=\"1208\" height=\"680\" title=\"\" srcset=\"https:\/\/www.tgrthaber.com\/mavikadin\/wp-content\/uploads\/Ulker-Abla-dizi-2.jpg 1208w, https:\/\/www.tgrthaber.com\/mavikadin\/wp-content\/uploads\/Ulker-Abla-dizi-2-300x169.jpg 300w, https:\/\/www.tgrthaber.com\/mavikadin\/wp-content\/uploads\/Ulker-Abla-dizi-2-1024x576.jpg 1024w, https:\/\/www.tgrthaber.com\/mavikadin\/wp-content\/uploads\/Ulker-Abla-dizi-2-768x432.jpg 768w\" sizes=\"(max-width: 1208px) 100vw, 1208px\" \/><\/p>\n","protected":false},"excerpt":{"rendered":"<p>Seray \u015eahiner\u2019in \u00f6d\u00fcll\u00fc kitab\u0131 \u2018\u00dclker Abla\u2019 diziye uyarlan\u0131yor. Dizinin y\u00f6netmen koltu\u011funda ise usta y\u00f6netmen \u00d6m\u00fcr Atay oturuyor. \u0130\u015fte detaylar\u2026<\/p>\n","protected":false},"author":26,"featured_media":251176,"comment_status":"closed","ping_status":"closed","sticky":false,"template":"","format":"standard","meta":{"rank_math_lock_modified_date":false,"footnotes":""},"categories":[602],"tags":[32159,2628,3602,64717,61427,64718],"class_list":["post-251170","post","type-post","status-publish","format-standard","has-post-thumbnail","hentry","category-diziler","tag-dizi","tag-dizi-haberleri","tag-diziler","tag-omur-atay","tag-ulker-abla","tag-ulker-abla-dizisi"],"_links":{"self":[{"href":"https:\/\/www.tgrthaber.com\/mavikadin\/wp-json\/wp\/v2\/posts\/251170"}],"collection":[{"href":"https:\/\/www.tgrthaber.com\/mavikadin\/wp-json\/wp\/v2\/posts"}],"about":[{"href":"https:\/\/www.tgrthaber.com\/mavikadin\/wp-json\/wp\/v2\/types\/post"}],"author":[{"embeddable":true,"href":"https:\/\/www.tgrthaber.com\/mavikadin\/wp-json\/wp\/v2\/users\/26"}],"replies":[{"embeddable":true,"href":"https:\/\/www.tgrthaber.com\/mavikadin\/wp-json\/wp\/v2\/comments?post=251170"}],"version-history":[{"count":1,"href":"https:\/\/www.tgrthaber.com\/mavikadin\/wp-json\/wp\/v2\/posts\/251170\/revisions"}],"predecessor-version":[{"id":251178,"href":"https:\/\/www.tgrthaber.com\/mavikadin\/wp-json\/wp\/v2\/posts\/251170\/revisions\/251178"}],"wp:featuredmedia":[{"embeddable":true,"href":"https:\/\/www.tgrthaber.com\/mavikadin\/wp-json\/wp\/v2\/media\/251176"}],"wp:attachment":[{"href":"https:\/\/www.tgrthaber.com\/mavikadin\/wp-json\/wp\/v2\/media?parent=251170"}],"wp:term":[{"taxonomy":"category","embeddable":true,"href":"https:\/\/www.tgrthaber.com\/mavikadin\/wp-json\/wp\/v2\/categories?post=251170"},{"taxonomy":"post_tag","embeddable":true,"href":"https:\/\/www.tgrthaber.com\/mavikadin\/wp-json\/wp\/v2\/tags?post=251170"}],"curies":[{"name":"wp","href":"https:\/\/api.w.org\/{rel}","templated":true}]}}