{"id":251179,"date":"2025-10-19T14:19:10","date_gmt":"2025-10-19T11:19:10","guid":{"rendered":"https:\/\/www.tgrthaber.com\/mavikadin\/?p=251179"},"modified":"2025-10-19T14:20:47","modified_gmt":"2025-10-19T11:20:47","slug":"sahtekarlar-dizisinin-simlasi-ipek-ozagan-kimdir-ipek-ozagan-kac-yasinda-hangi-dizilerde-oynadi","status":"publish","type":"post","link":"https:\/\/www.tgrthaber.com\/mavikadin\/sahtekarlar-dizisinin-simlasi-ipek-ozagan-kimdir-ipek-ozagan-kac-yasinda-hangi-dizilerde-oynadi\/","title":{"rendered":"Sahtekarlar dizisinin Simla\u2019s\u0131 \u0130pek \u00d6za\u011fan kimdir? \u0130pek \u00d6za\u011fan ka\u00e7 ya\u015f\u0131nda, hangi dizilerde oynad\u0131?"},"content":{"rendered":"<p>\u0130pek \u00d6za\u011fan, NOW TV ekranlar\u0131n\u0131n yeni iddial\u0131 dizisi Sahtekarlar\u2019da \u2018Simla\u2019 karakteriyle izleyici kar\u015f\u0131s\u0131na \u00e7\u0131k\u0131yor. Dizide olduk\u00e7a dikkat \u00e7ekici bir karakteri oynayan \u0130pek \u00d6za\u011fan\u2019\u0131n \u00f6zel hayat\u0131 ara\u015ft\u0131r\u0131l\u0131yor. <a href=\"https:\/\/www.tgrthaber.com\/mavikadin\/sahtekarlar-dizisinin-tahasi-can-bartu-aslan-kimdir-can-bartu-aslan-nereli-hangi-dizilerde-oynadi\/\">Sahtekarlar<\/a> dizisi hem konusu hem de g\u00fc\u00e7l\u00fc oyuncu kadrosuyla dikkat \u00e7ekiyor. Peki, \u0130pek \u00d6za\u011fan kimdir? \u0130pek \u00d6za\u011fan ka\u00e7 ya\u015f\u0131nda? \u0130pek \u00d6za\u011fan hangi dizilerde oynad\u0131? \u0130pek \u00d6za\u011fan hakk\u0131nda merak edilenleri sizin i\u00e7in ara\u015ft\u0131rd\u0131k. \u0130\u015fte \u0130pek \u00d6za\u011fan\u2019a dair bilinmeyenler\u2026<\/p>\n<h3>\u0130PEK \u00d6ZA\u011eAN K\u0130MD\u0130R?<\/h3>\n<p>\u0130pek \u00d6za\u011fan, son zamanlar\u0131n dikkat \u00e7ekici oyuncular\u0131ndan biridir. Tiyatro, sinema, dizi ve film oyuncusu olarak kariyerine devam eden \u00d6za\u011fan, 31 Aral\u0131k 1991 y\u0131l\u0131nda \u0130stanbul\u2019da d\u00fcnyaya geldi. \u0130lkokul, ortaokul ve lise e\u011fitimini ba\u015far\u0131yla tamamlayan \u00d6za\u011fan, daha sonra \u00fcniversite e\u011fitimindeki ba\u015far\u0131s\u0131yla dikkat \u00e7ekti.<\/p>\n<p><img loading=\"lazy\" decoding=\"async\" class=\"size-full wp-image-251182\" src=\"https:\/\/www.tgrthaber.com\/mavikadin\/wp-content\/uploads\/Ipek-Ozagan-3.jpg\" alt=\"Sahtekarlar dizisinin Simla\u2019s\u0131 \u0130pek \u00d6za\u011fan kimdir? \u0130pek \u00d6za\u011fan ka\u00e7 ya\u015f\u0131nda, hangi dizilerde oynad\u0131? \" width=\"1208\" height=\"680\" title=\"\" srcset=\"https:\/\/www.tgrthaber.com\/mavikadin\/wp-content\/uploads\/Ipek-Ozagan-3.jpg 1208w, https:\/\/www.tgrthaber.com\/mavikadin\/wp-content\/uploads\/Ipek-Ozagan-3-300x169.jpg 300w, https:\/\/www.tgrthaber.com\/mavikadin\/wp-content\/uploads\/Ipek-Ozagan-3-1024x576.jpg 1024w, https:\/\/www.tgrthaber.com\/mavikadin\/wp-content\/uploads\/Ipek-Ozagan-3-768x432.jpg 768w\" sizes=\"(max-width: 1208px) 100vw, 1208px\" \/><\/p>\n<hr \/>\n<p>\u0130pek \u00d6za\u011fan, ilk olarak \u00fcniversite e\u011fitimini 2018 y\u0131l\u0131nda Bilgi \u00dcniversitesi Sahne Sanatlar\u0131 B\u00f6l\u00fcm\u00fc\u2019nde tamamlayarak mezun oldu. Daha sonra 2021 y\u0131l\u0131nda Kadir Has \u00dcniversitesi Film ve Drama B\u00f6l\u00fcm\u00fc\u2019nden mezun olarak \u00fcniversite e\u011fitimini tamamlad\u0131.<\/p>\n<p><img loading=\"lazy\" decoding=\"async\" class=\"size-full wp-image-251184\" src=\"https:\/\/www.tgrthaber.com\/mavikadin\/wp-content\/uploads\/Ipek-Ozagan-5.jpg\" alt=\"Sahtekarlar dizisinin Simla\u2019s\u0131 \u0130pek \u00d6za\u011fan kimdir? \u0130pek \u00d6za\u011fan ka\u00e7 ya\u015f\u0131nda, hangi dizilerde oynad\u0131? \" width=\"1208\" height=\"680\" title=\"\" srcset=\"https:\/\/www.tgrthaber.com\/mavikadin\/wp-content\/uploads\/Ipek-Ozagan-5.jpg 1208w, https:\/\/www.tgrthaber.com\/mavikadin\/wp-content\/uploads\/Ipek-Ozagan-5-300x169.jpg 300w, https:\/\/www.tgrthaber.com\/mavikadin\/wp-content\/uploads\/Ipek-Ozagan-5-1024x576.jpg 1024w, https:\/\/www.tgrthaber.com\/mavikadin\/wp-content\/uploads\/Ipek-Ozagan-5-768x432.jpg 768w\" sizes=\"(max-width: 1208px) 100vw, 1208px\" \/><\/p>\n<hr \/>\n<h3>\u0130PEK \u00d6ZA\u011eAN KA\u00c7 YA\u015eINDA?<\/h3>\n<p>1991 do\u011fumlu \u0130pek \u00d6za\u011fan, 2025 y\u0131l\u0131 itibar\u0131yla 34 ya\u015f\u0131ndad\u0131r. Oyunculuk kariyerine tiyatro \u00e7al\u0131\u015fmalar\u0131yla ba\u015flayan \u00d6za\u011fan, 2011 y\u0131l\u0131ndan itibaren bir\u00e7ok tiyatro, dizi ve film projesinde yer ald\u0131.<\/p>\n<p><img loading=\"lazy\" decoding=\"async\" class=\"size-full wp-image-251181\" src=\"https:\/\/www.tgrthaber.com\/mavikadin\/wp-content\/uploads\/Ipek-Ozagan-2.jpg\" alt=\"Sahtekarlar dizisinin Simla\u2019s\u0131 \u0130pek \u00d6za\u011fan kimdir? \u0130pek \u00d6za\u011fan ka\u00e7 ya\u015f\u0131nda, hangi dizilerde oynad\u0131? \" width=\"1208\" height=\"680\" title=\"\" srcset=\"https:\/\/www.tgrthaber.com\/mavikadin\/wp-content\/uploads\/Ipek-Ozagan-2.jpg 1208w, https:\/\/www.tgrthaber.com\/mavikadin\/wp-content\/uploads\/Ipek-Ozagan-2-300x169.jpg 300w, https:\/\/www.tgrthaber.com\/mavikadin\/wp-content\/uploads\/Ipek-Ozagan-2-1024x576.jpg 1024w, https:\/\/www.tgrthaber.com\/mavikadin\/wp-content\/uploads\/Ipek-Ozagan-2-768x432.jpg 768w\" sizes=\"(max-width: 1208px) 100vw, 1208px\" \/><\/p>\n<hr \/>\n<p>\u0130lk profesyonel oyunculuk deneyimini 2011 y\u0131l\u0131nda \u2018Umutsuz Ev Kad\u0131nlar\u0131\u2019 dizisiyle ger\u00e7ekle\u015ftiren \u0130pek \u00d6za\u011fan, son olarak \u2018Sand\u0131k Kokusu\u2019 dizisinde \u2018Nazl\u0131\u2019 karakteriyle ekranlara geldi. Ba\u015far\u0131l\u0131 oyunculu\u011fuyla dikkatleri \u00fczerine \u00e7eken \u00d6za\u011fan, oyunculuk kariyerini t\u00fcm h\u0131z\u0131yla devam ettiriyor.<\/p>\n<p><img loading=\"lazy\" decoding=\"async\" class=\"size-full wp-image-251183\" src=\"https:\/\/www.tgrthaber.com\/mavikadin\/wp-content\/uploads\/Ipek-Ozagan-4.jpg\" alt=\"Sahtekarlar dizisinin Simla\u2019s\u0131 \u0130pek \u00d6za\u011fan kimdir? \u0130pek \u00d6za\u011fan ka\u00e7 ya\u015f\u0131nda, hangi dizilerde oynad\u0131? \" width=\"1208\" height=\"680\" title=\"\" srcset=\"https:\/\/www.tgrthaber.com\/mavikadin\/wp-content\/uploads\/Ipek-Ozagan-4.jpg 1208w, https:\/\/www.tgrthaber.com\/mavikadin\/wp-content\/uploads\/Ipek-Ozagan-4-300x169.jpg 300w, https:\/\/www.tgrthaber.com\/mavikadin\/wp-content\/uploads\/Ipek-Ozagan-4-1024x576.jpg 1024w, https:\/\/www.tgrthaber.com\/mavikadin\/wp-content\/uploads\/Ipek-Ozagan-4-768x432.jpg 768w\" sizes=\"(max-width: 1208px) 100vw, 1208px\" \/><\/p>\n<hr \/>\n<h3>\u0130PEK \u00d6ZA\u011eAN HANG\u0130 D\u0130Z\u0130LERDE OYNADI?<\/h3>\n<p>2011 y\u0131l\u0131ndan bu yana ba\u015far\u0131l\u0131 oyunculuk kariyerini s\u00fcrd\u00fcren \u0130pek \u00d6za\u011fan, ilk deneyimini \u2018Umutsuz Ev Kad\u0131nlar\u0131\u2019 dizisiyle ger\u00e7ekle\u015ftirdikten sonra bir\u00e7ok ba\u015far\u0131l\u0131 projede boy g\u00f6sterdi.<\/p>\n<p><img loading=\"lazy\" decoding=\"async\" class=\"size-full wp-image-251187\" src=\"https:\/\/www.tgrthaber.com\/mavikadin\/wp-content\/uploads\/Ipek-Ozagan-8.jpg\" alt=\"Sahtekarlar dizisinin Simla\u2019s\u0131 \u0130pek \u00d6za\u011fan kimdir? \u0130pek \u00d6za\u011fan ka\u00e7 ya\u015f\u0131nda, hangi dizilerde oynad\u0131? \" width=\"1208\" height=\"680\" title=\"\" srcset=\"https:\/\/www.tgrthaber.com\/mavikadin\/wp-content\/uploads\/Ipek-Ozagan-8.jpg 1208w, https:\/\/www.tgrthaber.com\/mavikadin\/wp-content\/uploads\/Ipek-Ozagan-8-300x169.jpg 300w, https:\/\/www.tgrthaber.com\/mavikadin\/wp-content\/uploads\/Ipek-Ozagan-8-1024x576.jpg 1024w, https:\/\/www.tgrthaber.com\/mavikadin\/wp-content\/uploads\/Ipek-Ozagan-8-768x432.jpg 768w\" sizes=\"(max-width: 1208px) 100vw, 1208px\" \/><\/p>\n<hr \/>\n<p>\u2018Vermem Seni Ellere\u2019 dizisinde oynad\u0131\u011f\u0131 karakterle dikkatleri \u00fczerine \u00e7eken \u0130pek \u00d6za\u011fan, \u015fimdilerde NOW TV ekranlar\u0131n\u0131n iddial\u0131 dizisi <a href=\"https:\/\/www.tgrthaber.com\/mavikadin\/sahtekarlar-ertani-burak-deniz-kimdir-burak-deniz-kac-yasinda-hangi-projelerde-rol-aldi\/\">Sahtekarlar\u2019da<\/a> \u2018Simla\u2019 karakteriyle izleyici kar\u015f\u0131s\u0131na \u00e7\u0131k\u0131yor. \u0130\u015fte \u0130pek \u00d6za\u011fan\u2019\u0131n rol ald\u0131\u011f\u0131 dizi projeleri\u2026<\/p>\n<p><img loading=\"lazy\" decoding=\"async\" class=\"size-full wp-image-251188\" src=\"https:\/\/www.tgrthaber.com\/mavikadin\/wp-content\/uploads\/Ipek-Ozagan-1.jpg\" alt=\"Sahtekarlar dizisinin Simla\u2019s\u0131 \u0130pek \u00d6za\u011fan kimdir? \u0130pek \u00d6za\u011fan ka\u00e7 ya\u015f\u0131nda, hangi dizilerde oynad\u0131? \" width=\"1208\" height=\"680\" title=\"\" srcset=\"https:\/\/www.tgrthaber.com\/mavikadin\/wp-content\/uploads\/Ipek-Ozagan-1.jpg 1208w, https:\/\/www.tgrthaber.com\/mavikadin\/wp-content\/uploads\/Ipek-Ozagan-1-300x169.jpg 300w, https:\/\/www.tgrthaber.com\/mavikadin\/wp-content\/uploads\/Ipek-Ozagan-1-1024x576.jpg 1024w, https:\/\/www.tgrthaber.com\/mavikadin\/wp-content\/uploads\/Ipek-Ozagan-1-768x432.jpg 768w\" sizes=\"(max-width: 1208px) 100vw, 1208px\" \/><\/p>\n<hr \/>\n<ul>\n<li>Sahtekarlar \u2013 2025<\/li>\n<li>Sand\u0131k Kokusu \u2013 2024-2025<\/li>\n<li>Vermem Seni Ellere \u2013 2023<\/li>\n<li>Kara Tahta \u2013 2022<\/li>\n<li>Verda \u2013 2019<\/li>\n<li>Aslan Ailem \u2013 2017<\/li>\n<li>Deli G\u00f6n\u00fcl \u2013 2017<\/li>\n<li>G\u00fcllerin Sava\u015f\u0131 \u2013 2014-2016<\/li>\n<li>Umutsuz Ev Kad\u0131nlar\u0131 \u2013 2011-2014<\/li>\n<\/ul>\n<h3>SAHTEKARLAR S\u0130MLA K\u0130MD\u0130R?<\/h3>\n<p>Sahtekarlar dizisi NOW TV ekranlar\u0131nda izleyici kar\u015f\u0131s\u0131na \u00e7\u0131k\u0131yor. G\u00fc\u00e7l\u00fc oyuncu kadrosu ve etkileyici hikayesiyle dikkat \u00e7eken dizide Simla karakteri de merakla ara\u015ft\u0131r\u0131l\u0131yor. Dizide Simla karakterini \u0130pek \u00d6za\u011fan oynuyor.<\/p>\n<p><img loading=\"lazy\" decoding=\"async\" class=\"size-full wp-image-251186\" src=\"https:\/\/www.tgrthaber.com\/mavikadin\/wp-content\/uploads\/Ipek-Ozagan-7.jpg\" alt=\"Sahtekarlar dizisinin Simla\u2019s\u0131 \u0130pek \u00d6za\u011fan kimdir? \u0130pek \u00d6za\u011fan ka\u00e7 ya\u015f\u0131nda, hangi dizilerde oynad\u0131? \" width=\"1208\" height=\"680\" title=\"\" srcset=\"https:\/\/www.tgrthaber.com\/mavikadin\/wp-content\/uploads\/Ipek-Ozagan-7.jpg 1208w, https:\/\/www.tgrthaber.com\/mavikadin\/wp-content\/uploads\/Ipek-Ozagan-7-300x169.jpg 300w, https:\/\/www.tgrthaber.com\/mavikadin\/wp-content\/uploads\/Ipek-Ozagan-7-1024x576.jpg 1024w, https:\/\/www.tgrthaber.com\/mavikadin\/wp-content\/uploads\/Ipek-Ozagan-7-768x432.jpg 768w\" sizes=\"(max-width: 1208px) 100vw, 1208px\" \/><\/p>\n<hr \/>\n<p>Sahtekarlar dizisinde Simla karakteri, kusursuz imaj\u0131n buzdan y\u00fcz\u00fc bir k\u0131zd\u0131r. Herkese olan mesafesiyle dikkatleri \u00fczerine \u00e7eken Simla, ne sevgiye ne merhamete yer b\u0131rakan so\u011fuk bir ruhtur. Simla\u2019n\u0131n t\u00fcm hayat\u0131 kendi olu\u015fturdu\u011fu derin bir yaln\u0131zl\u0131\u011f\u0131d\u0131r.<\/p>\n","protected":false},"excerpt":{"rendered":"<p>Sahtekarlar dizisinde \u2018Simla\u2019 karakteriyle izleyici kar\u015f\u0131s\u0131na \u00e7\u0131kan \u0130pek \u00d6za\u011fan\u2019\u0131n kim oldu\u011fu merak ediliyor. Peki, \u0130pek \u00d6za\u011fan kimdir? \u0130pek \u00d6za\u011fan ka\u00e7 ya\u015f\u0131nda, hangi dizilerde oynad\u0131? \u0130\u015fte detaylar\u2026<\/p>\n","protected":false},"author":26,"featured_media":251185,"comment_status":"closed","ping_status":"closed","sticky":false,"template":"","format":"standard","meta":{"rank_math_lock_modified_date":false,"footnotes":""},"categories":[491],"tags":[3374,16521,54815,64720,30619,64297,64719],"class_list":["post-251179","post","type-post","status-publish","format-standard","has-post-thumbnail","hentry","category-biyografi","tag-biyografi","tag-biyografi-haberleri","tag-ipek-ozagan","tag-ipek-ozagan-kimdir","tag-sahtekarlar","tag-sahtekarlar-dizi","tag-sahtekarlar-simla"],"_links":{"self":[{"href":"https:\/\/www.tgrthaber.com\/mavikadin\/wp-json\/wp\/v2\/posts\/251179"}],"collection":[{"href":"https:\/\/www.tgrthaber.com\/mavikadin\/wp-json\/wp\/v2\/posts"}],"about":[{"href":"https:\/\/www.tgrthaber.com\/mavikadin\/wp-json\/wp\/v2\/types\/post"}],"author":[{"embeddable":true,"href":"https:\/\/www.tgrthaber.com\/mavikadin\/wp-json\/wp\/v2\/users\/26"}],"replies":[{"embeddable":true,"href":"https:\/\/www.tgrthaber.com\/mavikadin\/wp-json\/wp\/v2\/comments?post=251179"}],"version-history":[{"count":4,"href":"https:\/\/www.tgrthaber.com\/mavikadin\/wp-json\/wp\/v2\/posts\/251179\/revisions"}],"predecessor-version":[{"id":251192,"href":"https:\/\/www.tgrthaber.com\/mavikadin\/wp-json\/wp\/v2\/posts\/251179\/revisions\/251192"}],"wp:featuredmedia":[{"embeddable":true,"href":"https:\/\/www.tgrthaber.com\/mavikadin\/wp-json\/wp\/v2\/media\/251185"}],"wp:attachment":[{"href":"https:\/\/www.tgrthaber.com\/mavikadin\/wp-json\/wp\/v2\/media?parent=251179"}],"wp:term":[{"taxonomy":"category","embeddable":true,"href":"https:\/\/www.tgrthaber.com\/mavikadin\/wp-json\/wp\/v2\/categories?post=251179"},{"taxonomy":"post_tag","embeddable":true,"href":"https:\/\/www.tgrthaber.com\/mavikadin\/wp-json\/wp\/v2\/tags?post=251179"}],"curies":[{"name":"wp","href":"https:\/\/api.w.org\/{rel}","templated":true}]}}